{"id":74539,"date":"2025-05-21T11:07:25","date_gmt":"2025-05-21T09:07:25","guid":{"rendered":"https:\/\/www.italtel.com\/may-21st-international-day-for-cultural-diversity-dialogue-and-development\/"},"modified":"2025-05-21T11:16:52","modified_gmt":"2025-05-21T09:16:52","slug":"21-maggio-giornata-mondiale-della-diversita-culturale-per-il-dialogo-e-lo-sviluppo","status":"publish","type":"post","link":"https:\/\/www.italtel.com\/it\/21-maggio-giornata-mondiale-della-diversita-culturale-per-il-dialogo-e-lo-sviluppo\/","title":{"rendered":"21 maggio: Giornata mondiale della diversit\u00e0 culturale per il dialogo e lo sviluppo"},"content":{"rendered":"\n<div class=\"row\"  id=\"row-2092142729\">\n\n\n\t<div id=\"col-21542679\" class=\"col medium-9 small-12 large-9\"  >\n\t\t\t\t<div class=\"col-inner\"  >\n\t\t\t\n\t\t\t\n\n\t<div id=\"text-2147538981\" class=\"text fontsize_18 color_black\">\n\t\t\n\n<p class=\"\" data-start=\"1211\" data-end=\"1535\">In Italtel, la diversit\u00e0 culturale non \u00e8 solo un valore, ma una parte fondamentale della nostra identit\u00e0. Le nostre persone \u2013 in Italia e nel mondo \u2013 rappresentano 22 nazionalit\u00e0 diverse e portano con s\u00e9 prospettive, competenze e visioni che ci aiutano ogni giorno a costruire un\u2019azienda pi\u00f9 inclusiva, aperta e consapevole.<\/p>\n<p class=\"\" data-start=\"1537\" data-end=\"1706\">Crediamo fortemente che il dialogo tra culture sia un motore potente di innovazione e coesione, capace di trasformare le differenze in opportunit\u00e0 di crescita condivisa.<\/p>\n<p class=\"\" data-start=\"1708\" data-end=\"1905\">Un principio che guida anche il nostro impegno in ambito ESG, attraverso azioni concrete volte a garantire benessere, equit\u00e0 e partecipazione attiva per tutte le persone che fanno parte di Italtel.<\/p>\n<p class=\"\" data-start=\"1907\" data-end=\"1991\">Perch\u00e9 solo valorizzando ogni voce possiamo costruire un futuro davvero sostenibile<\/p>\n\t\t\t<\/div>\n\t\n<div class=\"video video-fit mb\" style=\"padding-top:56.25%;\"><iframe loading=\"lazy\" title=\"International Day for Cultural Diversity, Dialogue and Development\" width=\"1020\" height=\"574\" src=\"https:\/\/www.youtube.com\/embed\/GScUyc62FKg?feature=oembed\" frameborder=\"0\" allow=\"accelerometer; autoplay; clipboard-write; encrypted-media; gyroscope; picture-in-picture; web-share\" referrerpolicy=\"strict-origin-when-cross-origin\" allowfullscreen><\/iframe><\/div>\n\n\n\t\t<\/div>\n\t\t\t\t\n<style>\n#col-21542679 > .col-inner {\n  padding: 6rem 11rem 0px 0px;\n}\n<\/style>\n\t<\/div>\n\n\t\n\n\t<div id=\"col-954710827\" class=\"col sibebar_col medium-3 small-12 large-3\"  >\n\t\t<div class=\"is-sticky-column\"><div class=\"is-sticky-column__inner\">\t\t<div class=\"col-inner\"  >\n\t\t\t\n\t\t\t\n\n\t<div id=\"text-4173456211\" class=\"text fontsize_16 color_black fontweight_500\">\n\t\t\n\nTECH KEYWORDS\n\t\t\t<\/div>\n\t\n<div class=\"is-divider divider clearfix\" style=\"margin-top:2rem;margin-bottom:2rem;max-width:100%;height:1px;background-color:rgba(112, 112, 112, 0.302);\"><\/div>\n\n\t<div id=\"text-456178464\" class=\"text fontsize_18 color_black\">\n\t\t\n\n<p>DIVERSITY &amp; INCLUSION<\/p>\n\t\t\t<\/div>\n\t\n<div class=\"is-divider divider clearfix\" style=\"margin-top:2rem;margin-bottom:2rem;max-width:100%;height:1px;background-color:rgba(112, 112, 112, 0.302);\"><\/div>\n\n\t<div id=\"text-1767621470\" class=\"text fontsize_18 color_black\">\n\t\t\n\n<p>CULTURAL DIVERSITY<\/p>\n\t\t\t<\/div>\n\t\n<div class=\"is-divider divider clearfix\" style=\"margin-top:2rem;margin-bottom:2rem;max-width:100%;height:1px;background-color:rgba(112, 112, 112, 0.302);\"><\/div>\n\n\t<div id=\"text-3773436972\" class=\"text fontsize_18 color_black\">\n\t\t\n\n<p>INTERCULTURAL DIALOGUE<\/p>\n\t\t\t<\/div>\n\t\n\t<div id=\"gap-407995589\" class=\"gap-element clearfix\" style=\"display:block; height:auto;\">\n\t\t\n<style>\n#gap-407995589 {\n  padding-top: 13rem;\n}\n<\/style>\n\t<\/div>\n\t\n\n\t<div id=\"text-571574246\" class=\"text fontsize_16 color_black fontweight_500\">\n\t\t\n\nSHARE THE PAGE\n\t\t\t<\/div>\n\t\n<div class=\"is-divider divider clearfix\" style=\"margin-top:2rem;margin-bottom:2rem;max-width:100%;height:1px;background-color:rgba(112, 112, 112, 0.302);\"><\/div>\n\n\t<div class=\"img has-hover socialshare_icon linkedin x md-x lg-x y md-y lg-y\" id=\"image_1462240377\">\n\t\t\t\t\t\t\t\t<div class=\"img-inner dark\" >\n\t\t\t<img loading=\"lazy\" decoding=\"async\" width=\"1\" height=\"1\" src=\"https:\/\/www.italtel.com\/wp-content\/uploads\/2024\/09\/Linkedin-icon.svg\" class=\"attachment-large size-large\" alt=\"Linkedin-icon\" \/>\t\t\t\t\t\t\n\t\t\t\t\t<\/div>\n\t\t\t\t\t\t\t\t\n<style>\n#image_1462240377 {\n  width: 100%;\n}\n<\/style>\n\t<\/div>\n\t\n\n\t<div class=\"img has-hover socialshare_icon instagram x md-x lg-x y md-y lg-y\" id=\"image_290226115\">\n\t\t\t\t\t\t\t\t<div class=\"img-inner dark\" >\n\t\t\t<img loading=\"lazy\" decoding=\"async\" width=\"27\" height=\"27\" src=\"https:\/\/www.italtel.com\/wp-content\/uploads\/2024\/07\/Raggruppa-12942.png\" class=\"attachment-large size-large\" alt=\"Instagram icon\" \/>\t\t\t\t\t\t\n\t\t\t\t\t<\/div>\n\t\t\t\t\t\t\t\t\n<style>\n#image_290226115 {\n  width: 100%;\n}\n<\/style>\n\t<\/div>\n\t\n\n\t<div class=\"img has-hover socialshare_icon ex x md-x lg-x y md-y lg-y\" id=\"image_2083983761\">\n\t\t\t\t\t\t\t\t<div class=\"img-inner dark\" >\n\t\t\t<img loading=\"lazy\" decoding=\"async\" width=\"1\" height=\"1\" src=\"https:\/\/www.italtel.com\/wp-content\/uploads\/2024\/09\/X-icon.svg\" class=\"attachment-large size-large\" alt=\"X-icon\" \/>\t\t\t\t\t\t\n\t\t\t\t\t<\/div>\n\t\t\t\t\t\t\t\t\n<style>\n#image_2083983761 {\n  width: 100%;\n}\n<\/style>\n\t<\/div>\n\t\n\n\n\t\t<\/div>\n\t\t<\/div><\/div>\t\t\n<style>\n#col-954710827 > .is-sticky-column > .is-sticky-column__inner > .col-inner {\n  padding: 6rem 0px 0px 0px;\n}\n<\/style>\n\t<\/div>\n\n\t\n\n<\/div>\n\n","protected":false},"excerpt":{"rendered":"","protected":false},"author":6,"featured_media":74507,"comment_status":"closed","ping_status":"closed","sticky":false,"template":"","format":"standard","meta":{"footnotes":""},"categories":[378],"tags":[953,427],"class_list":["post-74539","post","type-post","status-publish","format-standard","has-post-thumbnail","hentry","category-news-it","tag-company-it","tag-diversity-inclusion"],"yoast_head":"<!-- This site is optimized with the Yoast SEO plugin v27.4 - https:\/\/yoast.com\/product\/yoast-seo-wordpress\/ -->\n<title>21 maggio: Giornata mondiale della diversit\u00e0 culturale per il dialogo e lo sviluppo - Italtel<\/title>\n<meta name=\"robots\" content=\"index, follow, max-snippet:-1, max-image-preview:large, max-video-preview:-1\" \/>\n<link rel=\"canonical\" href=\"https:\/\/www.italtel.com\/it\/21-maggio-giornata-mondiale-della-diversita-culturale-per-il-dialogo-e-lo-sviluppo\/\" \/>\n<meta property=\"og:locale\" content=\"it_IT\" \/>\n<meta property=\"og:type\" content=\"article\" \/>\n<meta property=\"og:title\" content=\"21 maggio: Giornata mondiale della diversit\u00e0 culturale per il dialogo e lo sviluppo - Italtel\" \/>\n<meta property=\"og:url\" content=\"https:\/\/www.italtel.com\/it\/21-maggio-giornata-mondiale-della-diversita-culturale-per-il-dialogo-e-lo-sviluppo\/\" \/>\n<meta property=\"og:site_name\" content=\"Italtel\" \/>\n<meta property=\"article:published_time\" content=\"2025-05-21T09:07:25+00:00\" \/>\n<meta property=\"article:modified_time\" content=\"2025-05-21T09:16:52+00:00\" \/>\n<meta property=\"og:image\" content=\"https:\/\/www.italtel.com\/wp-content\/uploads\/2025\/05\/diversity-scaled.webp\" \/>\n\t<meta property=\"og:image:width\" content=\"2560\" \/>\n\t<meta property=\"og:image:height\" content=\"1707\" \/>\n\t<meta property=\"og:image:type\" content=\"image\/webp\" \/>\n<meta name=\"author\" content=\"Daniela Fontana\" \/>\n<meta name=\"twitter:card\" content=\"summary_large_image\" \/>\n<meta name=\"twitter:creator\" content=\"@Italtel\" \/>\n<meta name=\"twitter:site\" content=\"@Italtel\" \/>\n<meta name=\"twitter:label1\" content=\"Scritto da\" \/>\n\t<meta name=\"twitter:data1\" content=\"Daniela Fontana\" \/>\n\t<meta name=\"twitter:label2\" content=\"Tempo di lettura stimato\" \/>\n\t<meta name=\"twitter:data2\" content=\"2 minuti\" \/>\n<script type=\"application\/ld+json\" class=\"yoast-schema-graph\">{\"@context\":\"https:\\\/\\\/schema.org\",\"@graph\":[{\"@type\":\"Article\",\"@id\":\"https:\\\/\\\/www.italtel.com\\\/it\\\/21-maggio-giornata-mondiale-della-diversita-culturale-per-il-dialogo-e-lo-sviluppo\\\/#article\",\"isPartOf\":{\"@id\":\"https:\\\/\\\/www.italtel.com\\\/it\\\/21-maggio-giornata-mondiale-della-diversita-culturale-per-il-dialogo-e-lo-sviluppo\\\/\"},\"author\":{\"name\":\"Daniela Fontana\",\"@id\":\"https:\\\/\\\/www.italtel.com\\\/de\\\/#\\\/schema\\\/person\\\/38f315d5a978255f0cf320055bad5afe\"},\"headline\":\"21 maggio: Giornata mondiale della diversit\u00e0 culturale per il dialogo e lo sviluppo\",\"datePublished\":\"2025-05-21T09:07:25+00:00\",\"dateModified\":\"2025-05-21T09:16:52+00:00\",\"mainEntityOfPage\":{\"@id\":\"https:\\\/\\\/www.italtel.com\\\/it\\\/21-maggio-giornata-mondiale-della-diversita-culturale-per-il-dialogo-e-lo-sviluppo\\\/\"},\"wordCount\":283,\"publisher\":{\"@id\":\"https:\\\/\\\/www.italtel.com\\\/de\\\/#organization\"},\"image\":{\"@id\":\"https:\\\/\\\/www.italtel.com\\\/it\\\/21-maggio-giornata-mondiale-della-diversita-culturale-per-il-dialogo-e-lo-sviluppo\\\/#primaryimage\"},\"thumbnailUrl\":\"https:\\\/\\\/www.italtel.com\\\/wp-content\\\/uploads\\\/2025\\\/05\\\/diversity-scaled.webp\",\"keywords\":[\"Company\",\"Diversity &amp; Inclusion\"],\"articleSection\":[\"News\"],\"inLanguage\":\"it-IT\"},{\"@type\":\"WebPage\",\"@id\":\"https:\\\/\\\/www.italtel.com\\\/it\\\/21-maggio-giornata-mondiale-della-diversita-culturale-per-il-dialogo-e-lo-sviluppo\\\/\",\"url\":\"https:\\\/\\\/www.italtel.com\\\/it\\\/21-maggio-giornata-mondiale-della-diversita-culturale-per-il-dialogo-e-lo-sviluppo\\\/\",\"name\":\"21 maggio: Giornata mondiale della diversit\u00e0 culturale per il dialogo e lo sviluppo - Italtel\",\"isPartOf\":{\"@id\":\"https:\\\/\\\/www.italtel.com\\\/de\\\/#website\"},\"primaryImageOfPage\":{\"@id\":\"https:\\\/\\\/www.italtel.com\\\/it\\\/21-maggio-giornata-mondiale-della-diversita-culturale-per-il-dialogo-e-lo-sviluppo\\\/#primaryimage\"},\"image\":{\"@id\":\"https:\\\/\\\/www.italtel.com\\\/it\\\/21-maggio-giornata-mondiale-della-diversita-culturale-per-il-dialogo-e-lo-sviluppo\\\/#primaryimage\"},\"thumbnailUrl\":\"https:\\\/\\\/www.italtel.com\\\/wp-content\\\/uploads\\\/2025\\\/05\\\/diversity-scaled.webp\",\"datePublished\":\"2025-05-21T09:07:25+00:00\",\"dateModified\":\"2025-05-21T09:16:52+00:00\",\"breadcrumb\":{\"@id\":\"https:\\\/\\\/www.italtel.com\\\/it\\\/21-maggio-giornata-mondiale-della-diversita-culturale-per-il-dialogo-e-lo-sviluppo\\\/#breadcrumb\"},\"inLanguage\":\"it-IT\",\"potentialAction\":[{\"@type\":\"ReadAction\",\"target\":[\"https:\\\/\\\/www.italtel.com\\\/it\\\/21-maggio-giornata-mondiale-della-diversita-culturale-per-il-dialogo-e-lo-sviluppo\\\/\"]}]},{\"@type\":\"ImageObject\",\"inLanguage\":\"it-IT\",\"@id\":\"https:\\\/\\\/www.italtel.com\\\/it\\\/21-maggio-giornata-mondiale-della-diversita-culturale-per-il-dialogo-e-lo-sviluppo\\\/#primaryimage\",\"url\":\"https:\\\/\\\/www.italtel.com\\\/wp-content\\\/uploads\\\/2025\\\/05\\\/diversity-scaled.webp\",\"contentUrl\":\"https:\\\/\\\/www.italtel.com\\\/wp-content\\\/uploads\\\/2025\\\/05\\\/diversity-scaled.webp\",\"width\":2560,\"height\":1707,\"caption\":\"May 21st: International Day for Cultural Diversity, Dialogue and Development\"},{\"@type\":\"BreadcrumbList\",\"@id\":\"https:\\\/\\\/www.italtel.com\\\/it\\\/21-maggio-giornata-mondiale-della-diversita-culturale-per-il-dialogo-e-lo-sviluppo\\\/#breadcrumb\",\"itemListElement\":[{\"@type\":\"ListItem\",\"position\":1,\"name\":\"Home\",\"item\":\"https:\\\/\\\/www.italtel.com\\\/it\\\/\"},{\"@type\":\"ListItem\",\"position\":2,\"name\":\"21 maggio: Giornata mondiale della diversit\u00e0 culturale per il dialogo e lo sviluppo\"}]},{\"@type\":\"WebSite\",\"@id\":\"https:\\\/\\\/www.italtel.com\\\/de\\\/#website\",\"url\":\"https:\\\/\\\/www.italtel.com\\\/de\\\/\",\"name\":\"Italtel\",\"description\":\"Italtel Group&#039;s company website\",\"publisher\":{\"@id\":\"https:\\\/\\\/www.italtel.com\\\/de\\\/#organization\"},\"potentialAction\":[{\"@type\":\"SearchAction\",\"target\":{\"@type\":\"EntryPoint\",\"urlTemplate\":\"https:\\\/\\\/www.italtel.com\\\/de\\\/?s={search_term_string}\"},\"query-input\":{\"@type\":\"PropertyValueSpecification\",\"valueRequired\":true,\"valueName\":\"search_term_string\"}}],\"inLanguage\":\"it-IT\"},{\"@type\":\"Organization\",\"@id\":\"https:\\\/\\\/www.italtel.com\\\/de\\\/#organization\",\"name\":\"Italtel S.p.A.\",\"url\":\"https:\\\/\\\/www.italtel.com\\\/de\\\/\",\"logo\":{\"@type\":\"ImageObject\",\"inLanguage\":\"it-IT\",\"@id\":\"https:\\\/\\\/www.italtel.com\\\/de\\\/#\\\/schema\\\/logo\\\/image\\\/\",\"url\":\"https:\\\/\\\/www.italtel.com\\\/wp-content\\\/uploads\\\/2024\\\/11\\\/Italtel_logo.png\",\"contentUrl\":\"https:\\\/\\\/www.italtel.com\\\/wp-content\\\/uploads\\\/2024\\\/11\\\/Italtel_logo.png\",\"width\":591,\"height\":139,\"caption\":\"Italtel S.p.A.\"},\"image\":{\"@id\":\"https:\\\/\\\/www.italtel.com\\\/de\\\/#\\\/schema\\\/logo\\\/image\\\/\"},\"sameAs\":[\"https:\\\/\\\/x.com\\\/Italtel\",\"https:\\\/\\\/www.linkedin.com\\\/company\\\/italtel\\\/\",\"https:\\\/\\\/www.instagram.com\\\/italtel_hq\\\/\"]},{\"@type\":\"Person\",\"@id\":\"https:\\\/\\\/www.italtel.com\\\/de\\\/#\\\/schema\\\/person\\\/38f315d5a978255f0cf320055bad5afe\",\"name\":\"Daniela Fontana\",\"image\":{\"@type\":\"ImageObject\",\"inLanguage\":\"it-IT\",\"@id\":\"https:\\\/\\\/secure.gravatar.com\\\/avatar\\\/834a03b0c73144a8ca36e17dc365b3fbadb34c9e44399b609a00f2231e694f6a?s=96&d=mm&r=g\",\"url\":\"https:\\\/\\\/secure.gravatar.com\\\/avatar\\\/834a03b0c73144a8ca36e17dc365b3fbadb34c9e44399b609a00f2231e694f6a?s=96&d=mm&r=g\",\"contentUrl\":\"https:\\\/\\\/secure.gravatar.com\\\/avatar\\\/834a03b0c73144a8ca36e17dc365b3fbadb34c9e44399b609a00f2231e694f6a?s=96&d=mm&r=g\",\"caption\":\"Daniela Fontana\"}}]}<\/script>\n<!-- \/ Yoast SEO plugin. -->","yoast_head_json":{"title":"21 maggio: Giornata mondiale della diversit\u00e0 culturale per il dialogo e lo sviluppo - Italtel","robots":{"index":"index","follow":"follow","max-snippet":"max-snippet:-1","max-image-preview":"max-image-preview:large","max-video-preview":"max-video-preview:-1"},"canonical":"https:\/\/www.italtel.com\/it\/21-maggio-giornata-mondiale-della-diversita-culturale-per-il-dialogo-e-lo-sviluppo\/","og_locale":"it_IT","og_type":"article","og_title":"21 maggio: Giornata mondiale della diversit\u00e0 culturale per il dialogo e lo sviluppo - Italtel","og_url":"https:\/\/www.italtel.com\/it\/21-maggio-giornata-mondiale-della-diversita-culturale-per-il-dialogo-e-lo-sviluppo\/","og_site_name":"Italtel","article_published_time":"2025-05-21T09:07:25+00:00","article_modified_time":"2025-05-21T09:16:52+00:00","og_image":[{"width":2560,"height":1707,"url":"https:\/\/www.italtel.com\/wp-content\/uploads\/2025\/05\/diversity-scaled.webp","type":"image\/webp"}],"author":"Daniela Fontana","twitter_card":"summary_large_image","twitter_creator":"@Italtel","twitter_site":"@Italtel","twitter_misc":{"Scritto da":"Daniela Fontana","Tempo di lettura stimato":"2 minuti"},"schema":{"@context":"https:\/\/schema.org","@graph":[{"@type":"Article","@id":"https:\/\/www.italtel.com\/it\/21-maggio-giornata-mondiale-della-diversita-culturale-per-il-dialogo-e-lo-sviluppo\/#article","isPartOf":{"@id":"https:\/\/www.italtel.com\/it\/21-maggio-giornata-mondiale-della-diversita-culturale-per-il-dialogo-e-lo-sviluppo\/"},"author":{"name":"Daniela Fontana","@id":"https:\/\/www.italtel.com\/de\/#\/schema\/person\/38f315d5a978255f0cf320055bad5afe"},"headline":"21 maggio: Giornata mondiale della diversit\u00e0 culturale per il dialogo e lo sviluppo","datePublished":"2025-05-21T09:07:25+00:00","dateModified":"2025-05-21T09:16:52+00:00","mainEntityOfPage":{"@id":"https:\/\/www.italtel.com\/it\/21-maggio-giornata-mondiale-della-diversita-culturale-per-il-dialogo-e-lo-sviluppo\/"},"wordCount":283,"publisher":{"@id":"https:\/\/www.italtel.com\/de\/#organization"},"image":{"@id":"https:\/\/www.italtel.com\/it\/21-maggio-giornata-mondiale-della-diversita-culturale-per-il-dialogo-e-lo-sviluppo\/#primaryimage"},"thumbnailUrl":"https:\/\/www.italtel.com\/wp-content\/uploads\/2025\/05\/diversity-scaled.webp","keywords":["Company","Diversity &amp; Inclusion"],"articleSection":["News"],"inLanguage":"it-IT"},{"@type":"WebPage","@id":"https:\/\/www.italtel.com\/it\/21-maggio-giornata-mondiale-della-diversita-culturale-per-il-dialogo-e-lo-sviluppo\/","url":"https:\/\/www.italtel.com\/it\/21-maggio-giornata-mondiale-della-diversita-culturale-per-il-dialogo-e-lo-sviluppo\/","name":"21 maggio: Giornata mondiale della diversit\u00e0 culturale per il dialogo e lo sviluppo - Italtel","isPartOf":{"@id":"https:\/\/www.italtel.com\/de\/#website"},"primaryImageOfPage":{"@id":"https:\/\/www.italtel.com\/it\/21-maggio-giornata-mondiale-della-diversita-culturale-per-il-dialogo-e-lo-sviluppo\/#primaryimage"},"image":{"@id":"https:\/\/www.italtel.com\/it\/21-maggio-giornata-mondiale-della-diversita-culturale-per-il-dialogo-e-lo-sviluppo\/#primaryimage"},"thumbnailUrl":"https:\/\/www.italtel.com\/wp-content\/uploads\/2025\/05\/diversity-scaled.webp","datePublished":"2025-05-21T09:07:25+00:00","dateModified":"2025-05-21T09:16:52+00:00","breadcrumb":{"@id":"https:\/\/www.italtel.com\/it\/21-maggio-giornata-mondiale-della-diversita-culturale-per-il-dialogo-e-lo-sviluppo\/#breadcrumb"},"inLanguage":"it-IT","potentialAction":[{"@type":"ReadAction","target":["https:\/\/www.italtel.com\/it\/21-maggio-giornata-mondiale-della-diversita-culturale-per-il-dialogo-e-lo-sviluppo\/"]}]},{"@type":"ImageObject","inLanguage":"it-IT","@id":"https:\/\/www.italtel.com\/it\/21-maggio-giornata-mondiale-della-diversita-culturale-per-il-dialogo-e-lo-sviluppo\/#primaryimage","url":"https:\/\/www.italtel.com\/wp-content\/uploads\/2025\/05\/diversity-scaled.webp","contentUrl":"https:\/\/www.italtel.com\/wp-content\/uploads\/2025\/05\/diversity-scaled.webp","width":2560,"height":1707,"caption":"May 21st: International Day for Cultural Diversity, Dialogue and Development"},{"@type":"BreadcrumbList","@id":"https:\/\/www.italtel.com\/it\/21-maggio-giornata-mondiale-della-diversita-culturale-per-il-dialogo-e-lo-sviluppo\/#breadcrumb","itemListElement":[{"@type":"ListItem","position":1,"name":"Home","item":"https:\/\/www.italtel.com\/it\/"},{"@type":"ListItem","position":2,"name":"21 maggio: Giornata mondiale della diversit\u00e0 culturale per il dialogo e lo sviluppo"}]},{"@type":"WebSite","@id":"https:\/\/www.italtel.com\/de\/#website","url":"https:\/\/www.italtel.com\/de\/","name":"Italtel","description":"Italtel Group&#039;s company website","publisher":{"@id":"https:\/\/www.italtel.com\/de\/#organization"},"potentialAction":[{"@type":"SearchAction","target":{"@type":"EntryPoint","urlTemplate":"https:\/\/www.italtel.com\/de\/?s={search_term_string}"},"query-input":{"@type":"PropertyValueSpecification","valueRequired":true,"valueName":"search_term_string"}}],"inLanguage":"it-IT"},{"@type":"Organization","@id":"https:\/\/www.italtel.com\/de\/#organization","name":"Italtel S.p.A.","url":"https:\/\/www.italtel.com\/de\/","logo":{"@type":"ImageObject","inLanguage":"it-IT","@id":"https:\/\/www.italtel.com\/de\/#\/schema\/logo\/image\/","url":"https:\/\/www.italtel.com\/wp-content\/uploads\/2024\/11\/Italtel_logo.png","contentUrl":"https:\/\/www.italtel.com\/wp-content\/uploads\/2024\/11\/Italtel_logo.png","width":591,"height":139,"caption":"Italtel S.p.A."},"image":{"@id":"https:\/\/www.italtel.com\/de\/#\/schema\/logo\/image\/"},"sameAs":["https:\/\/x.com\/Italtel","https:\/\/www.linkedin.com\/company\/italtel\/","https:\/\/www.instagram.com\/italtel_hq\/"]},{"@type":"Person","@id":"https:\/\/www.italtel.com\/de\/#\/schema\/person\/38f315d5a978255f0cf320055bad5afe","name":"Daniela Fontana","image":{"@type":"ImageObject","inLanguage":"it-IT","@id":"https:\/\/secure.gravatar.com\/avatar\/834a03b0c73144a8ca36e17dc365b3fbadb34c9e44399b609a00f2231e694f6a?s=96&d=mm&r=g","url":"https:\/\/secure.gravatar.com\/avatar\/834a03b0c73144a8ca36e17dc365b3fbadb34c9e44399b609a00f2231e694f6a?s=96&d=mm&r=g","contentUrl":"https:\/\/secure.gravatar.com\/avatar\/834a03b0c73144a8ca36e17dc365b3fbadb34c9e44399b609a00f2231e694f6a?s=96&d=mm&r=g","caption":"Daniela Fontana"}}]}},"_links":{"self":[{"href":"https:\/\/www.italtel.com\/it\/wp-json\/wp\/v2\/posts\/74539","targetHints":{"allow":["GET"]}}],"collection":[{"href":"https:\/\/www.italtel.com\/it\/wp-json\/wp\/v2\/posts"}],"about":[{"href":"https:\/\/www.italtel.com\/it\/wp-json\/wp\/v2\/types\/post"}],"author":[{"embeddable":true,"href":"https:\/\/www.italtel.com\/it\/wp-json\/wp\/v2\/users\/6"}],"replies":[{"embeddable":true,"href":"https:\/\/www.italtel.com\/it\/wp-json\/wp\/v2\/comments?post=74539"}],"version-history":[{"count":3,"href":"https:\/\/www.italtel.com\/it\/wp-json\/wp\/v2\/posts\/74539\/revisions"}],"predecessor-version":[{"id":74542,"href":"https:\/\/www.italtel.com\/it\/wp-json\/wp\/v2\/posts\/74539\/revisions\/74542"}],"wp:featuredmedia":[{"embeddable":true,"href":"https:\/\/www.italtel.com\/it\/wp-json\/wp\/v2\/media\/74507"}],"wp:attachment":[{"href":"https:\/\/www.italtel.com\/it\/wp-json\/wp\/v2\/media?parent=74539"}],"wp:term":[{"taxonomy":"category","embeddable":true,"href":"https:\/\/www.italtel.com\/it\/wp-json\/wp\/v2\/categories?post=74539"},{"taxonomy":"post_tag","embeddable":true,"href":"https:\/\/www.italtel.com\/it\/wp-json\/wp\/v2\/tags?post=74539"}],"curies":[{"name":"wp","href":"https:\/\/api.w.org\/{rel}","templated":true}]}}