{"id":75367,"date":"2025-06-11T09:42:04","date_gmt":"2025-06-11T07:42:04","guid":{"rendered":"https:\/\/www.italtel.com\/?p=75367"},"modified":"2025-06-26T15:17:06","modified_gmt":"2025-06-26T13:17:06","slug":"gianluca-ajello-tecnologia-innovazione-e-passione-per-il-territorio","status":"publish","type":"post","link":"https:\/\/www.italtel.com\/it\/gianluca-ajello-tecnologia-innovazione-e-passione-per-il-territorio\/","title":{"rendered":"Gianluca Ajello: tecnologia, innovazione e passione per il territorio"},"content":{"rendered":"\n<div class=\"row\"  id=\"row-1700558992\">\n\n\n\t<div id=\"col-372487481\" class=\"col medium-9 small-12 large-9\"  >\n\t\t\t\t<div class=\"col-inner\"  >\n\t\t\t\n\t\t\t\n\n\t<div id=\"text-2609866618\" class=\"text fontsize_18 color_black\">\n\t\t\n\n<p>Un percorso che unisce tecnologia, innovazione e una forte visione internazionale: \u00e8 questa la sintesi della storia professionale di Gianluca Ajello, oggi parte della struttura di business development di Italtel con un focus specifico sul cloud e sulla cybersecurity.<\/p>\n<p>Dopo una formazione che ha intrecciato competenze umanistiche e tecniche \u2013 dal liceo classico alla laurea in Ingegneria Elettronica con indirizzo informatico \u2013 Gianluca \u00e8 entrato in Italtel nel 2000, grazie a uno stage che si \u00e8 trasformato in una vera e propria porta d\u2019ingresso al mondo delle telecomunicazioni. Da allora, il suo percorso professionale \u00e8 stato segnato da un\u2019evoluzione costante, passando dalle attivit\u00e0 operative di configurazione all\u2019ambito dell\u2019offering e della prevendita, fino al business development nei mercati internazionali e domestici.<\/p>\n\t\t\t<\/div>\n\t\n\t<div id=\"text-1474736869\" class=\"text fontsize_32 color_black\">\n\t\t\n\n<h2>L\u2019importanza della visione d\u2019insieme<\/h2>\n\t\t\t<\/div>\n\t\n\t<div id=\"text-1791328517\" class=\"text fontsize_18 color_black\">\n\t\t\n\n<p>Uno dei momenti di svolta della sua carriera \u00e8 arrivato proprio nel 2008, quando ha iniziato a occuparsi di offering e prevendita. Questo passaggio \u00e8 stato cruciale perch\u00e9 gli ha permesso di entrare in relazione con tutte le funzioni aziendali: dal commerciale all\u2019ingegneria, dal procurement ai fornitori e alle terze parti. \u00c8 stato il momento in cui ha iniziato a vedere e comprendere l\u2019intera catena del valore aziendale.<\/p>\n<p>L\u2019esperienza sui mercati esteri, in particolare in Libia e Medio Oriente, ha poi ampliato ulteriormente il suo orizzonte, mettendolo di fronte a culture e dinamiche di business molto diverse da quelle italiane. Un bagaglio che ancora oggi rappresenta un valore prezioso nel suo lavoro quotidiano.<\/p>\n\t\t\t<\/div>\n\t\n\t<div id=\"text-2941081723\" class=\"text fontsize_32 color_black\">\n\t\t\n\n<h2>Innovazione e cybersecurity al centro<\/h2>\n\t\t\t<\/div>\n\t\n\t<div id=\"text-344344228\" class=\"text fontsize_18 color_black\">\n\t\t\n\n<p>Oggi, il cuore del suo impegno professionale \u00e8 legato al cloud e alla cybersecurity, due ambiti in cui l\u2019innovazione tecnologica corre veloce e le esigenze dei clienti si evolvono di continuo.<\/p>\n<p>Proprio questo ambito, che unisce innovazione e sicurezza, \u00e8 ci\u00f2 che lo appassiona maggiormente. Ogni giorno \u00e8 a contatto con i trend tecnologici pi\u00f9 innovativi: dalle architetture ibride alle migrazioni sul cloud, fino ai servizi gestiti. Un contesto in continua evoluzione, in cui Italtel gioca un ruolo attivo, supportando le imprese e le Telco nella loro trasformazione digitale. Parallelamente, la cybersecurity \u00e8 diventata una priorit\u00e0 imprescindibile, in un panorama in cui gli attacchi sono sempre pi\u00f9 frequenti e la superficie d\u2019attacco sempre pi\u00f9 estesa.<\/p>\n<p>Lavorare su questi fronti significa essere costantemente aggiornati, confrontarsi con le novit\u00e0 del settore e contribuire attivamente allo sviluppo di soluzioni e servizi che aiutano i clienti ad affrontare sfide sempre nuove. \u00c8 proprio questa combinazione di innovazione continua, complessit\u00e0 tecnologica e centralit\u00e0 del cliente a rendere il suo lavoro particolarmente stimolante e ricco di opportunit\u00e0 di crescita.<\/p>\n\t\t\t<\/div>\n\t\n\t<div id=\"text-3766084151\" class=\"text fontsize_32 color_black\">\n\t\t\n\n<h2>Coordinare un team: una sfida e un\u2019occasione di crescita<\/h2>\n\t\t\t<\/div>\n\t\n\t<div id=\"text-3303401226\" class=\"text fontsize_18 color_black\">\n\t\t\n\n<p>Da qualche tempo, Gianluca ha assunto anche un ruolo di coordinamento di team, un\u2019esperienza nuova che ha arricchito ulteriormente il suo percorso. Gestire un gruppo di lavoro in modo continuativo, spiega, significa non solo organizzare attivit\u00e0 e priorit\u00e0, ma anche creare coinvolgimento e motivazione. Un compito complesso, ma al tempo stesso stimolante:<\/p>\n<blockquote>\n<p><em>\u201cEssere un riferimento tecnico non basta, \u00e8 importante anche ispirare e far crescere le persone con cui si lavora.\u201d<\/em><\/p>\n<\/blockquote>\n\t\t\t<\/div>\n\t\n\t<div id=\"text-668031367\" class=\"text fontsize_32 color_black\">\n\t\t\n\n<h2>Radici locali, visione globale<\/h2>\n\t\t\t<\/div>\n\t\n\t<div id=\"text-3784907251\" class=\"text fontsize_18 color_black\">\n\t\t\n\n<p>Nonostante il respiro internazionale del suo ruolo, Gianluca ha scelto di vivere e lavorare nella sua terra. Dopo anni trascorsi all\u2019interno del distretto industriale di Carini, oggi lavora nella sede di Italtel a Palermo.<br \/>Ma lui vive a Cefal\u00f9, in provincia, dove porta avanti anche un forte impegno civico. Da anni \u00e8 attivo nel volontariato: prima con Legambiente, oggi come presidente della Pro Loco. Un ruolo che gli consente di valorizzare il patrimonio turistico, culturale e storico del territorio, mettendo a disposizione competenze e passione.<\/p>\n\t\t\t<\/div>\n\t\n\t<div id=\"text-59700206\" class=\"text fontsize_32 color_black\">\n\t\t\n\n<h2>Avvicinare le ragazze alle materie STEM: un impegno concreto<\/h2>\n\t\t\t<\/div>\n\t\n\t<div id=\"text-3218631197\" class=\"text fontsize_18 color_black\">\n\t\t\n\n<p>Tra le iniziative che Gianluca ha promosso sul territorio c\u2019\u00e8 anche una conferenza dedicata al ruolo delle donne nella tecnologia: l\u2019ultima si \u00e8 svolta il 14 marzo proprio a Cefal\u00f9. Il tema \u00e8 per lui particolarmente caro: \u00e8 convinto, come sosteneva Karen Spark Jones, che il mondo dell\u2019informatica e delle telecomunicazioni sia troppo importante per essere lasciato solo agli uomini.<\/p>\n<p>Favorire l\u2019accesso delle ragazze alle discipline STEM \u00e8, secondo Gianluca, una questione di equit\u00e0 e di futuro.<\/p>\n<blockquote>\n<p>\u201cAbbiamo bisogno di una tecnologia pi\u00f9 inclusiva e rappresentativa, e per questo dobbiamo lavorare fin dalle scuole per abbattere gli stereotipi e mostrare alle giovani donne quante opportunit\u00e0 ci sono in questo mondo.\u201d<\/p>\n<\/blockquote>\n\t\t\t<\/div>\n\t\n\t<div id=\"text-3184101983\" class=\"text fontsize_32 color_black\">\n\t\t\n\n<h2>Intelligenza Artificiale e Intelligenza Naturale: una relazione da costruire<\/h2>\n\t\t\t<\/div>\n\t\n\t<div id=\"text-2818253614\" class=\"text fontsize_18 color_black\">\n\t\t\n\n<p>Guardando al futuro, Gianluca sottolinea anche l\u2019importanza di un\u2019educazione tecnologica consapevole, che aiuti i giovani a governare l\u2019intelligenza artificiale, anzich\u00e9 subirla.<\/p>\n<blockquote>\n<p>\u201cL\u2019AI deve aiutare lo sviluppo dell\u2019intelligenza naturale, non sostituirla\u201d, afferma.<\/p>\n<\/blockquote>\n<p>Una visione che unisce competenza tecnica e sensibilit\u00e0 umanistica, e che rappresenta bene lo spirito con cui Gianluca affronta ogni giorno le sue sfide professionali e personali.<\/p>\n<p>Con uno sguardo sempre attento all\u2019innovazione, ma senza dimenticare mai le persone, il territorio e il valore delle relazioni umane.<\/p>\n\t\t\t<\/div>\n\t\n\n\t\t<\/div>\n\t\t\t\t\n<style>\n#col-372487481 > .col-inner {\n  padding: 6rem 11rem 0px 0px;\n}\n<\/style>\n\t<\/div>\n\n\t\n\n\t<div id=\"col-1005975831\" class=\"col sibebar_col medium-3 small-12 large-3\"  >\n\t\t<div class=\"is-sticky-column\"><div class=\"is-sticky-column__inner\">\t\t<div class=\"col-inner\"  >\n\t\t\t\n\t\t\t\n\n\t<div id=\"text-1031387127\" class=\"text fontsize_16 color_black fontweight_500\">\n\t\t\n\nTECH KEYWORDS\n\t\t\t<\/div>\n\t\n<div class=\"is-divider divider clearfix\" style=\"margin-top:2rem;margin-bottom:2rem;max-width:100%;height:1px;background-color:rgba(112, 112, 112, 0.302);\"><\/div>\n\n\t<div id=\"text-3017991302\" class=\"text fontsize_18 color_black\">\n\t\t\n\n<p>BUSINESS DEVELOPMENT<\/p>\n\t\t\t<\/div>\n\t\n<div class=\"is-divider divider clearfix\" style=\"margin-top:2rem;margin-bottom:2rem;max-width:100%;height:1px;background-color:rgba(112, 112, 112, 0.302);\"><\/div>\n\n\t<div id=\"text-4275300351\" class=\"text fontsize_18 color_black\">\n\t\t\n\n<p>CYBER SECURITY<\/p>\n\t\t\t<\/div>\n\t\n<div class=\"is-divider divider clearfix\" style=\"margin-top:2rem;margin-bottom:2rem;max-width:100%;height:1px;background-color:rgba(112, 112, 112, 0.302);\"><\/div>\n\n\t<div id=\"text-2568291162\" class=\"text fontsize_18 color_black\">\n\t\t\n\n<p>CLOUD<\/p>\n\t\t\t<\/div>\n\t\n\t<div id=\"gap-1636109783\" class=\"gap-element clearfix\" style=\"display:block; height:auto;\">\n\t\t\n<style>\n#gap-1636109783 {\n  padding-top: 13rem;\n}\n<\/style>\n\t<\/div>\n\t\n\n\t<div id=\"text-2004115437\" class=\"text fontsize_16 color_black fontweight_500\">\n\t\t\n\n<p>CONDIVIDI LA NEWS<\/p>\n\t\t\t<\/div>\n\t\n<div class=\"is-divider divider clearfix\" style=\"margin-top:2rem;margin-bottom:2rem;max-width:100%;height:1px;background-color:rgba(112, 112, 112, 0.302);\"><\/div>\n\n\t<div class=\"img has-hover socialshare_icon linkedin x md-x lg-x y md-y lg-y\" id=\"image_1289504480\">\n\t\t\t\t\t\t\t\t<div class=\"img-inner dark\" >\n\t\t\t<img loading=\"lazy\" decoding=\"async\" width=\"1\" height=\"1\" src=\"https:\/\/www.italtel.com\/wp-content\/uploads\/2024\/09\/Linkedin-icon.svg\" class=\"attachment-large size-large\" alt=\"Linkedin-icon\" \/>\t\t\t\t\t\t\n\t\t\t\t\t<\/div>\n\t\t\t\t\t\t\t\t\n<style>\n#image_1289504480 {\n  width: 100%;\n}\n<\/style>\n\t<\/div>\n\t\n\n\t<div class=\"img has-hover socialshare_icon instagram x md-x lg-x y md-y lg-y\" id=\"image_305371812\">\n\t\t\t\t\t\t\t\t<div class=\"img-inner dark\" >\n\t\t\t<img loading=\"lazy\" decoding=\"async\" width=\"27\" height=\"27\" src=\"https:\/\/www.italtel.com\/wp-content\/uploads\/2024\/07\/Raggruppa-12942.png\" class=\"attachment-large size-large\" alt=\"Instagram icon\" \/>\t\t\t\t\t\t\n\t\t\t\t\t<\/div>\n\t\t\t\t\t\t\t\t\n<style>\n#image_305371812 {\n  width: 100%;\n}\n<\/style>\n\t<\/div>\n\t\n\n\t<div class=\"img has-hover socialshare_icon ex x md-x lg-x y md-y lg-y\" id=\"image_642568857\">\n\t\t\t\t\t\t\t\t<div class=\"img-inner dark\" >\n\t\t\t<img loading=\"lazy\" decoding=\"async\" width=\"1\" height=\"1\" src=\"https:\/\/www.italtel.com\/wp-content\/uploads\/2024\/09\/X-icon.svg\" class=\"attachment-large size-large\" alt=\"X-icon\" \/>\t\t\t\t\t\t\n\t\t\t\t\t<\/div>\n\t\t\t\t\t\t\t\t\n<style>\n#image_642568857 {\n  width: 100%;\n}\n<\/style>\n\t<\/div>\n\t\n\n\n\t\t<\/div>\n\t\t<\/div><\/div>\t\t\n<style>\n#col-1005975831 > .is-sticky-column > .is-sticky-column__inner > .col-inner {\n  padding: 6rem 0px 0px 0px;\n}\n<\/style>\n\t<\/div>\n\n\t\n\n<\/div>\n\n","protected":false},"excerpt":{"rendered":"","protected":false},"author":6,"featured_media":75255,"comment_status":"closed","ping_status":"closed","sticky":false,"template":"","format":"standard","meta":{"footnotes":""},"categories":[803],"tags":[953,1009],"class_list":["post-75367","post","type-post","status-publish","format-standard","has-post-thumbnail","hentry","category-interview-it","tag-company-it","tag-formazione"],"yoast_head":"<!-- This site is optimized with the Yoast SEO plugin v27.4 - https:\/\/yoast.com\/product\/yoast-seo-wordpress\/ -->\n<title>Gianluca Ajello: tecnologia, innovazione e passione per il territorio - Italtel<\/title>\n<meta name=\"robots\" content=\"index, follow, max-snippet:-1, max-image-preview:large, max-video-preview:-1\" \/>\n<link rel=\"canonical\" href=\"https:\/\/www.italtel.com\/it\/gianluca-ajello-tecnologia-innovazione-e-passione-per-il-territorio\/\" \/>\n<meta property=\"og:locale\" content=\"it_IT\" \/>\n<meta property=\"og:type\" content=\"article\" \/>\n<meta property=\"og:title\" content=\"Gianluca Ajello: tecnologia, innovazione e passione per il territorio - Italtel\" \/>\n<meta property=\"og:url\" content=\"https:\/\/www.italtel.com\/it\/gianluca-ajello-tecnologia-innovazione-e-passione-per-il-territorio\/\" \/>\n<meta property=\"og:site_name\" content=\"Italtel\" \/>\n<meta property=\"article:published_time\" content=\"2025-06-11T07:42:04+00:00\" \/>\n<meta property=\"article:modified_time\" content=\"2025-06-26T13:17:06+00:00\" \/>\n<meta property=\"og:image\" content=\"https:\/\/www.italtel.com\/wp-content\/uploads\/2025\/06\/ajello__Paolo_Paolo.webp\" \/>\n\t<meta property=\"og:image:width\" content=\"1920\" \/>\n\t<meta property=\"og:image:height\" content=\"1081\" \/>\n\t<meta property=\"og:image:type\" content=\"image\/webp\" \/>\n<meta name=\"author\" content=\"Daniela Fontana\" \/>\n<meta name=\"twitter:card\" content=\"summary_large_image\" \/>\n<meta name=\"twitter:creator\" content=\"@Italtel\" \/>\n<meta name=\"twitter:site\" content=\"@Italtel\" \/>\n<meta name=\"twitter:label1\" content=\"Scritto da\" \/>\n\t<meta name=\"twitter:data1\" content=\"Daniela Fontana\" \/>\n\t<meta name=\"twitter:label2\" content=\"Tempo di lettura stimato\" \/>\n\t<meta name=\"twitter:data2\" content=\"3 minuti\" \/>\n<script type=\"application\/ld+json\" class=\"yoast-schema-graph\">{\"@context\":\"https:\\\/\\\/schema.org\",\"@graph\":[{\"@type\":\"Article\",\"@id\":\"https:\\\/\\\/www.italtel.com\\\/it\\\/gianluca-ajello-tecnologia-innovazione-e-passione-per-il-territorio\\\/#article\",\"isPartOf\":{\"@id\":\"https:\\\/\\\/www.italtel.com\\\/it\\\/gianluca-ajello-tecnologia-innovazione-e-passione-per-il-territorio\\\/\"},\"author\":{\"name\":\"Daniela Fontana\",\"@id\":\"https:\\\/\\\/www.italtel.com\\\/de\\\/#\\\/schema\\\/person\\\/38f315d5a978255f0cf320055bad5afe\"},\"headline\":\"Gianluca Ajello: tecnologia, innovazione e passione per il territorio\",\"datePublished\":\"2025-06-11T07:42:04+00:00\",\"dateModified\":\"2025-06-26T13:17:06+00:00\",\"mainEntityOfPage\":{\"@id\":\"https:\\\/\\\/www.italtel.com\\\/it\\\/gianluca-ajello-tecnologia-innovazione-e-passione-per-il-territorio\\\/\"},\"wordCount\":1038,\"publisher\":{\"@id\":\"https:\\\/\\\/www.italtel.com\\\/de\\\/#organization\"},\"image\":{\"@id\":\"https:\\\/\\\/www.italtel.com\\\/it\\\/gianluca-ajello-tecnologia-innovazione-e-passione-per-il-territorio\\\/#primaryimage\"},\"thumbnailUrl\":\"https:\\\/\\\/www.italtel.com\\\/wp-content\\\/uploads\\\/2025\\\/06\\\/ajello__Paolo_Paolo.webp\",\"keywords\":[\"Company\",\"Formazione\"],\"articleSection\":[\"Interview\"],\"inLanguage\":\"it-IT\"},{\"@type\":\"WebPage\",\"@id\":\"https:\\\/\\\/www.italtel.com\\\/it\\\/gianluca-ajello-tecnologia-innovazione-e-passione-per-il-territorio\\\/\",\"url\":\"https:\\\/\\\/www.italtel.com\\\/it\\\/gianluca-ajello-tecnologia-innovazione-e-passione-per-il-territorio\\\/\",\"name\":\"Gianluca Ajello: tecnologia, innovazione e passione per il territorio - Italtel\",\"isPartOf\":{\"@id\":\"https:\\\/\\\/www.italtel.com\\\/de\\\/#website\"},\"primaryImageOfPage\":{\"@id\":\"https:\\\/\\\/www.italtel.com\\\/it\\\/gianluca-ajello-tecnologia-innovazione-e-passione-per-il-territorio\\\/#primaryimage\"},\"image\":{\"@id\":\"https:\\\/\\\/www.italtel.com\\\/it\\\/gianluca-ajello-tecnologia-innovazione-e-passione-per-il-territorio\\\/#primaryimage\"},\"thumbnailUrl\":\"https:\\\/\\\/www.italtel.com\\\/wp-content\\\/uploads\\\/2025\\\/06\\\/ajello__Paolo_Paolo.webp\",\"datePublished\":\"2025-06-11T07:42:04+00:00\",\"dateModified\":\"2025-06-26T13:17:06+00:00\",\"breadcrumb\":{\"@id\":\"https:\\\/\\\/www.italtel.com\\\/it\\\/gianluca-ajello-tecnologia-innovazione-e-passione-per-il-territorio\\\/#breadcrumb\"},\"inLanguage\":\"it-IT\",\"potentialAction\":[{\"@type\":\"ReadAction\",\"target\":[\"https:\\\/\\\/www.italtel.com\\\/it\\\/gianluca-ajello-tecnologia-innovazione-e-passione-per-il-territorio\\\/\"]}]},{\"@type\":\"ImageObject\",\"inLanguage\":\"it-IT\",\"@id\":\"https:\\\/\\\/www.italtel.com\\\/it\\\/gianluca-ajello-tecnologia-innovazione-e-passione-per-il-territorio\\\/#primaryimage\",\"url\":\"https:\\\/\\\/www.italtel.com\\\/wp-content\\\/uploads\\\/2025\\\/06\\\/ajello__Paolo_Paolo.webp\",\"contentUrl\":\"https:\\\/\\\/www.italtel.com\\\/wp-content\\\/uploads\\\/2025\\\/06\\\/ajello__Paolo_Paolo.webp\",\"width\":1920,\"height\":1081,\"caption\":\"Gianluca Ajello\"},{\"@type\":\"BreadcrumbList\",\"@id\":\"https:\\\/\\\/www.italtel.com\\\/it\\\/gianluca-ajello-tecnologia-innovazione-e-passione-per-il-territorio\\\/#breadcrumb\",\"itemListElement\":[{\"@type\":\"ListItem\",\"position\":1,\"name\":\"Home\",\"item\":\"https:\\\/\\\/www.italtel.com\\\/it\\\/\"},{\"@type\":\"ListItem\",\"position\":2,\"name\":\"Gianluca Ajello: tecnologia, innovazione e passione per il territorio\"}]},{\"@type\":\"WebSite\",\"@id\":\"https:\\\/\\\/www.italtel.com\\\/de\\\/#website\",\"url\":\"https:\\\/\\\/www.italtel.com\\\/de\\\/\",\"name\":\"Italtel\",\"description\":\"Italtel Group&#039;s company website\",\"publisher\":{\"@id\":\"https:\\\/\\\/www.italtel.com\\\/de\\\/#organization\"},\"potentialAction\":[{\"@type\":\"SearchAction\",\"target\":{\"@type\":\"EntryPoint\",\"urlTemplate\":\"https:\\\/\\\/www.italtel.com\\\/de\\\/?s={search_term_string}\"},\"query-input\":{\"@type\":\"PropertyValueSpecification\",\"valueRequired\":true,\"valueName\":\"search_term_string\"}}],\"inLanguage\":\"it-IT\"},{\"@type\":\"Organization\",\"@id\":\"https:\\\/\\\/www.italtel.com\\\/de\\\/#organization\",\"name\":\"Italtel S.p.A.\",\"url\":\"https:\\\/\\\/www.italtel.com\\\/de\\\/\",\"logo\":{\"@type\":\"ImageObject\",\"inLanguage\":\"it-IT\",\"@id\":\"https:\\\/\\\/www.italtel.com\\\/de\\\/#\\\/schema\\\/logo\\\/image\\\/\",\"url\":\"https:\\\/\\\/www.italtel.com\\\/wp-content\\\/uploads\\\/2024\\\/11\\\/Italtel_logo.png\",\"contentUrl\":\"https:\\\/\\\/www.italtel.com\\\/wp-content\\\/uploads\\\/2024\\\/11\\\/Italtel_logo.png\",\"width\":591,\"height\":139,\"caption\":\"Italtel S.p.A.\"},\"image\":{\"@id\":\"https:\\\/\\\/www.italtel.com\\\/de\\\/#\\\/schema\\\/logo\\\/image\\\/\"},\"sameAs\":[\"https:\\\/\\\/x.com\\\/Italtel\",\"https:\\\/\\\/www.linkedin.com\\\/company\\\/italtel\\\/\",\"https:\\\/\\\/www.instagram.com\\\/italtel_hq\\\/\"]},{\"@type\":\"Person\",\"@id\":\"https:\\\/\\\/www.italtel.com\\\/de\\\/#\\\/schema\\\/person\\\/38f315d5a978255f0cf320055bad5afe\",\"name\":\"Daniela Fontana\",\"image\":{\"@type\":\"ImageObject\",\"inLanguage\":\"it-IT\",\"@id\":\"https:\\\/\\\/secure.gravatar.com\\\/avatar\\\/834a03b0c73144a8ca36e17dc365b3fbadb34c9e44399b609a00f2231e694f6a?s=96&d=mm&r=g\",\"url\":\"https:\\\/\\\/secure.gravatar.com\\\/avatar\\\/834a03b0c73144a8ca36e17dc365b3fbadb34c9e44399b609a00f2231e694f6a?s=96&d=mm&r=g\",\"contentUrl\":\"https:\\\/\\\/secure.gravatar.com\\\/avatar\\\/834a03b0c73144a8ca36e17dc365b3fbadb34c9e44399b609a00f2231e694f6a?s=96&d=mm&r=g\",\"caption\":\"Daniela Fontana\"}}]}<\/script>\n<!-- \/ Yoast SEO plugin. -->","yoast_head_json":{"title":"Gianluca Ajello: tecnologia, innovazione e passione per il territorio - Italtel","robots":{"index":"index","follow":"follow","max-snippet":"max-snippet:-1","max-image-preview":"max-image-preview:large","max-video-preview":"max-video-preview:-1"},"canonical":"https:\/\/www.italtel.com\/it\/gianluca-ajello-tecnologia-innovazione-e-passione-per-il-territorio\/","og_locale":"it_IT","og_type":"article","og_title":"Gianluca Ajello: tecnologia, innovazione e passione per il territorio - Italtel","og_url":"https:\/\/www.italtel.com\/it\/gianluca-ajello-tecnologia-innovazione-e-passione-per-il-territorio\/","og_site_name":"Italtel","article_published_time":"2025-06-11T07:42:04+00:00","article_modified_time":"2025-06-26T13:17:06+00:00","og_image":[{"width":1920,"height":1081,"url":"https:\/\/www.italtel.com\/wp-content\/uploads\/2025\/06\/ajello__Paolo_Paolo.webp","type":"image\/webp"}],"author":"Daniela Fontana","twitter_card":"summary_large_image","twitter_creator":"@Italtel","twitter_site":"@Italtel","twitter_misc":{"Scritto da":"Daniela Fontana","Tempo di lettura stimato":"3 minuti"},"schema":{"@context":"https:\/\/schema.org","@graph":[{"@type":"Article","@id":"https:\/\/www.italtel.com\/it\/gianluca-ajello-tecnologia-innovazione-e-passione-per-il-territorio\/#article","isPartOf":{"@id":"https:\/\/www.italtel.com\/it\/gianluca-ajello-tecnologia-innovazione-e-passione-per-il-territorio\/"},"author":{"name":"Daniela Fontana","@id":"https:\/\/www.italtel.com\/de\/#\/schema\/person\/38f315d5a978255f0cf320055bad5afe"},"headline":"Gianluca Ajello: tecnologia, innovazione e passione per il territorio","datePublished":"2025-06-11T07:42:04+00:00","dateModified":"2025-06-26T13:17:06+00:00","mainEntityOfPage":{"@id":"https:\/\/www.italtel.com\/it\/gianluca-ajello-tecnologia-innovazione-e-passione-per-il-territorio\/"},"wordCount":1038,"publisher":{"@id":"https:\/\/www.italtel.com\/de\/#organization"},"image":{"@id":"https:\/\/www.italtel.com\/it\/gianluca-ajello-tecnologia-innovazione-e-passione-per-il-territorio\/#primaryimage"},"thumbnailUrl":"https:\/\/www.italtel.com\/wp-content\/uploads\/2025\/06\/ajello__Paolo_Paolo.webp","keywords":["Company","Formazione"],"articleSection":["Interview"],"inLanguage":"it-IT"},{"@type":"WebPage","@id":"https:\/\/www.italtel.com\/it\/gianluca-ajello-tecnologia-innovazione-e-passione-per-il-territorio\/","url":"https:\/\/www.italtel.com\/it\/gianluca-ajello-tecnologia-innovazione-e-passione-per-il-territorio\/","name":"Gianluca Ajello: tecnologia, innovazione e passione per il territorio - Italtel","isPartOf":{"@id":"https:\/\/www.italtel.com\/de\/#website"},"primaryImageOfPage":{"@id":"https:\/\/www.italtel.com\/it\/gianluca-ajello-tecnologia-innovazione-e-passione-per-il-territorio\/#primaryimage"},"image":{"@id":"https:\/\/www.italtel.com\/it\/gianluca-ajello-tecnologia-innovazione-e-passione-per-il-territorio\/#primaryimage"},"thumbnailUrl":"https:\/\/www.italtel.com\/wp-content\/uploads\/2025\/06\/ajello__Paolo_Paolo.webp","datePublished":"2025-06-11T07:42:04+00:00","dateModified":"2025-06-26T13:17:06+00:00","breadcrumb":{"@id":"https:\/\/www.italtel.com\/it\/gianluca-ajello-tecnologia-innovazione-e-passione-per-il-territorio\/#breadcrumb"},"inLanguage":"it-IT","potentialAction":[{"@type":"ReadAction","target":["https:\/\/www.italtel.com\/it\/gianluca-ajello-tecnologia-innovazione-e-passione-per-il-territorio\/"]}]},{"@type":"ImageObject","inLanguage":"it-IT","@id":"https:\/\/www.italtel.com\/it\/gianluca-ajello-tecnologia-innovazione-e-passione-per-il-territorio\/#primaryimage","url":"https:\/\/www.italtel.com\/wp-content\/uploads\/2025\/06\/ajello__Paolo_Paolo.webp","contentUrl":"https:\/\/www.italtel.com\/wp-content\/uploads\/2025\/06\/ajello__Paolo_Paolo.webp","width":1920,"height":1081,"caption":"Gianluca Ajello"},{"@type":"BreadcrumbList","@id":"https:\/\/www.italtel.com\/it\/gianluca-ajello-tecnologia-innovazione-e-passione-per-il-territorio\/#breadcrumb","itemListElement":[{"@type":"ListItem","position":1,"name":"Home","item":"https:\/\/www.italtel.com\/it\/"},{"@type":"ListItem","position":2,"name":"Gianluca Ajello: tecnologia, innovazione e passione per il territorio"}]},{"@type":"WebSite","@id":"https:\/\/www.italtel.com\/de\/#website","url":"https:\/\/www.italtel.com\/de\/","name":"Italtel","description":"Italtel Group&#039;s company website","publisher":{"@id":"https:\/\/www.italtel.com\/de\/#organization"},"potentialAction":[{"@type":"SearchAction","target":{"@type":"EntryPoint","urlTemplate":"https:\/\/www.italtel.com\/de\/?s={search_term_string}"},"query-input":{"@type":"PropertyValueSpecification","valueRequired":true,"valueName":"search_term_string"}}],"inLanguage":"it-IT"},{"@type":"Organization","@id":"https:\/\/www.italtel.com\/de\/#organization","name":"Italtel S.p.A.","url":"https:\/\/www.italtel.com\/de\/","logo":{"@type":"ImageObject","inLanguage":"it-IT","@id":"https:\/\/www.italtel.com\/de\/#\/schema\/logo\/image\/","url":"https:\/\/www.italtel.com\/wp-content\/uploads\/2024\/11\/Italtel_logo.png","contentUrl":"https:\/\/www.italtel.com\/wp-content\/uploads\/2024\/11\/Italtel_logo.png","width":591,"height":139,"caption":"Italtel S.p.A."},"image":{"@id":"https:\/\/www.italtel.com\/de\/#\/schema\/logo\/image\/"},"sameAs":["https:\/\/x.com\/Italtel","https:\/\/www.linkedin.com\/company\/italtel\/","https:\/\/www.instagram.com\/italtel_hq\/"]},{"@type":"Person","@id":"https:\/\/www.italtel.com\/de\/#\/schema\/person\/38f315d5a978255f0cf320055bad5afe","name":"Daniela Fontana","image":{"@type":"ImageObject","inLanguage":"it-IT","@id":"https:\/\/secure.gravatar.com\/avatar\/834a03b0c73144a8ca36e17dc365b3fbadb34c9e44399b609a00f2231e694f6a?s=96&d=mm&r=g","url":"https:\/\/secure.gravatar.com\/avatar\/834a03b0c73144a8ca36e17dc365b3fbadb34c9e44399b609a00f2231e694f6a?s=96&d=mm&r=g","contentUrl":"https:\/\/secure.gravatar.com\/avatar\/834a03b0c73144a8ca36e17dc365b3fbadb34c9e44399b609a00f2231e694f6a?s=96&d=mm&r=g","caption":"Daniela Fontana"}}]}},"_links":{"self":[{"href":"https:\/\/www.italtel.com\/it\/wp-json\/wp\/v2\/posts\/75367","targetHints":{"allow":["GET"]}}],"collection":[{"href":"https:\/\/www.italtel.com\/it\/wp-json\/wp\/v2\/posts"}],"about":[{"href":"https:\/\/www.italtel.com\/it\/wp-json\/wp\/v2\/types\/post"}],"author":[{"embeddable":true,"href":"https:\/\/www.italtel.com\/it\/wp-json\/wp\/v2\/users\/6"}],"replies":[{"embeddable":true,"href":"https:\/\/www.italtel.com\/it\/wp-json\/wp\/v2\/comments?post=75367"}],"version-history":[{"count":5,"href":"https:\/\/www.italtel.com\/it\/wp-json\/wp\/v2\/posts\/75367\/revisions"}],"predecessor-version":[{"id":75656,"href":"https:\/\/www.italtel.com\/it\/wp-json\/wp\/v2\/posts\/75367\/revisions\/75656"}],"wp:featuredmedia":[{"embeddable":true,"href":"https:\/\/www.italtel.com\/it\/wp-json\/wp\/v2\/media\/75255"}],"wp:attachment":[{"href":"https:\/\/www.italtel.com\/it\/wp-json\/wp\/v2\/media?parent=75367"}],"wp:term":[{"taxonomy":"category","embeddable":true,"href":"https:\/\/www.italtel.com\/it\/wp-json\/wp\/v2\/categories?post=75367"},{"taxonomy":"post_tag","embeddable":true,"href":"https:\/\/www.italtel.com\/it\/wp-json\/wp\/v2\/tags?post=75367"}],"curies":[{"name":"wp","href":"https:\/\/api.w.org\/{rel}","templated":true}]}}