{"id":77529,"date":"2025-09-12T07:46:55","date_gmt":"2025-09-12T05:46:55","guid":{"rendered":"https:\/\/www.italtel.com\/?p=77529"},"modified":"2025-09-12T07:48:50","modified_gmt":"2025-09-12T05:48:50","slug":"dietro-le-quinte-della-sostenibilita-ambientale-la-voce-di-marco-paglino","status":"publish","type":"post","link":"https:\/\/www.italtel.com\/it\/dietro-le-quinte-della-sostenibilita-ambientale-la-voce-di-marco-paglino\/","title":{"rendered":"Dietro le quinte della sostenibilit\u00e0 ambientale: la voce di Marco Paglino"},"content":{"rendered":"\n<div class=\"row\"  id=\"row-93096589\">\n\n\n\t<div id=\"col-2011887475\" class=\"col medium-9 small-12 large-9\"  >\n\t\t\t\t<div class=\"col-inner\"  >\n\t\t\t\n\t\t\t\n\n\t<div id=\"text-3836128336\" class=\"text fontsize_18 color_black\">\n\t\t\n\n<p>Environmental Impact Evaluation &amp; Reporting Analyst in<em> Italtel, Marco racconta un percorso fatto di analisi, efficienza e visione ESG.<\/em>\u00a0<\/p>\n<p>Quando si dice \u201cseguire l\u2019evoluzione delle proprie passioni\u201d. \u00c8 quello che ha fatto <strong>Marco Paglino<\/strong>, che dopo una laurea in Ingegneria civile e strutture al Politecnico di Milano, ha intrapreso un percorso professionale in continua trasformazione, fino a diventare oggi il punto di riferimento in Italtel per la <strong>sostenibilit\u00e0 ambientale.<\/strong>\u00a0<\/p>\n<p>La sua carriera inizia nel 2001, quasi per caso, con un colloquio nella <strong>sede storica di Castelletto<\/strong>. Entra nella funzione <strong>Facility<\/strong> e si immerge da subito nella comprensione del funzionamento di un <strong>grande complesso industriale<\/strong>. Un\u2019esperienza formativa, fatta di planimetrie, dati e sopralluoghi, che segna l\u2019inizio di un cammino che negli anni si arricchir\u00e0 di nuovi progetti e responsabilit\u00e0.\u00a0<\/p>\n<h5><strong>Grandi progetti, nuove competenze<\/strong>\u00a0<\/h5>\n<p>Tra le tappe pi\u00f9 significative c\u2019\u00e8 la <strong>ristrutturazione della Cascina<\/strong>, un progetto ambizioso che ha trasformato un edificio storico in una location d\u2019eccellenza per eventi, meeting aziendali, e sede del Top Management. Di colpo si era ritrovato a progettare strutture, le pi\u00f9 complicate che avesse mai visto, ma sul campo e non sui libri, affiancando uno studio di architettura dedicato al disegno dei nuovi spazi.\u00a0<\/p>\n<p>Un altro progetto cruciale \u00e8 stata la <strong>migrazione di sale prove, impianti e circa 800 persone<\/strong> in spazi pi\u00f9 compatti. Un\u2019esperienza che ha permesso a Marco di sviluppare competenze su program e project management, la conoscenza di datacenter di grandi dimensioni, analisi dei costi e modellazione delle spese operative. \u00c8 in questa fase che scopre una nuova passione: quella per l\u2019<strong>energia<\/strong> e l\u2019<strong>ottimizzazione dei consumi<\/strong>.\u00a0<\/p>\n<p>\u00a0Nel 2012 inizia a lavorare a progetti di efficientamento, misurazione dei consumi e rifacimento impianti di raffreddamento e riscaldamento nei siti di Carini, Castelletto e negli spazi comuni come mensa e Cascina, fungendo da Energy Manager di Italtel con specifico in riferimento alla dichiarazione annuale sui consumi energetici aziendali, al fine di adempiere gli obblighi normativi in materia di gestione dell&#8217;energia.<\/p>\n<p>Durante questa fase Marco ha coordinato anche un progetto pilota sulla piattaforma aziendale di monitoraggio energetico Italtel, chiamato Energy Service Center: un sistema sviluppato per raccogliere, analizzare e visualizzare in tempo reale i dati energetici degli edifici e degli impianti. I driver di questi progetti sono due: <strong>ridurre i consumi e aumentare l\u2019efficienza<\/strong>.\u00a0<\/p>\n<h5><strong>La sostenibilit\u00e0 entra in scena<\/strong>\u00a0<\/h5>\n<p>Nel 2015 Marco inizia ad occuparsi di sostenibilit\u00e0, rispondendo al primo questionario <strong>EcoVadis<\/strong>. Negli anni successivi, contribuisce alla redazione del primo <strong>Bilancio di Sostenibilit\u00e0<\/strong> dell\u2019azienda (2019) e alla compilazione del questionario <strong>CDP (Carbon Disclosure Project),<\/strong> su richiesta di un cliente internazionale. Entrambi si rilevano strumenti fondamentali per misurare l\u2019impatto ambientale e migliorare la trasparenza verso clienti e stakeholder.<\/p>\n<p>La sua esperienza cresce e migliora con il passare del tempo, e cos\u00ec anche il rating CDP e la capacit\u00e0 di portare a termine progetti rilevanti, spesso richiesti dai clienti per poter diventare fornitori o rimanere tali, in una cornice normativa che d\u00e0 sempre pi\u00f9 rilievo alle <strong>tematiche di impatto ambientale<\/strong>.\u00a0<\/p>\n<p>Tra i progetti a cui \u00e8 pi\u00f9 legato, c\u2019\u00e8 la <strong>certificazione ISO 14064-1<\/strong>, uno standard internazionale che definisce le migliori pratiche nella quantificazione e rendicontazione delle emissioni di gas serra (GHG). Un traguardo importante, che ha richiesto da parte di Marco il coordinamento di un team interfunzionale con una scadenza anticipata, ma rispettata: un lavoro di squadra fondamentale per partecipare a una <strong>gara internazionale nel settore Utilities<\/strong>, in cui la certificazione era un requisito indispensabile. Un esempio concreto di come la sostenibilit\u00e0 non sia solo un valore, ma un <strong>fattore abilitante per il business<\/strong>.\u00a0<\/p>\n<h5><strong>Un impegno in continua evoluzione<\/strong>\u00a0<\/h5>\n<p>Oggi Marco si occupa della valutazione dell\u2019impatto ambientale del Gruppo Italtel e segue:\u00a0<br \/>\u2714\ufe0f la raccolta dati e contenuti per il bilancio di sostenibilit\u00e0\u00a0<br \/>\u2714\ufe0f la definizione del piano ambientale aziendale\u00a0<br \/>\u2714\ufe0f la gestione e compilazione dei questionari ESG (come CDP) per tutte le country\u00a0<br \/>\u2714\ufe0f il supporto ad altri colleghi su piattaforme come EcoVadis\u00a0<\/p>\n<p>Proprio il <strong>CDP 2024<\/strong>, realizzato per la prima volta a livello di Gruppo, \u00e8 uno dei progetti pi\u00f9 sfidanti e rilevanti: un documento firmato dal CEO, che rappresenta l\u2019impegno ambientale di tutta Italtel.\u00a0<\/p>\n<p>Negli ultimi anni, l\u2019attenzione aziendale verso la sostenibilit\u00e0 \u00e8 cresciuta. \u00c8 stato creato un team dedicato nel programma di Transformation ed \u00e8 stato istituito un <strong>Comitato ESG<\/strong> che coinvolge parte delle prime linee e il CEO, con l\u2019obiettivo di orientare strategicamente l\u2019impegno dell\u2019azienda. La strada \u00e8 ancora lunga, ma la direzione \u00e8 chiara.\u00a0<\/p>\n<h5><strong>Uno sguardo al futuro<\/strong>\u00a0<\/h5>\n<p>Per Marco, il futuro della sostenibilit\u00e0 in Italtel passa da obiettivi ambiziosi: tra questi, l\u2019adesione agli\u00a0<strong>standard SBTi<\/strong>\u00a0(Science Based Targets initiative) e l\u2019adozione di\u00a0<strong>strategie orientate verso\u00a0<\/strong>la\u00a0<strong>decarbonizzazione e<\/strong>\u00a0la\u00a0<strong>Carbon Neutrality<\/strong>. Traguardi importanti, che richiedono che tutta l\u2019azienda sia coinvolta.<\/p>\n<p>A chi desidera avvicinarsi a questo ambito, Marco consiglia di partire da un\u2019esperienza sul campo:\u00a0\u201cUna certificazione, un bilancio ESG o la compilazione di un questionario internazionale in un\u2019azienda strutturata. Solo cos\u00ec si comprende davvero la complessit\u00e0 e il valore di questo lavoro.\u201d\u00a0<\/p>\n<p>Infine, due buone abitudini per tutti da mettere in pratica fin da subito:\u00a0<\/p>\n<ul>\n<li>Sostituire gli allegati e-mail con link al cloud, per ridurre consumi e impatto energetico.\u00a0<\/li>\n<\/ul>\n<ul>\n<li>Usare l\u2019intelligenza artificiale con consapevolezza: \u00e8 una tecnologia potente, ma ha un costo energetico importante e di conseguenza un impatto sull\u2019ambiente. Meglio attivarla solo quando serve davvero!\u00a0<\/li>\n<\/ul>\n\t\t\t<\/div>\n\t\n\n\t\t<\/div>\n\t\t\t\t\n<style>\n#col-2011887475 > .col-inner {\n  padding: 6rem 11rem 0px 0px;\n}\n<\/style>\n\t<\/div>\n\n\t\n\n\t<div id=\"col-1006444993\" class=\"col sibebar_col medium-3 small-12 large-3\"  >\n\t\t<div class=\"is-sticky-column\"><div class=\"is-sticky-column__inner\">\t\t<div class=\"col-inner\"  >\n\t\t\t\n\t\t\t\n\n\t<div id=\"text-3799777643\" class=\"text fontsize_16 color_black fontweight_500\">\n\t\t\n\nTECH KEYWORDS\n\t\t\t<\/div>\n\t\n<div class=\"is-divider divider clearfix\" style=\"margin-top:2rem;margin-bottom:2rem;max-width:100%;height:1px;background-color:rgba(112, 112, 112, 0.302);\"><\/div>\n\n\t<div id=\"text-2536503012\" class=\"text fontsize_18 color_black\">\n\t\t\n\n<p>SUSTAINABILITY<\/p>\n\t\t\t<\/div>\n\t\n<div class=\"is-divider divider clearfix\" style=\"margin-top:2rem;margin-bottom:2rem;max-width:100%;height:1px;background-color:rgba(112, 112, 112, 0.302);\"><\/div>\n\n\t<div id=\"text-3562228948\" class=\"text fontsize_18 color_black\">\n\t\t\n\n<p>ITALTEL PEOPLE<\/p>\n\t\t\t<\/div>\n\t\n<div class=\"is-divider divider clearfix\" style=\"margin-top:2rem;margin-bottom:2rem;max-width:100%;height:1px;background-color:rgba(112, 112, 112, 0.302);\"><\/div>\n\n\t<div id=\"text-124558762\" class=\"text fontsize_18 color_black\">\n\t\t\n\n<p>ENERGY MANAGEMENT<\/p>\n\t\t\t<\/div>\n\t\n\t<div id=\"gap-332905352\" class=\"gap-element clearfix\" style=\"display:block; height:auto;\">\n\t\t\n<style>\n#gap-332905352 {\n  padding-top: 13rem;\n}\n<\/style>\n\t<\/div>\n\t\n\n\t<div id=\"text-301340426\" class=\"text fontsize_16 color_black fontweight_500\">\n\t\t\n\nSHARE THE PAGE\n\t\t\t<\/div>\n\t\n<div class=\"is-divider divider clearfix\" style=\"margin-top:2rem;margin-bottom:2rem;max-width:100%;height:1px;background-color:rgba(112, 112, 112, 0.302);\"><\/div>\n\n\t<div class=\"img has-hover socialshare_icon linkedin x md-x lg-x y md-y lg-y\" id=\"image_229901999\">\n\t\t\t\t\t\t\t\t<div class=\"img-inner dark\" >\n\t\t\t<img loading=\"lazy\" decoding=\"async\" width=\"1\" height=\"1\" src=\"https:\/\/www.italtel.com\/wp-content\/uploads\/2024\/09\/Linkedin-icon.svg\" class=\"attachment-large size-large\" alt=\"Linkedin-icon\" \/>\t\t\t\t\t\t\n\t\t\t\t\t<\/div>\n\t\t\t\t\t\t\t\t\n<style>\n#image_229901999 {\n  width: 100%;\n}\n<\/style>\n\t<\/div>\n\t\n\n\t<div class=\"img has-hover socialshare_icon instagram x md-x lg-x y md-y lg-y\" id=\"image_603244495\">\n\t\t\t\t\t\t\t\t<div class=\"img-inner dark\" >\n\t\t\t<img loading=\"lazy\" decoding=\"async\" width=\"27\" height=\"27\" src=\"https:\/\/www.italtel.com\/wp-content\/uploads\/2024\/07\/Raggruppa-12942.png\" class=\"attachment-large size-large\" alt=\"Instagram icon\" \/>\t\t\t\t\t\t\n\t\t\t\t\t<\/div>\n\t\t\t\t\t\t\t\t\n<style>\n#image_603244495 {\n  width: 100%;\n}\n<\/style>\n\t<\/div>\n\t\n\n\t<div class=\"img has-hover socialshare_icon ex x md-x lg-x y md-y lg-y\" id=\"image_1357725104\">\n\t\t\t\t\t\t\t\t<div class=\"img-inner dark\" >\n\t\t\t<img loading=\"lazy\" decoding=\"async\" width=\"1\" height=\"1\" src=\"https:\/\/www.italtel.com\/wp-content\/uploads\/2024\/09\/X-icon.svg\" class=\"attachment-large size-large\" alt=\"X-icon\" \/>\t\t\t\t\t\t\n\t\t\t\t\t<\/div>\n\t\t\t\t\t\t\t\t\n<style>\n#image_1357725104 {\n  width: 100%;\n}\n<\/style>\n\t<\/div>\n\t\n\n\n\t\t<\/div>\n\t\t<\/div><\/div>\t\t\n<style>\n#col-1006444993 > .is-sticky-column > .is-sticky-column__inner > .col-inner {\n  padding: 6rem 0px 0px 0px;\n}\n<\/style>\n\t<\/div>\n\n\t\n\n<\/div>\n\n","protected":false},"excerpt":{"rendered":"","protected":false},"author":6,"featured_media":77509,"comment_status":"closed","ping_status":"closed","sticky":false,"template":"","format":"standard","meta":{"footnotes":""},"categories":[394,803],"tags":[953,392,825],"class_list":["post-77529","post","type-post","status-publish","format-standard","has-post-thumbnail","hentry","category-focus-it","category-interview-it","tag-company-it","tag-our-people","tag-sustainability-it"],"yoast_head":"<!-- This site is optimized with the Yoast SEO plugin v27.4 - https:\/\/yoast.com\/product\/yoast-seo-wordpress\/ -->\n<title>Dietro le quinte della sostenibilit\u00e0 ambientale: la voce di Marco Paglino - Italtel<\/title>\n<meta name=\"description\" content=\"Il percorso di Marco Paglino in Italtel: dall\u2019ingegneria alla sostenibilit\u00e0, tra progetti ESG, efficienza energetica e visione per il futuro.\" \/>\n<meta name=\"robots\" content=\"index, follow, max-snippet:-1, max-image-preview:large, max-video-preview:-1\" \/>\n<link rel=\"canonical\" href=\"https:\/\/www.italtel.com\/it\/dietro-le-quinte-della-sostenibilita-ambientale-la-voce-di-marco-paglino\/\" \/>\n<meta property=\"og:locale\" content=\"it_IT\" \/>\n<meta property=\"og:type\" content=\"article\" \/>\n<meta property=\"og:title\" content=\"Dietro le quinte della sostenibilit\u00e0 ambientale: la voce di Marco Paglino - Italtel\" \/>\n<meta property=\"og:description\" content=\"Il percorso di Marco Paglino in Italtel: dall\u2019ingegneria alla sostenibilit\u00e0, tra progetti ESG, efficienza energetica e visione per il futuro.\" \/>\n<meta property=\"og:url\" content=\"https:\/\/www.italtel.com\/it\/dietro-le-quinte-della-sostenibilita-ambientale-la-voce-di-marco-paglino\/\" \/>\n<meta property=\"og:site_name\" content=\"Italtel\" \/>\n<meta property=\"article:published_time\" content=\"2025-09-12T05:46:55+00:00\" \/>\n<meta property=\"article:modified_time\" content=\"2025-09-12T05:48:50+00:00\" \/>\n<meta property=\"og:image\" content=\"https:\/\/www.italtel.com\/wp-content\/uploads\/2025\/09\/Marco_sito-copia.webp\" \/>\n\t<meta property=\"og:image:width\" content=\"1920\" \/>\n\t<meta property=\"og:image:height\" content=\"1081\" \/>\n\t<meta property=\"og:image:type\" content=\"image\/webp\" \/>\n<meta name=\"author\" content=\"Daniela Fontana\" \/>\n<meta name=\"twitter:card\" content=\"summary_large_image\" \/>\n<meta name=\"twitter:creator\" content=\"@Italtel\" \/>\n<meta name=\"twitter:site\" content=\"@Italtel\" \/>\n<meta name=\"twitter:label1\" content=\"Scritto da\" \/>\n\t<meta name=\"twitter:data1\" content=\"Daniela Fontana\" \/>\n\t<meta name=\"twitter:label2\" content=\"Tempo di lettura stimato\" \/>\n\t<meta name=\"twitter:data2\" content=\"5 minuti\" \/>\n<script type=\"application\/ld+json\" class=\"yoast-schema-graph\">{\"@context\":\"https:\\\/\\\/schema.org\",\"@graph\":[{\"@type\":\"Article\",\"@id\":\"https:\\\/\\\/www.italtel.com\\\/it\\\/dietro-le-quinte-della-sostenibilita-ambientale-la-voce-di-marco-paglino\\\/#article\",\"isPartOf\":{\"@id\":\"https:\\\/\\\/www.italtel.com\\\/it\\\/dietro-le-quinte-della-sostenibilita-ambientale-la-voce-di-marco-paglino\\\/\"},\"author\":{\"name\":\"Daniela Fontana\",\"@id\":\"https:\\\/\\\/www.italtel.com\\\/de\\\/#\\\/schema\\\/person\\\/38f315d5a978255f0cf320055bad5afe\"},\"headline\":\"Dietro le quinte della sostenibilit\u00e0 ambientale: la voce di Marco Paglino\",\"datePublished\":\"2025-09-12T05:46:55+00:00\",\"dateModified\":\"2025-09-12T05:48:50+00:00\",\"mainEntityOfPage\":{\"@id\":\"https:\\\/\\\/www.italtel.com\\\/it\\\/dietro-le-quinte-della-sostenibilita-ambientale-la-voce-di-marco-paglino\\\/\"},\"wordCount\":1031,\"publisher\":{\"@id\":\"https:\\\/\\\/www.italtel.com\\\/de\\\/#organization\"},\"image\":{\"@id\":\"https:\\\/\\\/www.italtel.com\\\/it\\\/dietro-le-quinte-della-sostenibilita-ambientale-la-voce-di-marco-paglino\\\/#primaryimage\"},\"thumbnailUrl\":\"https:\\\/\\\/www.italtel.com\\\/wp-content\\\/uploads\\\/2025\\\/09\\\/Marco_sito-copia.webp\",\"keywords\":[\"Company\",\"our people\",\"Sustainability\"],\"articleSection\":[\"Focus\",\"Interview\"],\"inLanguage\":\"it-IT\"},{\"@type\":\"WebPage\",\"@id\":\"https:\\\/\\\/www.italtel.com\\\/it\\\/dietro-le-quinte-della-sostenibilita-ambientale-la-voce-di-marco-paglino\\\/\",\"url\":\"https:\\\/\\\/www.italtel.com\\\/it\\\/dietro-le-quinte-della-sostenibilita-ambientale-la-voce-di-marco-paglino\\\/\",\"name\":\"Dietro le quinte della sostenibilit\u00e0 ambientale: la voce di Marco Paglino - Italtel\",\"isPartOf\":{\"@id\":\"https:\\\/\\\/www.italtel.com\\\/de\\\/#website\"},\"primaryImageOfPage\":{\"@id\":\"https:\\\/\\\/www.italtel.com\\\/it\\\/dietro-le-quinte-della-sostenibilita-ambientale-la-voce-di-marco-paglino\\\/#primaryimage\"},\"image\":{\"@id\":\"https:\\\/\\\/www.italtel.com\\\/it\\\/dietro-le-quinte-della-sostenibilita-ambientale-la-voce-di-marco-paglino\\\/#primaryimage\"},\"thumbnailUrl\":\"https:\\\/\\\/www.italtel.com\\\/wp-content\\\/uploads\\\/2025\\\/09\\\/Marco_sito-copia.webp\",\"datePublished\":\"2025-09-12T05:46:55+00:00\",\"dateModified\":\"2025-09-12T05:48:50+00:00\",\"description\":\"Il percorso di Marco Paglino in Italtel: dall\u2019ingegneria alla sostenibilit\u00e0, tra progetti ESG, efficienza energetica e visione per il futuro.\",\"breadcrumb\":{\"@id\":\"https:\\\/\\\/www.italtel.com\\\/it\\\/dietro-le-quinte-della-sostenibilita-ambientale-la-voce-di-marco-paglino\\\/#breadcrumb\"},\"inLanguage\":\"it-IT\",\"potentialAction\":[{\"@type\":\"ReadAction\",\"target\":[\"https:\\\/\\\/www.italtel.com\\\/it\\\/dietro-le-quinte-della-sostenibilita-ambientale-la-voce-di-marco-paglino\\\/\"]}]},{\"@type\":\"ImageObject\",\"inLanguage\":\"it-IT\",\"@id\":\"https:\\\/\\\/www.italtel.com\\\/it\\\/dietro-le-quinte-della-sostenibilita-ambientale-la-voce-di-marco-paglino\\\/#primaryimage\",\"url\":\"https:\\\/\\\/www.italtel.com\\\/wp-content\\\/uploads\\\/2025\\\/09\\\/Marco_sito-copia.webp\",\"contentUrl\":\"https:\\\/\\\/www.italtel.com\\\/wp-content\\\/uploads\\\/2025\\\/09\\\/Marco_sito-copia.webp\",\"width\":1920,\"height\":1081,\"caption\":\"Marco Paglino\"},{\"@type\":\"BreadcrumbList\",\"@id\":\"https:\\\/\\\/www.italtel.com\\\/it\\\/dietro-le-quinte-della-sostenibilita-ambientale-la-voce-di-marco-paglino\\\/#breadcrumb\",\"itemListElement\":[{\"@type\":\"ListItem\",\"position\":1,\"name\":\"Home\",\"item\":\"https:\\\/\\\/www.italtel.com\\\/it\\\/\"},{\"@type\":\"ListItem\",\"position\":2,\"name\":\"Dietro le quinte della sostenibilit\u00e0 ambientale: la voce di Marco Paglino\"}]},{\"@type\":\"WebSite\",\"@id\":\"https:\\\/\\\/www.italtel.com\\\/de\\\/#website\",\"url\":\"https:\\\/\\\/www.italtel.com\\\/de\\\/\",\"name\":\"Italtel\",\"description\":\"Italtel Group&#039;s company website\",\"publisher\":{\"@id\":\"https:\\\/\\\/www.italtel.com\\\/de\\\/#organization\"},\"potentialAction\":[{\"@type\":\"SearchAction\",\"target\":{\"@type\":\"EntryPoint\",\"urlTemplate\":\"https:\\\/\\\/www.italtel.com\\\/de\\\/?s={search_term_string}\"},\"query-input\":{\"@type\":\"PropertyValueSpecification\",\"valueRequired\":true,\"valueName\":\"search_term_string\"}}],\"inLanguage\":\"it-IT\"},{\"@type\":\"Organization\",\"@id\":\"https:\\\/\\\/www.italtel.com\\\/de\\\/#organization\",\"name\":\"Italtel S.p.A.\",\"url\":\"https:\\\/\\\/www.italtel.com\\\/de\\\/\",\"logo\":{\"@type\":\"ImageObject\",\"inLanguage\":\"it-IT\",\"@id\":\"https:\\\/\\\/www.italtel.com\\\/de\\\/#\\\/schema\\\/logo\\\/image\\\/\",\"url\":\"https:\\\/\\\/www.italtel.com\\\/wp-content\\\/uploads\\\/2024\\\/11\\\/Italtel_logo.png\",\"contentUrl\":\"https:\\\/\\\/www.italtel.com\\\/wp-content\\\/uploads\\\/2024\\\/11\\\/Italtel_logo.png\",\"width\":591,\"height\":139,\"caption\":\"Italtel S.p.A.\"},\"image\":{\"@id\":\"https:\\\/\\\/www.italtel.com\\\/de\\\/#\\\/schema\\\/logo\\\/image\\\/\"},\"sameAs\":[\"https:\\\/\\\/x.com\\\/Italtel\",\"https:\\\/\\\/www.linkedin.com\\\/company\\\/italtel\\\/\",\"https:\\\/\\\/www.instagram.com\\\/italtel_hq\\\/\"]},{\"@type\":\"Person\",\"@id\":\"https:\\\/\\\/www.italtel.com\\\/de\\\/#\\\/schema\\\/person\\\/38f315d5a978255f0cf320055bad5afe\",\"name\":\"Daniela Fontana\",\"image\":{\"@type\":\"ImageObject\",\"inLanguage\":\"it-IT\",\"@id\":\"https:\\\/\\\/secure.gravatar.com\\\/avatar\\\/834a03b0c73144a8ca36e17dc365b3fbadb34c9e44399b609a00f2231e694f6a?s=96&d=mm&r=g\",\"url\":\"https:\\\/\\\/secure.gravatar.com\\\/avatar\\\/834a03b0c73144a8ca36e17dc365b3fbadb34c9e44399b609a00f2231e694f6a?s=96&d=mm&r=g\",\"contentUrl\":\"https:\\\/\\\/secure.gravatar.com\\\/avatar\\\/834a03b0c73144a8ca36e17dc365b3fbadb34c9e44399b609a00f2231e694f6a?s=96&d=mm&r=g\",\"caption\":\"Daniela Fontana\"}}]}<\/script>\n<!-- \/ Yoast SEO plugin. -->","yoast_head_json":{"title":"Dietro le quinte della sostenibilit\u00e0 ambientale: la voce di Marco Paglino - Italtel","description":"Il percorso di Marco Paglino in Italtel: dall\u2019ingegneria alla sostenibilit\u00e0, tra progetti ESG, efficienza energetica e visione per il futuro.","robots":{"index":"index","follow":"follow","max-snippet":"max-snippet:-1","max-image-preview":"max-image-preview:large","max-video-preview":"max-video-preview:-1"},"canonical":"https:\/\/www.italtel.com\/it\/dietro-le-quinte-della-sostenibilita-ambientale-la-voce-di-marco-paglino\/","og_locale":"it_IT","og_type":"article","og_title":"Dietro le quinte della sostenibilit\u00e0 ambientale: la voce di Marco Paglino - Italtel","og_description":"Il percorso di Marco Paglino in Italtel: dall\u2019ingegneria alla sostenibilit\u00e0, tra progetti ESG, efficienza energetica e visione per il futuro.","og_url":"https:\/\/www.italtel.com\/it\/dietro-le-quinte-della-sostenibilita-ambientale-la-voce-di-marco-paglino\/","og_site_name":"Italtel","article_published_time":"2025-09-12T05:46:55+00:00","article_modified_time":"2025-09-12T05:48:50+00:00","og_image":[{"width":1920,"height":1081,"url":"https:\/\/www.italtel.com\/wp-content\/uploads\/2025\/09\/Marco_sito-copia.webp","type":"image\/webp"}],"author":"Daniela Fontana","twitter_card":"summary_large_image","twitter_creator":"@Italtel","twitter_site":"@Italtel","twitter_misc":{"Scritto da":"Daniela Fontana","Tempo di lettura stimato":"5 minuti"},"schema":{"@context":"https:\/\/schema.org","@graph":[{"@type":"Article","@id":"https:\/\/www.italtel.com\/it\/dietro-le-quinte-della-sostenibilita-ambientale-la-voce-di-marco-paglino\/#article","isPartOf":{"@id":"https:\/\/www.italtel.com\/it\/dietro-le-quinte-della-sostenibilita-ambientale-la-voce-di-marco-paglino\/"},"author":{"name":"Daniela Fontana","@id":"https:\/\/www.italtel.com\/de\/#\/schema\/person\/38f315d5a978255f0cf320055bad5afe"},"headline":"Dietro le quinte della sostenibilit\u00e0 ambientale: la voce di Marco Paglino","datePublished":"2025-09-12T05:46:55+00:00","dateModified":"2025-09-12T05:48:50+00:00","mainEntityOfPage":{"@id":"https:\/\/www.italtel.com\/it\/dietro-le-quinte-della-sostenibilita-ambientale-la-voce-di-marco-paglino\/"},"wordCount":1031,"publisher":{"@id":"https:\/\/www.italtel.com\/de\/#organization"},"image":{"@id":"https:\/\/www.italtel.com\/it\/dietro-le-quinte-della-sostenibilita-ambientale-la-voce-di-marco-paglino\/#primaryimage"},"thumbnailUrl":"https:\/\/www.italtel.com\/wp-content\/uploads\/2025\/09\/Marco_sito-copia.webp","keywords":["Company","our people","Sustainability"],"articleSection":["Focus","Interview"],"inLanguage":"it-IT"},{"@type":"WebPage","@id":"https:\/\/www.italtel.com\/it\/dietro-le-quinte-della-sostenibilita-ambientale-la-voce-di-marco-paglino\/","url":"https:\/\/www.italtel.com\/it\/dietro-le-quinte-della-sostenibilita-ambientale-la-voce-di-marco-paglino\/","name":"Dietro le quinte della sostenibilit\u00e0 ambientale: la voce di Marco Paglino - Italtel","isPartOf":{"@id":"https:\/\/www.italtel.com\/de\/#website"},"primaryImageOfPage":{"@id":"https:\/\/www.italtel.com\/it\/dietro-le-quinte-della-sostenibilita-ambientale-la-voce-di-marco-paglino\/#primaryimage"},"image":{"@id":"https:\/\/www.italtel.com\/it\/dietro-le-quinte-della-sostenibilita-ambientale-la-voce-di-marco-paglino\/#primaryimage"},"thumbnailUrl":"https:\/\/www.italtel.com\/wp-content\/uploads\/2025\/09\/Marco_sito-copia.webp","datePublished":"2025-09-12T05:46:55+00:00","dateModified":"2025-09-12T05:48:50+00:00","description":"Il percorso di Marco Paglino in Italtel: dall\u2019ingegneria alla sostenibilit\u00e0, tra progetti ESG, efficienza energetica e visione per il futuro.","breadcrumb":{"@id":"https:\/\/www.italtel.com\/it\/dietro-le-quinte-della-sostenibilita-ambientale-la-voce-di-marco-paglino\/#breadcrumb"},"inLanguage":"it-IT","potentialAction":[{"@type":"ReadAction","target":["https:\/\/www.italtel.com\/it\/dietro-le-quinte-della-sostenibilita-ambientale-la-voce-di-marco-paglino\/"]}]},{"@type":"ImageObject","inLanguage":"it-IT","@id":"https:\/\/www.italtel.com\/it\/dietro-le-quinte-della-sostenibilita-ambientale-la-voce-di-marco-paglino\/#primaryimage","url":"https:\/\/www.italtel.com\/wp-content\/uploads\/2025\/09\/Marco_sito-copia.webp","contentUrl":"https:\/\/www.italtel.com\/wp-content\/uploads\/2025\/09\/Marco_sito-copia.webp","width":1920,"height":1081,"caption":"Marco Paglino"},{"@type":"BreadcrumbList","@id":"https:\/\/www.italtel.com\/it\/dietro-le-quinte-della-sostenibilita-ambientale-la-voce-di-marco-paglino\/#breadcrumb","itemListElement":[{"@type":"ListItem","position":1,"name":"Home","item":"https:\/\/www.italtel.com\/it\/"},{"@type":"ListItem","position":2,"name":"Dietro le quinte della sostenibilit\u00e0 ambientale: la voce di Marco Paglino"}]},{"@type":"WebSite","@id":"https:\/\/www.italtel.com\/de\/#website","url":"https:\/\/www.italtel.com\/de\/","name":"Italtel","description":"Italtel Group&#039;s company website","publisher":{"@id":"https:\/\/www.italtel.com\/de\/#organization"},"potentialAction":[{"@type":"SearchAction","target":{"@type":"EntryPoint","urlTemplate":"https:\/\/www.italtel.com\/de\/?s={search_term_string}"},"query-input":{"@type":"PropertyValueSpecification","valueRequired":true,"valueName":"search_term_string"}}],"inLanguage":"it-IT"},{"@type":"Organization","@id":"https:\/\/www.italtel.com\/de\/#organization","name":"Italtel S.p.A.","url":"https:\/\/www.italtel.com\/de\/","logo":{"@type":"ImageObject","inLanguage":"it-IT","@id":"https:\/\/www.italtel.com\/de\/#\/schema\/logo\/image\/","url":"https:\/\/www.italtel.com\/wp-content\/uploads\/2024\/11\/Italtel_logo.png","contentUrl":"https:\/\/www.italtel.com\/wp-content\/uploads\/2024\/11\/Italtel_logo.png","width":591,"height":139,"caption":"Italtel S.p.A."},"image":{"@id":"https:\/\/www.italtel.com\/de\/#\/schema\/logo\/image\/"},"sameAs":["https:\/\/x.com\/Italtel","https:\/\/www.linkedin.com\/company\/italtel\/","https:\/\/www.instagram.com\/italtel_hq\/"]},{"@type":"Person","@id":"https:\/\/www.italtel.com\/de\/#\/schema\/person\/38f315d5a978255f0cf320055bad5afe","name":"Daniela Fontana","image":{"@type":"ImageObject","inLanguage":"it-IT","@id":"https:\/\/secure.gravatar.com\/avatar\/834a03b0c73144a8ca36e17dc365b3fbadb34c9e44399b609a00f2231e694f6a?s=96&d=mm&r=g","url":"https:\/\/secure.gravatar.com\/avatar\/834a03b0c73144a8ca36e17dc365b3fbadb34c9e44399b609a00f2231e694f6a?s=96&d=mm&r=g","contentUrl":"https:\/\/secure.gravatar.com\/avatar\/834a03b0c73144a8ca36e17dc365b3fbadb34c9e44399b609a00f2231e694f6a?s=96&d=mm&r=g","caption":"Daniela Fontana"}}]}},"_links":{"self":[{"href":"https:\/\/www.italtel.com\/it\/wp-json\/wp\/v2\/posts\/77529","targetHints":{"allow":["GET"]}}],"collection":[{"href":"https:\/\/www.italtel.com\/it\/wp-json\/wp\/v2\/posts"}],"about":[{"href":"https:\/\/www.italtel.com\/it\/wp-json\/wp\/v2\/types\/post"}],"author":[{"embeddable":true,"href":"https:\/\/www.italtel.com\/it\/wp-json\/wp\/v2\/users\/6"}],"replies":[{"embeddable":true,"href":"https:\/\/www.italtel.com\/it\/wp-json\/wp\/v2\/comments?post=77529"}],"version-history":[{"count":3,"href":"https:\/\/www.italtel.com\/it\/wp-json\/wp\/v2\/posts\/77529\/revisions"}],"predecessor-version":[{"id":77532,"href":"https:\/\/www.italtel.com\/it\/wp-json\/wp\/v2\/posts\/77529\/revisions\/77532"}],"wp:featuredmedia":[{"embeddable":true,"href":"https:\/\/www.italtel.com\/it\/wp-json\/wp\/v2\/media\/77509"}],"wp:attachment":[{"href":"https:\/\/www.italtel.com\/it\/wp-json\/wp\/v2\/media?parent=77529"}],"wp:term":[{"taxonomy":"category","embeddable":true,"href":"https:\/\/www.italtel.com\/it\/wp-json\/wp\/v2\/categories?post=77529"},{"taxonomy":"post_tag","embeddable":true,"href":"https:\/\/www.italtel.com\/it\/wp-json\/wp\/v2\/tags?post=77529"}],"curies":[{"name":"wp","href":"https:\/\/api.w.org\/{rel}","templated":true}]}}