{"id":78908,"date":"2025-10-27T17:39:47","date_gmt":"2025-10-27T15:39:47","guid":{"rendered":"https:\/\/www.italtel.com\/?p=78908"},"modified":"2025-10-27T17:52:59","modified_gmt":"2025-10-27T15:52:59","slug":"ai-e-parita-di-genere-larticolo-di-laura-borlenghi-su-ai4business","status":"publish","type":"post","link":"https:\/\/www.italtel.com\/it\/ai-e-parita-di-genere-larticolo-di-laura-borlenghi-su-ai4business\/","title":{"rendered":"AI e parit\u00e0 di genere: l\u2019articolo di Laura Borlenghi su AI4Business"},"content":{"rendered":"\n<div class=\"row\"  id=\"row-33369708\">\n\n\n\t<div id=\"col-500877521\" class=\"col medium-9 small-12 large-9\"  >\n\t\t\t\t<div class=\"col-inner\"  >\n\t\t\t\n\t\t\t\n\n<div class=\"row row-collapse align-middle align-center\"  id=\"row-1735490515\">\n\n\n\t<div id=\"col-60134732\" class=\"col medium-2 small-5 large-2\"  >\n\t\t\t\t<div class=\"col-inner\"  >\n\t\t\t\n\t\t\t\n\n\t<div class=\"img has-hover x md-x lg-x y md-y lg-y\" id=\"image_2067408222\">\n\t\t\t\t\t\t\t\t<div class=\"img-inner dark\" style=\"margin:0px 10px 0px 0px;\">\n\t\t\t<img loading=\"lazy\" decoding=\"async\" width=\"265\" height=\"265\" src=\"https:\/\/www.italtel.com\/wp-content\/uploads\/2025\/10\/people-2.webp\" class=\"attachment-original size-original\" alt=\"Laura Borlenghi\" srcset=\"https:\/\/www.italtel.com\/wp-content\/uploads\/2025\/10\/people-2.webp 265w, https:\/\/www.italtel.com\/wp-content\/uploads\/2025\/10\/people-2-150x150.webp 150w\" sizes=\"auto, (max-width: 265px) 100vw, 265px\" \/>\t\t\t\t\t\t\n\t\t\t\t\t<\/div>\n\t\t\t\t\t\t\t\t\n<style>\n#image_2067408222 {\n  width: 84%;\n}\n@media (min-width:550px) {\n  #image_2067408222 {\n    width: 80%;\n  }\n}\n<\/style>\n\t<\/div>\n\t\n\n\n\t\t<\/div>\n\t\t\t\t\t<\/div>\n\n\t\n\n\t<div id=\"col-407378912\" class=\"col medium-10 small-7 large-10\"  >\n\t\t\t\t<div class=\"col-inner\"  >\n\t\t\t\n\t\t\t\n\n\t<div id=\"text-1448633576\" class=\"text fontsize_18 color_black marginbottom_0\">\n\t\t\n\n<p><strong>La Head of Corporate Communication di Italtel analizza come l\u2019intelligenza artificiale possa ampliare o ridurre il divario di genere, e perch\u00e9 lo sviluppo inclusivo \u00e8 la chiave per un futuro pi\u00f9 equo e innovativo.<\/strong><\/p>\n\t\t\n<style>\n#text-1448633576 {\n  text-align: left;\n}\n<\/style>\n\t<\/div>\n\t\n\n\t\t<\/div>\n\t\t\t\t\n<style>\n#col-407378912 > .col-inner {\n  padding: 0px 0px 0px 0px;\n}\n<\/style>\n\t<\/div>\n\n\t\n\n<\/div>\n\t<div id=\"gap-638914777\" class=\"gap-element clearfix\" style=\"display:block; height:auto;\">\n\t\t\n<style>\n#gap-638914777 {\n  padding-top: 30px;\n}\n<\/style>\n\t<\/div>\n\t\n\n\t<div id=\"text-3558220256\" class=\"text fontsize_18 color_black\">\n\t\t\n\n<p data-start=\"698\" data-end=\"1215\">L\u2019intelligenza artificiale sta trasformando il modo in cui viviamo e lavoriamo, ma <strong data-start=\"781\" data-end=\"845\">il suo impatto sulla parit\u00e0 di genere resta un tema cruciale<\/strong>.<br data-start=\"846\" data-end=\"849\" \/>Su <em data-start=\"852\" data-end=\"865\">AI4Business<\/em>, la nostra <strong data-start=\"877\" data-end=\"929\">Head of Corporate Communication, Laura Borlenghi<\/strong>, firma l\u2019articolo <em data-start=\"948\" data-end=\"1045\">\u201cGender gap: solo il 37% delle donne usa strumenti di AI generativa contro il 50% degli uomini\u201d<\/em>, in cui analizza come l\u2019adozione non equilibrata dell\u2019AI possa <strong data-start=\"1109\" data-end=\"1133\">penalizzare le donne<\/strong>, limitandone l\u2019accesso alle competenze digitali e alle opportunit\u00e0 professionali.<\/p>\n<p data-start=\"1217\" data-end=\"1562\">Nel contributo, Borlenghi evidenzia come <strong data-start=\"1258\" data-end=\"1318\">l\u2019AI possa avere un doppio effetto sul divario di genere<\/strong>: se basata su dati distorti, rischia di perpetuare pregiudizi e discriminazioni; se invece sviluppata in modo inclusivo, pu\u00f2 diventare <strong data-start=\"1454\" data-end=\"1496\">una leva per favorire pari opportunit\u00e0<\/strong> e valorizzare nuovi talenti femminili nel mondo della tecnologia.<\/p>\n<p data-start=\"1564\" data-end=\"1917\">Tra i dati riportati, emerge che <strong data-start=\"1597\" data-end=\"1686\">solo il 37% delle donne ha utilizzato strumenti di AI generativa negli ultimi 12 mesi<\/strong>, contro il 50% degli uomini. Questo squilibrio \u2013 sottolinea Borlenghi \u2013 <strong data-start=\"1759\" data-end=\"1800\">non dipende solo da fattori economici<\/strong>, ma anche da una <strong data-start=\"1818\" data-end=\"1916\">minore conoscenza tecnologica e da una maggiore sensibilit\u00e0 verso privacy e sicurezza dei dati<\/strong>.<\/p>\n<p data-start=\"1919\" data-end=\"2294\">L\u2019articolo analizza inoltre <strong data-start=\"1947\" data-end=\"1981\">l\u2019impatto dei bias algoritmici<\/strong> \u2013 presenti in quasi met\u00e0 dei sistemi di AI analizzati da studi internazionali \u2013 e mette in luce <strong data-start=\"2078\" data-end=\"2120\">la forte sottorappresentanza femminile<\/strong> nei ruoli di sviluppo tecnologico: solo il 22% delle persone impiegate nell\u2019AI a livello globale \u00e8 donna, percentuale che scende sotto il 15% ai livelli dirigenziali senior.<\/p>\n<p data-start=\"2296\" data-end=\"2511\">Borlenghi invita quindi a riflettere sul ruolo delle <strong data-start=\"2349\" data-end=\"2388\">imprese e delle politiche pubbliche<\/strong> nel costruire un ecosistema digitale inclusivo, in cui <strong data-start=\"2444\" data-end=\"2510\">l\u2019AI diventi anche uno strumento di equit\u00e0 e non di esclusione<\/strong>.<\/p>\n<p data-start=\"2513\" data-end=\"2806\">Leggi l\u2019articolo completo su <em data-start=\"2545\" data-end=\"2558\">AI4Business<\/em>:<br data-start=\"2559\" data-end=\"2562\" \/><strong data-start=\"2562\" data-end=\"2806\"><a class=\"decorated-link\" href=\"https:\/\/www.ai4business.it\/intelligenza-artificiale\/gender-gap-solo-il-37-delle-donne-usa-strumenti-di-ai-generativa-contro-il-50-degli-uomini\/\" target=\"_new\" rel=\"noopener\" data-start=\"2564\" data-end=\"2804\">Gender gap: solo il 37% delle donne usa strumenti di AI generativa contro il 50% degli uomini<\/a><\/strong><\/p>\n\t\t\t<\/div>\n\t\n\t<div id=\"gap-67269495\" class=\"gap-element clearfix\" style=\"display:block; height:auto;\">\n\t\t\n<style>\n#gap-67269495 {\n  padding-top: 30px;\n}\n<\/style>\n\t<\/div>\n\t\n\n\n\t\t<\/div>\n\t\t\t\t\n<style>\n#col-500877521 > .col-inner {\n  padding: 6rem 11rem 0px 0px;\n}\n<\/style>\n\t<\/div>\n\n\t\n\n\t<div id=\"col-171700178\" class=\"col sibebar_col medium-3 small-12 large-3\"  >\n\t\t<div class=\"is-sticky-column\"><div class=\"is-sticky-column__inner\">\t\t<div class=\"col-inner\"  >\n\t\t\t\n\t\t\t\n\n\t<div id=\"text-3071712913\" class=\"text fontsize_16 color_black fontweight_500\">\n\t\t\n\n<p>KEYWORDS<\/p>\n\t\t\t<\/div>\n\t\n<div class=\"is-divider divider clearfix\" style=\"margin-top:2rem;margin-bottom:2rem;max-width:100%;height:1px;background-color:rgba(112, 112, 112, 0.302);\"><\/div>\n\n\t<div id=\"text-3260844652\" class=\"text fontsize_18 color_black\">\n\t\t\n\n<p>ARTIFICIAL INTELLIGENCE<\/p>\n\t\t\t<\/div>\n\t\n<div class=\"is-divider divider clearfix\" style=\"margin-top:2rem;margin-bottom:2rem;max-width:100%;height:1px;background-color:rgba(112, 112, 112, 0.302);\"><\/div>\n\n\t<div id=\"text-4157241146\" class=\"text fontsize_18 color_black\">\n\t\t\n\n<p>GENDER GAP<\/p>\n\t\t\t<\/div>\n\t\n<div class=\"is-divider divider clearfix\" style=\"margin-top:2rem;margin-bottom:2rem;max-width:100%;height:1px;background-color:rgba(112, 112, 112, 0.302);\"><\/div>\n\n\t<div id=\"text-3330792393\" class=\"text fontsize_18 color_black\">\n\t\t\n\n<p>AI BIAS<\/p>\n\t\t\t<\/div>\n\t\n<div class=\"is-divider divider clearfix\" style=\"margin-top:2rem;margin-bottom:2rem;max-width:100%;height:1px;background-color:rgba(112, 112, 112, 0.302);\"><\/div>\n\n\t<div id=\"text-2599766324\" class=\"text fontsize_18 color_black\">\n\t\t\n\n<p>DIGITAL INCLUSION<\/p>\n\t\t\t<\/div>\n\t\n<div class=\"is-divider divider clearfix\" style=\"margin-top:2rem;margin-bottom:2rem;max-width:100%;height:1px;background-color:rgba(112, 112, 112, 0.302);\"><\/div>\n\n\t<div id=\"text-890959277\" class=\"text fontsize_18 color_black\">\n\t\t\n\n<p>WOMEN IN TECH<\/p>\n\t\t\t<\/div>\n\t\n\t<div id=\"gap-169679549\" class=\"gap-element clearfix\" style=\"display:block; height:auto;\">\n\t\t\n<style>\n#gap-169679549 {\n  padding-top: 13rem;\n}\n<\/style>\n\t<\/div>\n\t\n\n\t<div id=\"text-2221631481\" class=\"text fontsize_16 color_black fontweight_500\">\n\t\t\n\nSHARE THE PAGE\n\t\t\t<\/div>\n\t\n<div class=\"is-divider divider clearfix\" style=\"margin-top:2rem;margin-bottom:2rem;max-width:100%;height:1px;background-color:rgba(112, 112, 112, 0.302);\"><\/div>\n\n\t<div class=\"img has-hover socialshare_icon linkedin x md-x lg-x y md-y lg-y\" id=\"image_1950529291\">\n\t\t\t\t\t\t\t\t<div class=\"img-inner dark\" >\n\t\t\t<img loading=\"lazy\" decoding=\"async\" width=\"1\" height=\"1\" src=\"https:\/\/www.italtel.com\/wp-content\/uploads\/2024\/09\/Linkedin-icon.svg\" class=\"attachment-large size-large\" alt=\"Linkedin-icon\" \/>\t\t\t\t\t\t\n\t\t\t\t\t<\/div>\n\t\t\t\t\t\t\t\t\n<style>\n#image_1950529291 {\n  width: 100%;\n}\n<\/style>\n\t<\/div>\n\t\n\n\t<div class=\"img has-hover socialshare_icon instagram x md-x lg-x y md-y lg-y\" id=\"image_1120451197\">\n\t\t\t\t\t\t\t\t<div class=\"img-inner dark\" >\n\t\t\t<img loading=\"lazy\" decoding=\"async\" width=\"27\" height=\"27\" src=\"https:\/\/www.italtel.com\/wp-content\/uploads\/2024\/07\/Raggruppa-12942.png\" class=\"attachment-large size-large\" alt=\"Instagram icon\" \/>\t\t\t\t\t\t\n\t\t\t\t\t<\/div>\n\t\t\t\t\t\t\t\t\n<style>\n#image_1120451197 {\n  width: 100%;\n}\n<\/style>\n\t<\/div>\n\t\n\n\t<div class=\"img has-hover socialshare_icon ex x md-x lg-x y md-y lg-y\" id=\"image_464852210\">\n\t\t\t\t\t\t\t\t<div class=\"img-inner dark\" >\n\t\t\t<img loading=\"lazy\" decoding=\"async\" width=\"1\" height=\"1\" src=\"https:\/\/www.italtel.com\/wp-content\/uploads\/2024\/09\/X-icon.svg\" class=\"attachment-large size-large\" alt=\"X-icon\" \/>\t\t\t\t\t\t\n\t\t\t\t\t<\/div>\n\t\t\t\t\t\t\t\t\n<style>\n#image_464852210 {\n  width: 100%;\n}\n<\/style>\n\t<\/div>\n\t\n\n\n\t\t<\/div>\n\t\t<\/div><\/div>\t\t\n<style>\n#col-171700178 > .is-sticky-column > .is-sticky-column__inner > .col-inner {\n  padding: 6rem 0px 0px 0px;\n}\n<\/style>\n\t<\/div>\n\n\t\n\n<\/div>\n\n","protected":false},"excerpt":{"rendered":"","protected":false},"author":6,"featured_media":78879,"comment_status":"closed","ping_status":"closed","sticky":false,"template":"","format":"standard","meta":{"footnotes":""},"categories":[378],"tags":[1080],"class_list":["post-78908","post","type-post","status-publish","format-standard","has-post-thumbnail","hentry","category-news-it","tag-sustainability-company-it"],"yoast_head":"<!-- This site is optimized with the Yoast SEO plugin v27.4 - https:\/\/yoast.com\/product\/yoast-seo-wordpress\/ -->\n<title>AI e parit\u00e0 di genere: l\u2019articolo di Laura Borlenghi su AI4Business - Italtel<\/title>\n<meta name=\"description\" content=\"Laura Borlenghi (Italtel) su AI4Business: l\u2019AI pu\u00f2 ampliare o ridurre il gender gap. Serve un approccio inclusivo per un futuro tecnologico equo.\" \/>\n<meta name=\"robots\" content=\"index, follow, max-snippet:-1, max-image-preview:large, max-video-preview:-1\" \/>\n<link rel=\"canonical\" href=\"https:\/\/www.italtel.com\/it\/ai-e-parita-di-genere-larticolo-di-laura-borlenghi-su-ai4business\/\" \/>\n<meta property=\"og:locale\" content=\"it_IT\" \/>\n<meta property=\"og:type\" content=\"article\" \/>\n<meta property=\"og:title\" content=\"AI e parit\u00e0 di genere: l\u2019articolo di Laura Borlenghi su AI4Business - Italtel\" \/>\n<meta property=\"og:description\" content=\"Laura Borlenghi (Italtel) su AI4Business: l\u2019AI pu\u00f2 ampliare o ridurre il gender gap. Serve un approccio inclusivo per un futuro tecnologico equo.\" \/>\n<meta property=\"og:url\" content=\"https:\/\/www.italtel.com\/it\/ai-e-parita-di-genere-larticolo-di-laura-borlenghi-su-ai4business\/\" \/>\n<meta property=\"og:site_name\" content=\"Italtel\" \/>\n<meta property=\"article:published_time\" content=\"2025-10-27T15:39:47+00:00\" \/>\n<meta property=\"article:modified_time\" content=\"2025-10-27T15:52:59+00:00\" \/>\n<meta property=\"og:image\" content=\"https:\/\/www.italtel.com\/wp-content\/uploads\/2025\/10\/AI-WOMEN.webp\" \/>\n\t<meta property=\"og:image:width\" content=\"2000\" \/>\n\t<meta property=\"og:image:height\" content=\"1143\" \/>\n\t<meta property=\"og:image:type\" content=\"image\/webp\" \/>\n<meta name=\"author\" content=\"Daniela Fontana\" \/>\n<meta name=\"twitter:card\" content=\"summary_large_image\" \/>\n<meta name=\"twitter:creator\" content=\"@Italtel\" \/>\n<meta name=\"twitter:site\" content=\"@Italtel\" \/>\n<meta name=\"twitter:label1\" content=\"Scritto da\" \/>\n\t<meta name=\"twitter:data1\" content=\"Daniela Fontana\" \/>\n\t<meta name=\"twitter:label2\" content=\"Tempo di lettura stimato\" \/>\n\t<meta name=\"twitter:data2\" content=\"2 minuti\" \/>\n<script type=\"application\/ld+json\" class=\"yoast-schema-graph\">{\"@context\":\"https:\\\/\\\/schema.org\",\"@graph\":[{\"@type\":\"Article\",\"@id\":\"https:\\\/\\\/www.italtel.com\\\/it\\\/ai-e-parita-di-genere-larticolo-di-laura-borlenghi-su-ai4business\\\/#article\",\"isPartOf\":{\"@id\":\"https:\\\/\\\/www.italtel.com\\\/it\\\/ai-e-parita-di-genere-larticolo-di-laura-borlenghi-su-ai4business\\\/\"},\"author\":{\"name\":\"Daniela Fontana\",\"@id\":\"https:\\\/\\\/www.italtel.com\\\/de\\\/#\\\/schema\\\/person\\\/38f315d5a978255f0cf320055bad5afe\"},\"headline\":\"AI e parit\u00e0 di genere: l\u2019articolo di Laura Borlenghi su AI4Business\",\"datePublished\":\"2025-10-27T15:39:47+00:00\",\"dateModified\":\"2025-10-27T15:52:59+00:00\",\"mainEntityOfPage\":{\"@id\":\"https:\\\/\\\/www.italtel.com\\\/it\\\/ai-e-parita-di-genere-larticolo-di-laura-borlenghi-su-ai4business\\\/\"},\"wordCount\":573,\"publisher\":{\"@id\":\"https:\\\/\\\/www.italtel.com\\\/de\\\/#organization\"},\"image\":{\"@id\":\"https:\\\/\\\/www.italtel.com\\\/it\\\/ai-e-parita-di-genere-larticolo-di-laura-borlenghi-su-ai4business\\\/#primaryimage\"},\"thumbnailUrl\":\"https:\\\/\\\/www.italtel.com\\\/wp-content\\\/uploads\\\/2025\\\/10\\\/AI-WOMEN.webp\",\"keywords\":[\"Sustainability; Company\"],\"articleSection\":[\"News\"],\"inLanguage\":\"it-IT\"},{\"@type\":\"WebPage\",\"@id\":\"https:\\\/\\\/www.italtel.com\\\/it\\\/ai-e-parita-di-genere-larticolo-di-laura-borlenghi-su-ai4business\\\/\",\"url\":\"https:\\\/\\\/www.italtel.com\\\/it\\\/ai-e-parita-di-genere-larticolo-di-laura-borlenghi-su-ai4business\\\/\",\"name\":\"AI e parit\u00e0 di genere: l\u2019articolo di Laura Borlenghi su AI4Business - Italtel\",\"isPartOf\":{\"@id\":\"https:\\\/\\\/www.italtel.com\\\/de\\\/#website\"},\"primaryImageOfPage\":{\"@id\":\"https:\\\/\\\/www.italtel.com\\\/it\\\/ai-e-parita-di-genere-larticolo-di-laura-borlenghi-su-ai4business\\\/#primaryimage\"},\"image\":{\"@id\":\"https:\\\/\\\/www.italtel.com\\\/it\\\/ai-e-parita-di-genere-larticolo-di-laura-borlenghi-su-ai4business\\\/#primaryimage\"},\"thumbnailUrl\":\"https:\\\/\\\/www.italtel.com\\\/wp-content\\\/uploads\\\/2025\\\/10\\\/AI-WOMEN.webp\",\"datePublished\":\"2025-10-27T15:39:47+00:00\",\"dateModified\":\"2025-10-27T15:52:59+00:00\",\"description\":\"Laura Borlenghi (Italtel) su AI4Business: l\u2019AI pu\u00f2 ampliare o ridurre il gender gap. Serve un approccio inclusivo per un futuro tecnologico equo.\",\"breadcrumb\":{\"@id\":\"https:\\\/\\\/www.italtel.com\\\/it\\\/ai-e-parita-di-genere-larticolo-di-laura-borlenghi-su-ai4business\\\/#breadcrumb\"},\"inLanguage\":\"it-IT\",\"potentialAction\":[{\"@type\":\"ReadAction\",\"target\":[\"https:\\\/\\\/www.italtel.com\\\/it\\\/ai-e-parita-di-genere-larticolo-di-laura-borlenghi-su-ai4business\\\/\"]}]},{\"@type\":\"ImageObject\",\"inLanguage\":\"it-IT\",\"@id\":\"https:\\\/\\\/www.italtel.com\\\/it\\\/ai-e-parita-di-genere-larticolo-di-laura-borlenghi-su-ai4business\\\/#primaryimage\",\"url\":\"https:\\\/\\\/www.italtel.com\\\/wp-content\\\/uploads\\\/2025\\\/10\\\/AI-WOMEN.webp\",\"contentUrl\":\"https:\\\/\\\/www.italtel.com\\\/wp-content\\\/uploads\\\/2025\\\/10\\\/AI-WOMEN.webp\",\"width\":2000,\"height\":1143,\"caption\":\"Distopic woman\"},{\"@type\":\"BreadcrumbList\",\"@id\":\"https:\\\/\\\/www.italtel.com\\\/it\\\/ai-e-parita-di-genere-larticolo-di-laura-borlenghi-su-ai4business\\\/#breadcrumb\",\"itemListElement\":[{\"@type\":\"ListItem\",\"position\":1,\"name\":\"Home\",\"item\":\"https:\\\/\\\/www.italtel.com\\\/it\\\/\"},{\"@type\":\"ListItem\",\"position\":2,\"name\":\"AI e parit\u00e0 di genere: l\u2019articolo di Laura Borlenghi su AI4Business\"}]},{\"@type\":\"WebSite\",\"@id\":\"https:\\\/\\\/www.italtel.com\\\/de\\\/#website\",\"url\":\"https:\\\/\\\/www.italtel.com\\\/de\\\/\",\"name\":\"Italtel\",\"description\":\"Italtel Group&#039;s company website\",\"publisher\":{\"@id\":\"https:\\\/\\\/www.italtel.com\\\/de\\\/#organization\"},\"potentialAction\":[{\"@type\":\"SearchAction\",\"target\":{\"@type\":\"EntryPoint\",\"urlTemplate\":\"https:\\\/\\\/www.italtel.com\\\/de\\\/?s={search_term_string}\"},\"query-input\":{\"@type\":\"PropertyValueSpecification\",\"valueRequired\":true,\"valueName\":\"search_term_string\"}}],\"inLanguage\":\"it-IT\"},{\"@type\":\"Organization\",\"@id\":\"https:\\\/\\\/www.italtel.com\\\/de\\\/#organization\",\"name\":\"Italtel S.p.A.\",\"url\":\"https:\\\/\\\/www.italtel.com\\\/de\\\/\",\"logo\":{\"@type\":\"ImageObject\",\"inLanguage\":\"it-IT\",\"@id\":\"https:\\\/\\\/www.italtel.com\\\/de\\\/#\\\/schema\\\/logo\\\/image\\\/\",\"url\":\"https:\\\/\\\/www.italtel.com\\\/wp-content\\\/uploads\\\/2024\\\/11\\\/Italtel_logo.png\",\"contentUrl\":\"https:\\\/\\\/www.italtel.com\\\/wp-content\\\/uploads\\\/2024\\\/11\\\/Italtel_logo.png\",\"width\":591,\"height\":139,\"caption\":\"Italtel S.p.A.\"},\"image\":{\"@id\":\"https:\\\/\\\/www.italtel.com\\\/de\\\/#\\\/schema\\\/logo\\\/image\\\/\"},\"sameAs\":[\"https:\\\/\\\/x.com\\\/Italtel\",\"https:\\\/\\\/www.linkedin.com\\\/company\\\/italtel\\\/\",\"https:\\\/\\\/www.instagram.com\\\/italtel_hq\\\/\"]},{\"@type\":\"Person\",\"@id\":\"https:\\\/\\\/www.italtel.com\\\/de\\\/#\\\/schema\\\/person\\\/38f315d5a978255f0cf320055bad5afe\",\"name\":\"Daniela Fontana\",\"image\":{\"@type\":\"ImageObject\",\"inLanguage\":\"it-IT\",\"@id\":\"https:\\\/\\\/secure.gravatar.com\\\/avatar\\\/834a03b0c73144a8ca36e17dc365b3fbadb34c9e44399b609a00f2231e694f6a?s=96&d=mm&r=g\",\"url\":\"https:\\\/\\\/secure.gravatar.com\\\/avatar\\\/834a03b0c73144a8ca36e17dc365b3fbadb34c9e44399b609a00f2231e694f6a?s=96&d=mm&r=g\",\"contentUrl\":\"https:\\\/\\\/secure.gravatar.com\\\/avatar\\\/834a03b0c73144a8ca36e17dc365b3fbadb34c9e44399b609a00f2231e694f6a?s=96&d=mm&r=g\",\"caption\":\"Daniela Fontana\"}}]}<\/script>\n<!-- \/ Yoast SEO plugin. -->","yoast_head_json":{"title":"AI e parit\u00e0 di genere: l\u2019articolo di Laura Borlenghi su AI4Business - Italtel","description":"Laura Borlenghi (Italtel) su AI4Business: l\u2019AI pu\u00f2 ampliare o ridurre il gender gap. Serve un approccio inclusivo per un futuro tecnologico equo.","robots":{"index":"index","follow":"follow","max-snippet":"max-snippet:-1","max-image-preview":"max-image-preview:large","max-video-preview":"max-video-preview:-1"},"canonical":"https:\/\/www.italtel.com\/it\/ai-e-parita-di-genere-larticolo-di-laura-borlenghi-su-ai4business\/","og_locale":"it_IT","og_type":"article","og_title":"AI e parit\u00e0 di genere: l\u2019articolo di Laura Borlenghi su AI4Business - Italtel","og_description":"Laura Borlenghi (Italtel) su AI4Business: l\u2019AI pu\u00f2 ampliare o ridurre il gender gap. Serve un approccio inclusivo per un futuro tecnologico equo.","og_url":"https:\/\/www.italtel.com\/it\/ai-e-parita-di-genere-larticolo-di-laura-borlenghi-su-ai4business\/","og_site_name":"Italtel","article_published_time":"2025-10-27T15:39:47+00:00","article_modified_time":"2025-10-27T15:52:59+00:00","og_image":[{"width":2000,"height":1143,"url":"https:\/\/www.italtel.com\/wp-content\/uploads\/2025\/10\/AI-WOMEN.webp","type":"image\/webp"}],"author":"Daniela Fontana","twitter_card":"summary_large_image","twitter_creator":"@Italtel","twitter_site":"@Italtel","twitter_misc":{"Scritto da":"Daniela Fontana","Tempo di lettura stimato":"2 minuti"},"schema":{"@context":"https:\/\/schema.org","@graph":[{"@type":"Article","@id":"https:\/\/www.italtel.com\/it\/ai-e-parita-di-genere-larticolo-di-laura-borlenghi-su-ai4business\/#article","isPartOf":{"@id":"https:\/\/www.italtel.com\/it\/ai-e-parita-di-genere-larticolo-di-laura-borlenghi-su-ai4business\/"},"author":{"name":"Daniela Fontana","@id":"https:\/\/www.italtel.com\/de\/#\/schema\/person\/38f315d5a978255f0cf320055bad5afe"},"headline":"AI e parit\u00e0 di genere: l\u2019articolo di Laura Borlenghi su AI4Business","datePublished":"2025-10-27T15:39:47+00:00","dateModified":"2025-10-27T15:52:59+00:00","mainEntityOfPage":{"@id":"https:\/\/www.italtel.com\/it\/ai-e-parita-di-genere-larticolo-di-laura-borlenghi-su-ai4business\/"},"wordCount":573,"publisher":{"@id":"https:\/\/www.italtel.com\/de\/#organization"},"image":{"@id":"https:\/\/www.italtel.com\/it\/ai-e-parita-di-genere-larticolo-di-laura-borlenghi-su-ai4business\/#primaryimage"},"thumbnailUrl":"https:\/\/www.italtel.com\/wp-content\/uploads\/2025\/10\/AI-WOMEN.webp","keywords":["Sustainability; Company"],"articleSection":["News"],"inLanguage":"it-IT"},{"@type":"WebPage","@id":"https:\/\/www.italtel.com\/it\/ai-e-parita-di-genere-larticolo-di-laura-borlenghi-su-ai4business\/","url":"https:\/\/www.italtel.com\/it\/ai-e-parita-di-genere-larticolo-di-laura-borlenghi-su-ai4business\/","name":"AI e parit\u00e0 di genere: l\u2019articolo di Laura Borlenghi su AI4Business - Italtel","isPartOf":{"@id":"https:\/\/www.italtel.com\/de\/#website"},"primaryImageOfPage":{"@id":"https:\/\/www.italtel.com\/it\/ai-e-parita-di-genere-larticolo-di-laura-borlenghi-su-ai4business\/#primaryimage"},"image":{"@id":"https:\/\/www.italtel.com\/it\/ai-e-parita-di-genere-larticolo-di-laura-borlenghi-su-ai4business\/#primaryimage"},"thumbnailUrl":"https:\/\/www.italtel.com\/wp-content\/uploads\/2025\/10\/AI-WOMEN.webp","datePublished":"2025-10-27T15:39:47+00:00","dateModified":"2025-10-27T15:52:59+00:00","description":"Laura Borlenghi (Italtel) su AI4Business: l\u2019AI pu\u00f2 ampliare o ridurre il gender gap. Serve un approccio inclusivo per un futuro tecnologico equo.","breadcrumb":{"@id":"https:\/\/www.italtel.com\/it\/ai-e-parita-di-genere-larticolo-di-laura-borlenghi-su-ai4business\/#breadcrumb"},"inLanguage":"it-IT","potentialAction":[{"@type":"ReadAction","target":["https:\/\/www.italtel.com\/it\/ai-e-parita-di-genere-larticolo-di-laura-borlenghi-su-ai4business\/"]}]},{"@type":"ImageObject","inLanguage":"it-IT","@id":"https:\/\/www.italtel.com\/it\/ai-e-parita-di-genere-larticolo-di-laura-borlenghi-su-ai4business\/#primaryimage","url":"https:\/\/www.italtel.com\/wp-content\/uploads\/2025\/10\/AI-WOMEN.webp","contentUrl":"https:\/\/www.italtel.com\/wp-content\/uploads\/2025\/10\/AI-WOMEN.webp","width":2000,"height":1143,"caption":"Distopic woman"},{"@type":"BreadcrumbList","@id":"https:\/\/www.italtel.com\/it\/ai-e-parita-di-genere-larticolo-di-laura-borlenghi-su-ai4business\/#breadcrumb","itemListElement":[{"@type":"ListItem","position":1,"name":"Home","item":"https:\/\/www.italtel.com\/it\/"},{"@type":"ListItem","position":2,"name":"AI e parit\u00e0 di genere: l\u2019articolo di Laura Borlenghi su AI4Business"}]},{"@type":"WebSite","@id":"https:\/\/www.italtel.com\/de\/#website","url":"https:\/\/www.italtel.com\/de\/","name":"Italtel","description":"Italtel Group&#039;s company website","publisher":{"@id":"https:\/\/www.italtel.com\/de\/#organization"},"potentialAction":[{"@type":"SearchAction","target":{"@type":"EntryPoint","urlTemplate":"https:\/\/www.italtel.com\/de\/?s={search_term_string}"},"query-input":{"@type":"PropertyValueSpecification","valueRequired":true,"valueName":"search_term_string"}}],"inLanguage":"it-IT"},{"@type":"Organization","@id":"https:\/\/www.italtel.com\/de\/#organization","name":"Italtel S.p.A.","url":"https:\/\/www.italtel.com\/de\/","logo":{"@type":"ImageObject","inLanguage":"it-IT","@id":"https:\/\/www.italtel.com\/de\/#\/schema\/logo\/image\/","url":"https:\/\/www.italtel.com\/wp-content\/uploads\/2024\/11\/Italtel_logo.png","contentUrl":"https:\/\/www.italtel.com\/wp-content\/uploads\/2024\/11\/Italtel_logo.png","width":591,"height":139,"caption":"Italtel S.p.A."},"image":{"@id":"https:\/\/www.italtel.com\/de\/#\/schema\/logo\/image\/"},"sameAs":["https:\/\/x.com\/Italtel","https:\/\/www.linkedin.com\/company\/italtel\/","https:\/\/www.instagram.com\/italtel_hq\/"]},{"@type":"Person","@id":"https:\/\/www.italtel.com\/de\/#\/schema\/person\/38f315d5a978255f0cf320055bad5afe","name":"Daniela Fontana","image":{"@type":"ImageObject","inLanguage":"it-IT","@id":"https:\/\/secure.gravatar.com\/avatar\/834a03b0c73144a8ca36e17dc365b3fbadb34c9e44399b609a00f2231e694f6a?s=96&d=mm&r=g","url":"https:\/\/secure.gravatar.com\/avatar\/834a03b0c73144a8ca36e17dc365b3fbadb34c9e44399b609a00f2231e694f6a?s=96&d=mm&r=g","contentUrl":"https:\/\/secure.gravatar.com\/avatar\/834a03b0c73144a8ca36e17dc365b3fbadb34c9e44399b609a00f2231e694f6a?s=96&d=mm&r=g","caption":"Daniela Fontana"}}]}},"_links":{"self":[{"href":"https:\/\/www.italtel.com\/it\/wp-json\/wp\/v2\/posts\/78908","targetHints":{"allow":["GET"]}}],"collection":[{"href":"https:\/\/www.italtel.com\/it\/wp-json\/wp\/v2\/posts"}],"about":[{"href":"https:\/\/www.italtel.com\/it\/wp-json\/wp\/v2\/types\/post"}],"author":[{"embeddable":true,"href":"https:\/\/www.italtel.com\/it\/wp-json\/wp\/v2\/users\/6"}],"replies":[{"embeddable":true,"href":"https:\/\/www.italtel.com\/it\/wp-json\/wp\/v2\/comments?post=78908"}],"version-history":[{"count":6,"href":"https:\/\/www.italtel.com\/it\/wp-json\/wp\/v2\/posts\/78908\/revisions"}],"predecessor-version":[{"id":78921,"href":"https:\/\/www.italtel.com\/it\/wp-json\/wp\/v2\/posts\/78908\/revisions\/78921"}],"wp:featuredmedia":[{"embeddable":true,"href":"https:\/\/www.italtel.com\/it\/wp-json\/wp\/v2\/media\/78879"}],"wp:attachment":[{"href":"https:\/\/www.italtel.com\/it\/wp-json\/wp\/v2\/media?parent=78908"}],"wp:term":[{"taxonomy":"category","embeddable":true,"href":"https:\/\/www.italtel.com\/it\/wp-json\/wp\/v2\/categories?post=78908"},{"taxonomy":"post_tag","embeddable":true,"href":"https:\/\/www.italtel.com\/it\/wp-json\/wp\/v2\/tags?post=78908"}],"curies":[{"name":"wp","href":"https:\/\/api.w.org\/{rel}","templated":true}]}}