{"id":79693,"date":"2025-12-03T10:10:33","date_gmt":"2025-12-03T08:10:33","guid":{"rendered":"https:\/\/www.italtel.com\/?p=79693"},"modified":"2025-12-10T11:05:02","modified_gmt":"2025-12-10T09:05:02","slug":"tecnologia-e-disabilita-costruire-ambienti-inclusivi-per-tutti","status":"publish","type":"post","link":"https:\/\/www.italtel.com\/it\/tecnologia-e-disabilita-costruire-ambienti-inclusivi-per-tutti\/","title":{"rendered":"Tecnologia e disabilit\u00e0: costruire ambienti inclusivi per tutti"},"content":{"rendered":"\n<div class=\"row\"  id=\"row-2028223421\">\n\n\n\t<div id=\"col-291437989\" class=\"col medium-9 small-12 large-9\"  >\n\t\t\t\t<div class=\"col-inner\"  >\n\t\t\t\n\t\t\t\n\n\t<div id=\"text-5646995\" class=\"text fontsize_18 color_black\">\n\t\t\n\n<p>La <strong>Giornata Internazionale delle Persone con Disabilit\u00e0<\/strong> ci invita a riflettere sul rapporto tra le persone e l\u2019ambiente che le circonda. La disabilit\u00e0 non \u00e8 semplicemente una caratteristica individuale, ma l\u2019esito di un <strong>contesto<\/strong> che pu\u00f2 facilitare o ostacolare la partecipazione. In questo senso, chiunque pu\u00f2 in un momento della vita sperimentare forme di disabilit\u00e0: basta che l\u2019ambiente non sia adeguato.<\/p>\n<p>Oggi, quell\u2019ambiente non \u00e8 solo fisico: \u00e8 tecnologico. La <strong>tecnologia<\/strong> costituisce l\u2019ecosistema invisibile in cui viviamo \u2014 le nostre case, i luoghi di lavoro, le scuole, i trasporti, i servizi pubblici sono permeati da sistemi digitali che modellano le nostre possibilit\u00e0 di azione.<\/p>\n\t\t\t<\/div>\n\t\n\t<div id=\"gap-1492492321\" class=\"gap-element clearfix\" style=\"display:block; height:auto;\">\n\t\t\n<style>\n#gap-1492492321 {\n  padding-top: 30px;\n}\n<\/style>\n\t<\/div>\n\t\n\n\t<div id=\"text-3269973088\" class=\"text fontsize_32 color_black\">\n\t\t\n\n<h2>Tecnologia inclusiva o barriera digitale<\/h2>\n\t\t\t<\/div>\n\t\n\t<div id=\"text-94768711\" class=\"text fontsize_18 color_black\">\n\t\t\n\n<p>Una tecnologia <strong>progettata con attenzione<\/strong> pu\u00f2 diventare uno strumento potentissimo di autonomia, comunicazione e apprendimento. Interfacce intuitive, sistemi adattivi, strumenti di supporto: tutto pu\u00f2 contribuire a rendere l\u2019esperienza di vita pi\u00f9 accessibile.<\/p>\n<p>Ma se non prestiamo cura all\u2019<strong>accessibilit\u00e0<\/strong>, la tecnologia pu\u00f2 facilmente trasformarsi in una barriera. Sistemi digitali pensati senza considerare le diversit\u00e0 possono escludere persone con esigenze differenti, limitando la loro partecipazione e autonomia.<\/p>\n\t\t\t<\/div>\n\t\n\t<div id=\"gap-1189017000\" class=\"gap-element clearfix\" style=\"display:block; height:auto;\">\n\t\t\n<style>\n#gap-1189017000 {\n  padding-top: 30px;\n}\n<\/style>\n\t<\/div>\n\t\n\n\t<div id=\"text-4109798425\" class=\"text fontsize_32 color_black\">\n\t\t\n\n<h2>Innovazione responsabile: un dovere strategico<\/h2>\n\t\t\t<\/div>\n\t\n\t<div id=\"text-2485427431\" class=\"text fontsize_18 color_black\">\n\t\t\n\n<p>L\u2019innovazione non pu\u00f2 pi\u00f9 considerare l\u2019<strong>accessibilit\u00e0<\/strong> come un optional. Deve essere parte integrante del processo progettuale fin dall\u2019inizio.<\/p>\n<p>Non si tratta solo di un impegno etico \u2014 anche se l\u2019etica \u00e8 importante \u2014 ma di una <strong>leva competitiva<\/strong> concreta. I dati internazionali indicano che soluzioni inclusive non solo migliorano l\u2019esperienza utente, ma aprono mercati pi\u00f9 ampi, aumentano l\u2019adozione e riducono i costi di adattamento.<\/p>\n<p>In termini di mercato, infatti, il potere d\u2019acquisto delle persone con disabilit\u00e0 e dei loro familiari \u00e8 enorme \u2014 stime recenti parlano di oltre 1,6 miliardi di persone con disabilit\u00e0 nel mondo e di un mercato globale che pu\u00f2 superare il milione di milioni di dollari di spesa, perci\u00f2 progettare prodotti e servizi inclusivi apre opportunit\u00e0 commerciali significative (<em>fonte<\/em>: <a href=\"https:\/\/www.prnewswire.com\/news-releases\/unlocking-the-value-of-the-disability-market-with-new-2024-report-302255919.html?utm_source=chatgpt.com\">PR Newswire<\/a>).<\/p>\n\t\t\t<\/div>\n\t\n\t<div id=\"gap-1650849522\" class=\"gap-element clearfix\" style=\"display:block; height:auto;\">\n\t\t\n<style>\n#gap-1650849522 {\n  padding-top: 30px;\n}\n<\/style>\n\t<\/div>\n\t\n\n\t<div id=\"text-3773308424\" class=\"text fontsize_32 color_black\">\n\t\t\n\n<h2>Oltre le disabilit\u00e0 visibili<\/h2>\n\t\t\t<\/div>\n\t\n\t<div id=\"text-2892853991\" class=\"text fontsize_18 color_black\">\n\t\t\n\n<p>Le sfide non riguardano solo chi ha <strong>disabilit\u00e0 fisiche<\/strong>. Le proiezioni di pi\u00f9 fonti indicano che entro il 2027 un quarto delle aziende Fortune 500 investir\u00e0 nella<strong> valorizzazione di talenti neurodivergenti<\/strong>, come autistici, persone con ADHD o dislessia. Sono competenze che possono generare <strong>innovazione analitica e creativa<\/strong>, ma richiedono <strong>contesti organizzativi<\/strong> capaci di accogliere la diversit\u00e0 e di agevolarla nell\u2019<strong>inclusione aziendale<\/strong>.<\/p>\n<p>Al tempo stesso, il <strong>rischio di esclusione<\/strong> cresce per chi ha <strong>competenze digitali limitate<\/strong>, ruoli flessibili o condizioni poco riconosciute. Per affrontare questa complessit\u00e0, la collaborazione tra imprese, scuole, associazioni e reti territoriali \u00e8 fondamentale per costruire ambienti di lavoro realmente inclusivi.<\/p>\n\t\t\t<\/div>\n\t\n\t<div id=\"gap-208557188\" class=\"gap-element clearfix\" style=\"display:block; height:auto;\">\n\t\t\n<style>\n#gap-208557188 {\n  padding-top: 30px;\n}\n<\/style>\n\t<\/div>\n\t\n\n\t<div id=\"text-2543236388\" class=\"text fontsize_32 color_black\">\n\t\t\n\n<h2>L\u2019impegno di Italtel<\/h2>\n\t\t\t<\/div>\n\t\n\t<div id=\"text-2288086856\" class=\"text fontsize_18 color_black\">\n\t\t\n\n<p>In Italtel crediamo che la tecnologia debba connettere, non separare. Per questo lavoriamo non solo per creare soluzioni digitali accessibili, ma <strong>per costruire le infrastrutture<\/strong> che rendono possibili le applicazioni e i servizi inclusivi di domani. La nostra visione \u00e8 quella di un ambiente digitale che accoglie la diversit\u00e0 a tutti i livelli: reti di connettivit\u00e0 ad alta capacit\u00e0, piattaforme sicure e intelligenti, sistemi che garantiscono continuit\u00e0, qualit\u00e0 e affidabilit\u00e0.<\/p>\n<p>Queste infrastrutture sono l\u2019abilitatore fondamentale per un ecosistema di tecnologie assistive sempre pi\u00f9 avanzate: dagli <strong>smart glass<\/strong> che supportano la mobilit\u00e0 e l\u2019orientamento, ai <strong>sistemi di sintesi vocale<\/strong> e <strong>screen reader<\/strong> per la fruizione di contenuti scritti, fino ai <strong>dispositivi di comunicazione aumentativa<\/strong> per chi ha difficolt\u00e0 verbali. Le nuove soluzioni basate su <strong>intelligenza artificiale<\/strong> \u2014 come assistenti cognitivi, strumenti di trascrizione automatica, analisi del linguaggio naturale o sistemi di supporto decisionale \u2014 possono migliorare significativamente l\u2019autonomia delle persone, ma <strong>richiedono infrastrutture digitali solide, connettivit\u00e0 affidabile e piattaforme performanti<\/strong>.<\/p>\n<p>Per questo, la progettazione delle nostre reti e piattaforme si ispira a una visione attenta alle persone, in cui l\u2019<a href=\"https:\/\/www.italtel.com\/it\/accessibilita\/\">accessibilit\u00e0 digitale<\/a> rappresenta un riferimento importante. Il nostro obiettivo \u00e8 rendere la tecnologia uno spazio realmente fruibile da tutti, abilitando strumenti che migliorano la vita quotidiana e trasformando l\u2019innovazione in un ambiente abitabile, inclusivo e sostenibile.<\/p>\n\t\t\t<\/div>\n\t\n\t<div class=\"img has-hover x md-x lg-x y md-y lg-y\" id=\"image_2126815491\">\n\t\t\t\t\t\t\t\t<div class=\"img-inner dark\" >\n\t\t\t<img loading=\"lazy\" decoding=\"async\" width=\"1020\" height=\"571\" src=\"https:\/\/www.italtel.com\/wp-content\/uploads\/2025\/12\/Media1-copia-1024x573.webp\" class=\"attachment-large size-large\" alt=\"A man in profile wearing futuristic goggles stands against a vibrant background. Blurred effects and warm colors create a surreal, dreamlike atmosphere.\" srcset=\"https:\/\/www.italtel.com\/wp-content\/uploads\/2025\/12\/Media1-copia-1024x573.webp 1024w, https:\/\/www.italtel.com\/wp-content\/uploads\/2025\/12\/Media1-copia-300x168.webp 300w, https:\/\/www.italtel.com\/wp-content\/uploads\/2025\/12\/Media1-copia-768x430.webp 768w, https:\/\/www.italtel.com\/wp-content\/uploads\/2025\/12\/Media1-copia-1536x860.webp 1536w, https:\/\/www.italtel.com\/wp-content\/uploads\/2025\/12\/Media1-copia-2048x1147.webp 2048w\" sizes=\"auto, (max-width: 1020px) 100vw, 1020px\" \/>\t\t\t\t\t\t\n\t\t\t\t\t<\/div>\n\t\t\t\t\t\t\t\t\n<style>\n#image_2126815491 {\n  width: 100%;\n}\n<\/style>\n\t<\/div>\n\t\n\n\t<div id=\"gap-1641719822\" class=\"gap-element clearfix\" style=\"display:block; height:auto;\">\n\t\t\n<style>\n#gap-1641719822 {\n  padding-top: 30px;\n}\n<\/style>\n\t<\/div>\n\t\n\n\t<div id=\"text-1470917484\" class=\"text fontsize_32 color_black\">\n\t\t\n\n<h2>Verso un futuro pi\u00f9 inclusivo<\/h2>\n\t\t\t<\/div>\n\t\n\t<div id=\"text-2337538039\" class=\"text fontsize_18 color_black\">\n\t\t\n\n<p>Se davvero viviamo immersi nella <strong>tecnologia<\/strong>, come l\u2019acqua per i pesci, allora abbiamo la responsabilit\u00e0 \u2014 e l\u2019opportunit\u00e0 \u2014 di renderla un luogo in cui ciascuno possa nuotare liberamente.<\/p>\n<p>Costruire ambienti tecnologici inclusivi non significa solo abbattere barriere: significa <strong>generare valore condiviso<\/strong>, fare dell\u2019innovazione un motore di partecipazione e progresso.<\/p>\n\t\t\t<\/div>\n\t\n\t<div id=\"gap-1076947399\" class=\"gap-element clearfix\" style=\"display:block; height:auto;\">\n\t\t\n<style>\n#gap-1076947399 {\n  padding-top: 30px;\n}\n<\/style>\n\t<\/div>\n\t\n\n<div class=\"row row-small paddingbottom_0\"  id=\"row-62668200\">\n\n\n\t<div id=\"col-533423761\" class=\"col small-12 large-12\"  >\n\t\t\t\t<div class=\"col-inner text-center\"  >\n\t\t\t\n\t\t\t\n\n<a href=\"https:\/\/www.italtel.com\/it\/accessibilita\/\" class=\"button primary company_button fontsize_16 fontweight_500\" style=\"border-radius:99px;\">\n\t\t<span>Accessibilit\u00e0<\/span>\n\t<\/a>\n\n\n\n\t\t<\/div>\n\t\t\t\t\n<style>\n#col-533423761 > .col-inner {\n  padding: 3rem 0px 0px 0px;\n}\n<\/style>\n\t<\/div>\n\n\t\n\n<\/div>\n\n\t\t<\/div>\n\t\t\t\t\n<style>\n#col-291437989 > .col-inner {\n  padding: 6rem 11rem 0px 0px;\n}\n<\/style>\n\t<\/div>\n\n\t\n\n\t<div id=\"col-1534916906\" class=\"col sibebar_col medium-3 small-12 large-3\"  >\n\t\t<div class=\"is-sticky-column\"><div class=\"is-sticky-column__inner\">\t\t<div class=\"col-inner\"  >\n\t\t\t\n\t\t\t\n\n\t<div id=\"text-4269776733\" class=\"text fontsize_16 color_black fontweight_500\">\n\t\t\n\nTECH KEYWORDS\n\t\t\t<\/div>\n\t\n<div class=\"is-divider divider clearfix\" style=\"margin-top:2rem;margin-bottom:2rem;max-width:100%;height:1px;background-color:rgba(112, 112, 112, 0.302);\"><\/div>\n\n\t<div id=\"text-1964810975\" class=\"text fontsize_18 color_black\">\n\t\t\n\n<p>ACCESSIBILIT\u00c0 DIGITALE<\/p>\n\t\t\t<\/div>\n\t\n<div class=\"is-divider divider clearfix\" style=\"margin-top:2rem;margin-bottom:2rem;max-width:100%;height:1px;background-color:rgba(112, 112, 112, 0.302);\"><\/div>\n\n\t<div id=\"text-3591579322\" class=\"text fontsize_18 color_black\">\n\t\t\n\n<p>DISABILIT\u00c0 E TECNOLOGIA<\/p>\n\t\t\t<\/div>\n\t\n<div class=\"is-divider divider clearfix\" style=\"margin-top:2rem;margin-bottom:2rem;max-width:100%;height:1px;background-color:rgba(112, 112, 112, 0.302);\"><\/div>\n\n\t<div id=\"text-2162829498\" class=\"text fontsize_18 color_black\">\n\t\t\n\n<p>INFRASTRUTTURE DIGITALI<\/p>\n\t\t\t<\/div>\n\t\n<div class=\"is-divider divider clearfix\" style=\"margin-top:2rem;margin-bottom:2rem;max-width:100%;height:1px;background-color:rgba(112, 112, 112, 0.302);\"><\/div>\n\n\t<div id=\"text-1521734622\" class=\"text fontsize_18 color_black\">\n\t\t\n\n<p>INTELLIGENZA ARTIFICIALE E INCLUSIONE<\/p>\n\t\t\t<\/div>\n\t\n<div class=\"is-divider divider clearfix\" style=\"margin-top:2rem;margin-bottom:2rem;max-width:100%;height:1px;background-color:rgba(112, 112, 112, 0.302);\"><\/div>\n\n\t<div id=\"text-1368222277\" class=\"text fontsize_18 color_black\">\n\t\t\n\n<p>ABILITAZIONE TECNOLOGICA<\/p>\n\t\t\t<\/div>\n\t\n\t<div id=\"gap-1283922423\" class=\"gap-element clearfix\" style=\"display:block; height:auto;\">\n\t\t\n<style>\n#gap-1283922423 {\n  padding-top: 13rem;\n}\n<\/style>\n\t<\/div>\n\t\n\n\t<div id=\"text-937169294\" class=\"text fontsize_16 color_black fontweight_500\">\n\t\t\n\nSHARE THE PAGE\n\t\t\t<\/div>\n\t\n<div class=\"is-divider divider clearfix\" style=\"margin-top:2rem;margin-bottom:2rem;max-width:100%;height:1px;background-color:rgba(112, 112, 112, 0.302);\"><\/div>\n\n\t<div class=\"img has-hover socialshare_icon linkedin x md-x lg-x y md-y lg-y\" id=\"image_1280627412\">\n\t\t\t\t\t\t\t\t<div class=\"img-inner dark\" >\n\t\t\t<img loading=\"lazy\" decoding=\"async\" width=\"1\" height=\"1\" src=\"https:\/\/www.italtel.com\/wp-content\/uploads\/2024\/09\/Linkedin-icon.svg\" class=\"attachment-large size-large\" alt=\"Linkedin-icon\" \/>\t\t\t\t\t\t\n\t\t\t\t\t<\/div>\n\t\t\t\t\t\t\t\t\n<style>\n#image_1280627412 {\n  width: 100%;\n}\n<\/style>\n\t<\/div>\n\t\n\n\t<div class=\"img has-hover socialshare_icon instagram x md-x lg-x y md-y lg-y\" id=\"image_104933659\">\n\t\t\t\t\t\t\t\t<div class=\"img-inner dark\" >\n\t\t\t<img loading=\"lazy\" decoding=\"async\" width=\"27\" height=\"27\" src=\"https:\/\/www.italtel.com\/wp-content\/uploads\/2024\/07\/Raggruppa-12942.png\" class=\"attachment-large size-large\" alt=\"Instagram icon\" \/>\t\t\t\t\t\t\n\t\t\t\t\t<\/div>\n\t\t\t\t\t\t\t\t\n<style>\n#image_104933659 {\n  width: 100%;\n}\n<\/style>\n\t<\/div>\n\t\n\n\t<div class=\"img has-hover socialshare_icon ex x md-x lg-x y md-y lg-y\" id=\"image_1583425830\">\n\t\t\t\t\t\t\t\t<div class=\"img-inner dark\" >\n\t\t\t<img loading=\"lazy\" decoding=\"async\" width=\"1\" height=\"1\" src=\"https:\/\/www.italtel.com\/wp-content\/uploads\/2024\/09\/X-icon.svg\" class=\"attachment-large size-large\" alt=\"X-icon\" \/>\t\t\t\t\t\t\n\t\t\t\t\t<\/div>\n\t\t\t\t\t\t\t\t\n<style>\n#image_1583425830 {\n  width: 100%;\n}\n<\/style>\n\t<\/div>\n\t\n\n\n\t\t<\/div>\n\t\t<\/div><\/div>\t\t\n<style>\n#col-1534916906 > .is-sticky-column > .is-sticky-column__inner > .col-inner {\n  padding: 6rem 0px 0px 0px;\n}\n<\/style>\n\t<\/div>\n\n\t\n\n<\/div>\n\n","protected":false},"excerpt":{"rendered":"","protected":false},"author":6,"featured_media":79698,"comment_status":"closed","ping_status":"closed","sticky":false,"template":"","format":"standard","meta":{"footnotes":""},"categories":[394],"tags":[1080],"class_list":["post-79693","post","type-post","status-publish","format-standard","has-post-thumbnail","hentry","category-focus-it","tag-sustainability-company-it"],"yoast_head":"<!-- This site is optimized with the Yoast SEO plugin v27.3 - https:\/\/yoast.com\/product\/yoast-seo-wordpress\/ -->\n<title>Tecnologia e disabilit\u00e0: costruire ambienti inclusivi per tutti - Italtel<\/title>\n<meta name=\"description\" content=\"In occasione della Giornata Internazionale delle Persone con Disabilit\u00e0 2025, Italtel racconta il suo impegno per l\u2019inclusione digitale: progettare infrastrutture e tecnologie che abilitano servizi, applicazioni e strumenti assistivi \u2014 dagli smart glass all\u2019AI \u2014 rendendo accessibilit\u00e0 e partecipazione una realt\u00e0 per tutti.\" \/>\n<meta name=\"robots\" content=\"index, follow, max-snippet:-1, max-image-preview:large, max-video-preview:-1\" \/>\n<link rel=\"canonical\" href=\"https:\/\/www.italtel.com\/it\/tecnologia-e-disabilita-costruire-ambienti-inclusivi-per-tutti\/\" \/>\n<meta property=\"og:locale\" content=\"it_IT\" \/>\n<meta property=\"og:type\" content=\"article\" \/>\n<meta property=\"og:title\" content=\"Tecnologia e disabilit\u00e0: costruire ambienti inclusivi per tutti - Italtel\" \/>\n<meta property=\"og:description\" content=\"In occasione della Giornata Internazionale delle Persone con Disabilit\u00e0 2025, Italtel racconta il suo impegno per l\u2019inclusione digitale: progettare infrastrutture e tecnologie che abilitano servizi, applicazioni e strumenti assistivi \u2014 dagli smart glass all\u2019AI \u2014 rendendo accessibilit\u00e0 e partecipazione una realt\u00e0 per tutti.\" \/>\n<meta property=\"og:url\" content=\"https:\/\/www.italtel.com\/it\/tecnologia-e-disabilita-costruire-ambienti-inclusivi-per-tutti\/\" \/>\n<meta property=\"og:site_name\" content=\"Italtel\" \/>\n<meta property=\"article:published_time\" content=\"2025-12-03T08:10:33+00:00\" \/>\n<meta property=\"article:modified_time\" content=\"2025-12-10T09:05:02+00:00\" \/>\n<meta property=\"og:image\" content=\"https:\/\/www.italtel.com\/wp-content\/uploads\/2025\/12\/2152001148-copia.webp\" \/>\n\t<meta property=\"og:image:width\" content=\"1610\" \/>\n\t<meta property=\"og:image:height\" content=\"906\" \/>\n\t<meta property=\"og:image:type\" content=\"image\/webp\" \/>\n<meta name=\"author\" content=\"Daniela Fontana\" \/>\n<meta name=\"twitter:card\" content=\"summary_large_image\" \/>\n<meta name=\"twitter:creator\" content=\"@Italtel\" \/>\n<meta name=\"twitter:site\" content=\"@Italtel\" \/>\n<meta name=\"twitter:label1\" content=\"Scritto da\" \/>\n\t<meta name=\"twitter:data1\" content=\"Daniela Fontana\" \/>\n\t<meta name=\"twitter:label2\" content=\"Tempo di lettura stimato\" \/>\n\t<meta name=\"twitter:data2\" content=\"4 minuti\" \/>\n<script type=\"application\/ld+json\" class=\"yoast-schema-graph\">{\"@context\":\"https:\\\/\\\/schema.org\",\"@graph\":[{\"@type\":\"Article\",\"@id\":\"https:\\\/\\\/www.italtel.com\\\/it\\\/tecnologia-e-disabilita-costruire-ambienti-inclusivi-per-tutti\\\/#article\",\"isPartOf\":{\"@id\":\"https:\\\/\\\/www.italtel.com\\\/it\\\/tecnologia-e-disabilita-costruire-ambienti-inclusivi-per-tutti\\\/\"},\"author\":{\"name\":\"Daniela Fontana\",\"@id\":\"https:\\\/\\\/www.italtel.com\\\/de\\\/#\\\/schema\\\/person\\\/38f315d5a978255f0cf320055bad5afe\"},\"headline\":\"Tecnologia e disabilit\u00e0: costruire ambienti inclusivi per tutti\",\"datePublished\":\"2025-12-03T08:10:33+00:00\",\"dateModified\":\"2025-12-10T09:05:02+00:00\",\"mainEntityOfPage\":{\"@id\":\"https:\\\/\\\/www.italtel.com\\\/it\\\/tecnologia-e-disabilita-costruire-ambienti-inclusivi-per-tutti\\\/\"},\"wordCount\":1005,\"publisher\":{\"@id\":\"https:\\\/\\\/www.italtel.com\\\/de\\\/#organization\"},\"image\":{\"@id\":\"https:\\\/\\\/www.italtel.com\\\/it\\\/tecnologia-e-disabilita-costruire-ambienti-inclusivi-per-tutti\\\/#primaryimage\"},\"thumbnailUrl\":\"https:\\\/\\\/www.italtel.com\\\/wp-content\\\/uploads\\\/2025\\\/12\\\/2152001148-copia.webp\",\"keywords\":[\"Sustainability; Company\"],\"articleSection\":[\"Focus\"],\"inLanguage\":\"it-IT\"},{\"@type\":\"WebPage\",\"@id\":\"https:\\\/\\\/www.italtel.com\\\/it\\\/tecnologia-e-disabilita-costruire-ambienti-inclusivi-per-tutti\\\/\",\"url\":\"https:\\\/\\\/www.italtel.com\\\/it\\\/tecnologia-e-disabilita-costruire-ambienti-inclusivi-per-tutti\\\/\",\"name\":\"Tecnologia e disabilit\u00e0: costruire ambienti inclusivi per tutti - Italtel\",\"isPartOf\":{\"@id\":\"https:\\\/\\\/www.italtel.com\\\/de\\\/#website\"},\"primaryImageOfPage\":{\"@id\":\"https:\\\/\\\/www.italtel.com\\\/it\\\/tecnologia-e-disabilita-costruire-ambienti-inclusivi-per-tutti\\\/#primaryimage\"},\"image\":{\"@id\":\"https:\\\/\\\/www.italtel.com\\\/it\\\/tecnologia-e-disabilita-costruire-ambienti-inclusivi-per-tutti\\\/#primaryimage\"},\"thumbnailUrl\":\"https:\\\/\\\/www.italtel.com\\\/wp-content\\\/uploads\\\/2025\\\/12\\\/2152001148-copia.webp\",\"datePublished\":\"2025-12-03T08:10:33+00:00\",\"dateModified\":\"2025-12-10T09:05:02+00:00\",\"description\":\"In occasione della Giornata Internazionale delle Persone con Disabilit\u00e0 2025, Italtel racconta il suo impegno per l\u2019inclusione digitale: progettare infrastrutture e tecnologie che abilitano servizi, applicazioni e strumenti assistivi \u2014 dagli smart glass all\u2019AI \u2014 rendendo accessibilit\u00e0 e partecipazione una realt\u00e0 per tutti.\",\"breadcrumb\":{\"@id\":\"https:\\\/\\\/www.italtel.com\\\/it\\\/tecnologia-e-disabilita-costruire-ambienti-inclusivi-per-tutti\\\/#breadcrumb\"},\"inLanguage\":\"it-IT\",\"potentialAction\":[{\"@type\":\"ReadAction\",\"target\":[\"https:\\\/\\\/www.italtel.com\\\/it\\\/tecnologia-e-disabilita-costruire-ambienti-inclusivi-per-tutti\\\/\"]}]},{\"@type\":\"ImageObject\",\"inLanguage\":\"it-IT\",\"@id\":\"https:\\\/\\\/www.italtel.com\\\/it\\\/tecnologia-e-disabilita-costruire-ambienti-inclusivi-per-tutti\\\/#primaryimage\",\"url\":\"https:\\\/\\\/www.italtel.com\\\/wp-content\\\/uploads\\\/2025\\\/12\\\/2152001148-copia.webp\",\"contentUrl\":\"https:\\\/\\\/www.italtel.com\\\/wp-content\\\/uploads\\\/2025\\\/12\\\/2152001148-copia.webp\",\"width\":1610,\"height\":906,\"caption\":\"A woman with dark hair gazes intently at a glowing vertical screen in a dimly lit room, conveying a sense of focus and modern technology.\"},{\"@type\":\"BreadcrumbList\",\"@id\":\"https:\\\/\\\/www.italtel.com\\\/it\\\/tecnologia-e-disabilita-costruire-ambienti-inclusivi-per-tutti\\\/#breadcrumb\",\"itemListElement\":[{\"@type\":\"ListItem\",\"position\":1,\"name\":\"Home\",\"item\":\"https:\\\/\\\/www.italtel.com\\\/it\\\/\"},{\"@type\":\"ListItem\",\"position\":2,\"name\":\"Tecnologia e disabilit\u00e0: costruire ambienti inclusivi per tutti\"}]},{\"@type\":\"WebSite\",\"@id\":\"https:\\\/\\\/www.italtel.com\\\/de\\\/#website\",\"url\":\"https:\\\/\\\/www.italtel.com\\\/de\\\/\",\"name\":\"Italtel\",\"description\":\"Italtel Group&#039;s company website\",\"publisher\":{\"@id\":\"https:\\\/\\\/www.italtel.com\\\/de\\\/#organization\"},\"potentialAction\":[{\"@type\":\"SearchAction\",\"target\":{\"@type\":\"EntryPoint\",\"urlTemplate\":\"https:\\\/\\\/www.italtel.com\\\/de\\\/?s={search_term_string}\"},\"query-input\":{\"@type\":\"PropertyValueSpecification\",\"valueRequired\":true,\"valueName\":\"search_term_string\"}}],\"inLanguage\":\"it-IT\"},{\"@type\":\"Organization\",\"@id\":\"https:\\\/\\\/www.italtel.com\\\/de\\\/#organization\",\"name\":\"Italtel S.p.A.\",\"url\":\"https:\\\/\\\/www.italtel.com\\\/de\\\/\",\"logo\":{\"@type\":\"ImageObject\",\"inLanguage\":\"it-IT\",\"@id\":\"https:\\\/\\\/www.italtel.com\\\/de\\\/#\\\/schema\\\/logo\\\/image\\\/\",\"url\":\"https:\\\/\\\/www.italtel.com\\\/wp-content\\\/uploads\\\/2024\\\/11\\\/Italtel_logo.png\",\"contentUrl\":\"https:\\\/\\\/www.italtel.com\\\/wp-content\\\/uploads\\\/2024\\\/11\\\/Italtel_logo.png\",\"width\":591,\"height\":139,\"caption\":\"Italtel S.p.A.\"},\"image\":{\"@id\":\"https:\\\/\\\/www.italtel.com\\\/de\\\/#\\\/schema\\\/logo\\\/image\\\/\"},\"sameAs\":[\"https:\\\/\\\/x.com\\\/Italtel\",\"https:\\\/\\\/www.linkedin.com\\\/company\\\/italtel\\\/\",\"https:\\\/\\\/www.instagram.com\\\/italtel_hq\\\/\"]},{\"@type\":\"Person\",\"@id\":\"https:\\\/\\\/www.italtel.com\\\/de\\\/#\\\/schema\\\/person\\\/38f315d5a978255f0cf320055bad5afe\",\"name\":\"Daniela Fontana\",\"image\":{\"@type\":\"ImageObject\",\"inLanguage\":\"it-IT\",\"@id\":\"https:\\\/\\\/secure.gravatar.com\\\/avatar\\\/834a03b0c73144a8ca36e17dc365b3fbadb34c9e44399b609a00f2231e694f6a?s=96&d=mm&r=g\",\"url\":\"https:\\\/\\\/secure.gravatar.com\\\/avatar\\\/834a03b0c73144a8ca36e17dc365b3fbadb34c9e44399b609a00f2231e694f6a?s=96&d=mm&r=g\",\"contentUrl\":\"https:\\\/\\\/secure.gravatar.com\\\/avatar\\\/834a03b0c73144a8ca36e17dc365b3fbadb34c9e44399b609a00f2231e694f6a?s=96&d=mm&r=g\",\"caption\":\"Daniela Fontana\"}}]}<\/script>\n<!-- \/ Yoast SEO plugin. -->","yoast_head_json":{"title":"Tecnologia e disabilit\u00e0: costruire ambienti inclusivi per tutti - Italtel","description":"In occasione della Giornata Internazionale delle Persone con Disabilit\u00e0 2025, Italtel racconta il suo impegno per l\u2019inclusione digitale: progettare infrastrutture e tecnologie che abilitano servizi, applicazioni e strumenti assistivi \u2014 dagli smart glass all\u2019AI \u2014 rendendo accessibilit\u00e0 e partecipazione una realt\u00e0 per tutti.","robots":{"index":"index","follow":"follow","max-snippet":"max-snippet:-1","max-image-preview":"max-image-preview:large","max-video-preview":"max-video-preview:-1"},"canonical":"https:\/\/www.italtel.com\/it\/tecnologia-e-disabilita-costruire-ambienti-inclusivi-per-tutti\/","og_locale":"it_IT","og_type":"article","og_title":"Tecnologia e disabilit\u00e0: costruire ambienti inclusivi per tutti - Italtel","og_description":"In occasione della Giornata Internazionale delle Persone con Disabilit\u00e0 2025, Italtel racconta il suo impegno per l\u2019inclusione digitale: progettare infrastrutture e tecnologie che abilitano servizi, applicazioni e strumenti assistivi \u2014 dagli smart glass all\u2019AI \u2014 rendendo accessibilit\u00e0 e partecipazione una realt\u00e0 per tutti.","og_url":"https:\/\/www.italtel.com\/it\/tecnologia-e-disabilita-costruire-ambienti-inclusivi-per-tutti\/","og_site_name":"Italtel","article_published_time":"2025-12-03T08:10:33+00:00","article_modified_time":"2025-12-10T09:05:02+00:00","og_image":[{"width":1610,"height":906,"url":"https:\/\/www.italtel.com\/wp-content\/uploads\/2025\/12\/2152001148-copia.webp","type":"image\/webp"}],"author":"Daniela Fontana","twitter_card":"summary_large_image","twitter_creator":"@Italtel","twitter_site":"@Italtel","twitter_misc":{"Scritto da":"Daniela Fontana","Tempo di lettura stimato":"4 minuti"},"schema":{"@context":"https:\/\/schema.org","@graph":[{"@type":"Article","@id":"https:\/\/www.italtel.com\/it\/tecnologia-e-disabilita-costruire-ambienti-inclusivi-per-tutti\/#article","isPartOf":{"@id":"https:\/\/www.italtel.com\/it\/tecnologia-e-disabilita-costruire-ambienti-inclusivi-per-tutti\/"},"author":{"name":"Daniela Fontana","@id":"https:\/\/www.italtel.com\/de\/#\/schema\/person\/38f315d5a978255f0cf320055bad5afe"},"headline":"Tecnologia e disabilit\u00e0: costruire ambienti inclusivi per tutti","datePublished":"2025-12-03T08:10:33+00:00","dateModified":"2025-12-10T09:05:02+00:00","mainEntityOfPage":{"@id":"https:\/\/www.italtel.com\/it\/tecnologia-e-disabilita-costruire-ambienti-inclusivi-per-tutti\/"},"wordCount":1005,"publisher":{"@id":"https:\/\/www.italtel.com\/de\/#organization"},"image":{"@id":"https:\/\/www.italtel.com\/it\/tecnologia-e-disabilita-costruire-ambienti-inclusivi-per-tutti\/#primaryimage"},"thumbnailUrl":"https:\/\/www.italtel.com\/wp-content\/uploads\/2025\/12\/2152001148-copia.webp","keywords":["Sustainability; Company"],"articleSection":["Focus"],"inLanguage":"it-IT"},{"@type":"WebPage","@id":"https:\/\/www.italtel.com\/it\/tecnologia-e-disabilita-costruire-ambienti-inclusivi-per-tutti\/","url":"https:\/\/www.italtel.com\/it\/tecnologia-e-disabilita-costruire-ambienti-inclusivi-per-tutti\/","name":"Tecnologia e disabilit\u00e0: costruire ambienti inclusivi per tutti - Italtel","isPartOf":{"@id":"https:\/\/www.italtel.com\/de\/#website"},"primaryImageOfPage":{"@id":"https:\/\/www.italtel.com\/it\/tecnologia-e-disabilita-costruire-ambienti-inclusivi-per-tutti\/#primaryimage"},"image":{"@id":"https:\/\/www.italtel.com\/it\/tecnologia-e-disabilita-costruire-ambienti-inclusivi-per-tutti\/#primaryimage"},"thumbnailUrl":"https:\/\/www.italtel.com\/wp-content\/uploads\/2025\/12\/2152001148-copia.webp","datePublished":"2025-12-03T08:10:33+00:00","dateModified":"2025-12-10T09:05:02+00:00","description":"In occasione della Giornata Internazionale delle Persone con Disabilit\u00e0 2025, Italtel racconta il suo impegno per l\u2019inclusione digitale: progettare infrastrutture e tecnologie che abilitano servizi, applicazioni e strumenti assistivi \u2014 dagli smart glass all\u2019AI \u2014 rendendo accessibilit\u00e0 e partecipazione una realt\u00e0 per tutti.","breadcrumb":{"@id":"https:\/\/www.italtel.com\/it\/tecnologia-e-disabilita-costruire-ambienti-inclusivi-per-tutti\/#breadcrumb"},"inLanguage":"it-IT","potentialAction":[{"@type":"ReadAction","target":["https:\/\/www.italtel.com\/it\/tecnologia-e-disabilita-costruire-ambienti-inclusivi-per-tutti\/"]}]},{"@type":"ImageObject","inLanguage":"it-IT","@id":"https:\/\/www.italtel.com\/it\/tecnologia-e-disabilita-costruire-ambienti-inclusivi-per-tutti\/#primaryimage","url":"https:\/\/www.italtel.com\/wp-content\/uploads\/2025\/12\/2152001148-copia.webp","contentUrl":"https:\/\/www.italtel.com\/wp-content\/uploads\/2025\/12\/2152001148-copia.webp","width":1610,"height":906,"caption":"A woman with dark hair gazes intently at a glowing vertical screen in a dimly lit room, conveying a sense of focus and modern technology."},{"@type":"BreadcrumbList","@id":"https:\/\/www.italtel.com\/it\/tecnologia-e-disabilita-costruire-ambienti-inclusivi-per-tutti\/#breadcrumb","itemListElement":[{"@type":"ListItem","position":1,"name":"Home","item":"https:\/\/www.italtel.com\/it\/"},{"@type":"ListItem","position":2,"name":"Tecnologia e disabilit\u00e0: costruire ambienti inclusivi per tutti"}]},{"@type":"WebSite","@id":"https:\/\/www.italtel.com\/de\/#website","url":"https:\/\/www.italtel.com\/de\/","name":"Italtel","description":"Italtel Group&#039;s company website","publisher":{"@id":"https:\/\/www.italtel.com\/de\/#organization"},"potentialAction":[{"@type":"SearchAction","target":{"@type":"EntryPoint","urlTemplate":"https:\/\/www.italtel.com\/de\/?s={search_term_string}"},"query-input":{"@type":"PropertyValueSpecification","valueRequired":true,"valueName":"search_term_string"}}],"inLanguage":"it-IT"},{"@type":"Organization","@id":"https:\/\/www.italtel.com\/de\/#organization","name":"Italtel S.p.A.","url":"https:\/\/www.italtel.com\/de\/","logo":{"@type":"ImageObject","inLanguage":"it-IT","@id":"https:\/\/www.italtel.com\/de\/#\/schema\/logo\/image\/","url":"https:\/\/www.italtel.com\/wp-content\/uploads\/2024\/11\/Italtel_logo.png","contentUrl":"https:\/\/www.italtel.com\/wp-content\/uploads\/2024\/11\/Italtel_logo.png","width":591,"height":139,"caption":"Italtel S.p.A."},"image":{"@id":"https:\/\/www.italtel.com\/de\/#\/schema\/logo\/image\/"},"sameAs":["https:\/\/x.com\/Italtel","https:\/\/www.linkedin.com\/company\/italtel\/","https:\/\/www.instagram.com\/italtel_hq\/"]},{"@type":"Person","@id":"https:\/\/www.italtel.com\/de\/#\/schema\/person\/38f315d5a978255f0cf320055bad5afe","name":"Daniela Fontana","image":{"@type":"ImageObject","inLanguage":"it-IT","@id":"https:\/\/secure.gravatar.com\/avatar\/834a03b0c73144a8ca36e17dc365b3fbadb34c9e44399b609a00f2231e694f6a?s=96&d=mm&r=g","url":"https:\/\/secure.gravatar.com\/avatar\/834a03b0c73144a8ca36e17dc365b3fbadb34c9e44399b609a00f2231e694f6a?s=96&d=mm&r=g","contentUrl":"https:\/\/secure.gravatar.com\/avatar\/834a03b0c73144a8ca36e17dc365b3fbadb34c9e44399b609a00f2231e694f6a?s=96&d=mm&r=g","caption":"Daniela Fontana"}}]}},"_links":{"self":[{"href":"https:\/\/www.italtel.com\/it\/wp-json\/wp\/v2\/posts\/79693","targetHints":{"allow":["GET"]}}],"collection":[{"href":"https:\/\/www.italtel.com\/it\/wp-json\/wp\/v2\/posts"}],"about":[{"href":"https:\/\/www.italtel.com\/it\/wp-json\/wp\/v2\/types\/post"}],"author":[{"embeddable":true,"href":"https:\/\/www.italtel.com\/it\/wp-json\/wp\/v2\/users\/6"}],"replies":[{"embeddable":true,"href":"https:\/\/www.italtel.com\/it\/wp-json\/wp\/v2\/comments?post=79693"}],"version-history":[{"count":5,"href":"https:\/\/www.italtel.com\/it\/wp-json\/wp\/v2\/posts\/79693\/revisions"}],"predecessor-version":[{"id":79801,"href":"https:\/\/www.italtel.com\/it\/wp-json\/wp\/v2\/posts\/79693\/revisions\/79801"}],"wp:featuredmedia":[{"embeddable":true,"href":"https:\/\/www.italtel.com\/it\/wp-json\/wp\/v2\/media\/79698"}],"wp:attachment":[{"href":"https:\/\/www.italtel.com\/it\/wp-json\/wp\/v2\/media?parent=79693"}],"wp:term":[{"taxonomy":"category","embeddable":true,"href":"https:\/\/www.italtel.com\/it\/wp-json\/wp\/v2\/categories?post=79693"},{"taxonomy":"post_tag","embeddable":true,"href":"https:\/\/www.italtel.com\/it\/wp-json\/wp\/v2\/tags?post=79693"}],"curies":[{"name":"wp","href":"https:\/\/api.w.org\/{rel}","templated":true}]}}