{"id":79833,"date":"2025-12-11T08:07:28","date_gmt":"2025-12-11T06:07:28","guid":{"rendered":"https:\/\/www.italtel.com\/?p=79833"},"modified":"2025-12-11T08:07:28","modified_gmt":"2025-12-11T06:07:28","slug":"reti-strategiche-per-il-paese-innovazione-e-resilienza","status":"publish","type":"post","link":"https:\/\/www.italtel.com\/it\/reti-strategiche-per-il-paese-innovazione-e-resilienza\/","title":{"rendered":"Reti strategiche per il Paese: innovazione e resilienza"},"content":{"rendered":"\n<div class=\"row\"  id=\"row-1267457348\">\n\n\n\t<div id=\"col-107828997\" class=\"col medium-9 small-12 large-9\"  >\n\t\t\t\t<div class=\"col-inner\"  >\n\t\t\t\n\t\t\t\n\n<div class=\"row row-collapse align-middle align-center\"  id=\"row-1453891429\">\n\n\n\t<div id=\"col-148628808\" class=\"col medium-2 small-5 large-2\"  >\n\t\t\t\t<div class=\"col-inner\"  >\n\t\t\t\n\t\t\t\n\n\t<div class=\"img has-hover x md-x lg-x y md-y lg-y\" id=\"image_61641784\">\n\t\t\t\t\t\t\t\t<div class=\"img-inner dark\" style=\"margin:0px 10px 0px 0px;\">\n\t\t\t<img loading=\"lazy\" decoding=\"async\" width=\"265\" height=\"265\" src=\"https:\/\/www.italtel.com\/wp-content\/uploads\/2024\/12\/Fabrizio_tondo.png\" class=\"attachment-original size-original\" alt=\"Fabrizio La Paglia_tondo\" srcset=\"https:\/\/www.italtel.com\/wp-content\/uploads\/2024\/12\/Fabrizio_tondo.png 265w, https:\/\/www.italtel.com\/wp-content\/uploads\/2024\/12\/Fabrizio_tondo-150x150.png 150w\" sizes=\"auto, (max-width: 265px) 100vw, 265px\" \/>\t\t\t\t\t\t\n\t\t\t\t\t<\/div>\n\t\t\t\t\t\t\t\t\n<style>\n#image_61641784 {\n  width: 84%;\n}\n@media (min-width:550px) {\n  #image_61641784 {\n    width: 80%;\n  }\n}\n<\/style>\n\t<\/div>\n\t\n\n\n\t\t<\/div>\n\t\t\t\t\t<\/div>\n\n\t\n\n\t<div id=\"col-1134871902\" class=\"col medium-10 small-7 large-10\"  >\n\t\t\t\t<div class=\"col-inner\"  >\n\t\t\t\n\t\t\t\n\n\t<div id=\"text-359358673\" class=\"text fontsize_18 color_black marginbottom_0\">\n\t\t\n\n<p data-start=\"394\" data-end=\"474\"><strong>Intervista a Fabrizio La Paglia &#8211; Head of BU Telco, Media &amp; Cloud Provider<\/strong><\/p>\n<p data-start=\"476\" data-end=\"760\">\u00a0<\/p>\n\t\t\n<style>\n#text-359358673 {\n  text-align: left;\n}\n<\/style>\n\t<\/div>\n\t\n\n\t\t<\/div>\n\t\t\t\t\n<style>\n#col-1134871902 > .col-inner {\n  padding: 0px 0px 0px 0px;\n}\n<\/style>\n\t<\/div>\n\n\t\n\n<\/div>\n\t<div id=\"text-4230938068\" class=\"text fontsize_18 color_black\">\n\t\t\n\n<p>Le reti di oggi per le loro caratteristiche e i servizi che gestiscono <strong>non possono permettersi interruzioni<\/strong>, nemmeno per un istante: sono le reti <strong>strategiche o essenziali per il Paese<\/strong>, garantiscono la resilienza del nostro presente e abilitano il futuro digitale.<\/p>\n<p>Quando una porzione di rete si ferma, tutto si ferma: dalle comunicazioni ai servizi pubblici, fino all\u2019accesso delle piattaforme cloud. \u00a0Le reti non sono solo infrastrutture tecnologiche: sono asset vitali, che hanno la responsabilit\u00e0 di garantire continuit\u00e0 e sicurezza nella vita delle persone e delle comunit\u00e0.<\/p>\n<p>Oggi pi\u00f9 che mai, queste reti affrontano una sfida senza precedenti: l\u2019avvento dell\u2019intelligenza artificiale, che non solo richiede <strong>requisiti infrastrutturali inediti<\/strong> \u2013 velocit\u00e0, bassa latenza, sicurezza e capacit\u00e0 di gestire enormi volumi di dati \u2013 ma diventa parte integrante della rete stessa, abilitando <strong>automazione, monitoraggio intelligente e capacit\u00e0 predittive<\/strong>.<\/p>\n<p>In questo scenario, la rete \u00e8 un <strong>vero e proprio fattore competitivo<\/strong>, un abilitatore di innovazione e sviluppo.<\/p>\n<p><strong>Fabrizio La Paglia<\/strong>, Responsabile del mercato Telco, Media &amp; Cloud, ci accompagna dentro il cuore di questo cambiamento: cosa significa <strong>progettare, gestire e far evolvere reti strategiche<\/strong>, quali responsabilit\u00e0 comporta e come le nuove tecnologie \u2013 dal cloud all\u2019edge, fino all\u2019intelligenza artificiale \u2013 stanno trasformando il modo in cui immaginiamo la connettivit\u00e0 del futuro.<\/p>\n\t\t\t<\/div>\n\t\n\t<div id=\"gap-1084417360\" class=\"gap-element clearfix\" style=\"display:block; height:auto;\">\n\t\t\n<style>\n#gap-1084417360 {\n  padding-top: 30px;\n}\n<\/style>\n\t<\/div>\n\t\n\n\t<div id=\"text-1443913584\" class=\"text fontsize_32 color_black\">\n\t\t\n\n<h2>1) La nostra azienda ha una lunga storia di competenze in ambito reti per operatori, che sono per definizione reti mission critical. Come si \u00e8 evoluta questa expertise nel tempo?\u00a0<\/h2>\n\t\t\t<\/div>\n\t\n\t<div id=\"text-1622080378\" class=\"text fontsize_18 color_black\">\n\t\t\n\n<p>La nostra storia nasce nel mondo delle telecomunicazioni, dove l\u2019affidabilit\u00e0 \u00e8 un requisito imprescindibile.<\/p>\n<p>Nel tempo abbiamo costruito competenze uniche grazie a tre fattori: la creazione di <strong>competence center altamente specializzati <\/strong>nelle tecnologie emergenti quali AI, quantum e il cloud computing, l\u2019<strong>ascolto costante <\/strong>dei clienti e un percorso continuo di <strong>certificazioni e partnership<\/strong> tecnologiche.<\/p>\n<p>A questo si aggiunge un forte investimento sulla <strong>formazione<\/strong> delle persone: non ci limitiamo ad aggiornare le competenze tecniche, ma sviluppiamo la capacit\u00e0 di interpretare le esigenze evolutive degli operatori e tradurle in soluzioni concrete.<\/p>\n\t\t\t<\/div>\n\t\n\t<div id=\"gap-1646929413\" class=\"gap-element clearfix\" style=\"display:block; height:auto;\">\n\t\t\n<style>\n#gap-1646929413 {\n  padding-top: 30px;\n}\n<\/style>\n\t<\/div>\n\t\n\n\t<div id=\"text-2454842053\" class=\"text fontsize_32 color_black\">\n\t\t\n\n<h2>2) Gli operatori oggi hanno la necessit\u00e0 di migliorare la sicurezza, reslilienza e scalabilit\u00e0 delle loro reti. Qual \u00e8 la strategia con cui rispondiamo a queste nuove esigenze?\u00a0<\/h2>\n\t\t\t<\/div>\n\t\n\t<div id=\"text-2758156112\" class=\"text fontsize_18 color_black\">\n\t\t\n\n<p>La nostra strategia si fonda su un <strong>approccio end-to-end<\/strong>: dalla pianificazione fino all\u2019esecuzione di progetti complessi.\u00a0Offriamo capacit\u00e0 di progettazione, sviluppo e delivery su larga scala, integrando automazione, intelligenza artificiale, cloud e sicurezza by design.<\/p>\n<p>Un altro pilastro \u00e8 la capacit\u00e0 di <strong>erogare servizi gestiti<\/strong>, perch\u00e9 la resilienza non si gioca solo in fase di implementazione, ma soprattutto nella gestione quotidiana.<\/p>\n<p>Ci proponiamo come <strong>un partner di fiducia<\/strong> per i nostri Clienti lungo tutto il ciclo di vita dei progetti.<\/p>\n\t\t\t<\/div>\n\t\n\t<div id=\"gap-427261674\" class=\"gap-element clearfix\" style=\"display:block; height:auto;\">\n\t\t\n<style>\n#gap-427261674 {\n  padding-top: 30px;\n}\n<\/style>\n\t<\/div>\n\t\n\n\t<div id=\"text-3244259697\" class=\"text fontsize_32 color_black\">\n\t\t\n\n<h2>3) Qual \u00e8 il ruolo delle nuove tecnologie \u2013 come cloud, edge e AI \u2013 per rendere pi\u00f9 sicure e potenti queste infrastrutture e i servizi che erogano?\u00a0<\/h2>\n\t\t\t<\/div>\n\t\n\t<div id=\"text-2208441057\" class=\"text fontsize_18 color_black\">\n\t\t\n\n<p>Il cloud abilita <strong>flessibilit\u00e0 e scalabilit\u00e0<\/strong> senza precedenti, permettendo di erogare servizi con rapidit\u00e0 e adattarli in base alla domanda.<\/p>\n<p>L\u2019edge computing porta la capacit\u00e0 di calcolo <strong>vicino all\u2019utente<\/strong>, riducendo la latenza e migliorando la <strong>qualit\u00e0 dell\u2019esperienza<\/strong>.<\/p>\n<p>L\u2019intelligenza artificiale, invece, diventa il \u201ccervello\u201d della rete: consente automazione, monitoraggio proattivo, capacit\u00e0 predittive per <strong>prevenire guasti e rafforzare la sicurezza<\/strong>.<\/p>\n<p>Queste tecnologie, combinate, trasformano le reti <strong>da infrastrutture statiche a piattaforme dinamiche e intelligenti<\/strong>.<\/p>\n\t\t\t<\/div>\n\t\n\t<div id=\"gap-1651008845\" class=\"gap-element clearfix\" style=\"display:block; height:auto;\">\n\t\t\n<style>\n#gap-1651008845 {\n  padding-top: 30px;\n}\n<\/style>\n\t<\/div>\n\t\n\n\t<div id=\"text-1653863518\" class=\"text fontsize_32 color_black\">\n\t\t\n\n<h2>4) Guardando al futuro, quali trend avranno il maggiore impatto su questo settore nei prossimi anni?<\/h2>\n\t\t\t<\/div>\n\t\n\t<div id=\"text-3844495959\" class=\"text fontsize_18 color_black\">\n\t\t\n\n<p>Ne vedo almeno quattro, e sono i temi su cui stiamo investendo.<\/p>\n<ul>\n<li><strong>Automazione spinta<\/strong>: le reti diventeranno sempre pi\u00f9 autonome e in grado di auto-ripararsi e riconfigurarsi<\/li>\n<li><strong>Sicurezza integrata by design<\/strong>: con l\u2019aumento delle minacce cyber, la resilienza sar\u00e0 progettata nativamente in ogni componente della rete<\/li>\n<li><strong>Convergenza Telco-Cloud<\/strong>: gli operatori si trasformeranno in service platform provider, con modelli di business pi\u00f9 vicini al modello As A Service, anche per i servizi tradizionali, quali la connettivit\u00e0<\/li>\n<li><strong>Sostenibilit\u00e0<\/strong>: le reti saranno chiamate a ridurre consumi ed emissioni, sfruttando tecnologie efficienti e modelli di economia circolare.<\/li>\n<\/ul>\n<p>Tutti questi trend, insieme, determineranno non solo la competitivit\u00e0 degli operatori, ma la capacit\u00e0 del Paese di <strong>crescere digitalmente in modo sicuro e inclusivo<\/strong>.<\/p>\n\t\t\t<\/div>\n\t\n\t<div id=\"gap-1908831584\" class=\"gap-element clearfix\" style=\"display:block; height:auto;\">\n\t\t\n<style>\n#gap-1908831584 {\n  padding-top: 30px;\n}\n<\/style>\n\t<\/div>\n\t\n\n\t<div id=\"text-2263427405\" class=\"text fontsize_32 color_black\">\n\t\t\n\n<h2>5) Se dovesse riassumere in una frase la nostra missione in questo ambito, quale sarebbe?<\/h2>\n\t\t\t<\/div>\n\t\n\t<div id=\"text-1122748030\" class=\"text fontsize_18 color_black\">\n\t\t\n\n<p><strong>La tecnologia deve essere a supporto della persona e della societ\u00e0<\/strong>: ci impegniamo a garantire <strong>reti resilienti, sicure e intelligenti<\/strong>, che non solo supportino i <strong>servizi essenziali <\/strong>di oggi per il cittadino e l\u2019impresa, ma diventino la piattaforma abilitante per <strong>l\u2019innovazione, la trasformazione<\/strong> <strong>digitale<\/strong> del Paese e una piena <strong>integrazione e crescita sociale<\/strong>.<\/p>\n\t\t\t<\/div>\n\t\n\t<div id=\"gap-2035834767\" class=\"gap-element clearfix\" style=\"display:block; height:auto;\">\n\t\t\n<style>\n#gap-2035834767 {\n  padding-top: 30px;\n}\n<\/style>\n\t<\/div>\n\t\n\n\t<div class=\"img has-hover x md-x lg-x y md-y lg-y\" id=\"image_61822502\">\n\t\t\t\t\t\t\t\t<div class=\"img-inner dark\" >\n\t\t\t<img loading=\"lazy\" decoding=\"async\" width=\"1020\" height=\"1020\" src=\"https:\/\/www.italtel.com\/wp-content\/uploads\/2025\/12\/fabrizio-quote-1024x1024.webp\" class=\"attachment-large size-large\" alt=\"\" srcset=\"https:\/\/www.italtel.com\/wp-content\/uploads\/2025\/12\/fabrizio-quote-1024x1024.webp 1024w, https:\/\/www.italtel.com\/wp-content\/uploads\/2025\/12\/fabrizio-quote-300x300.webp 300w, https:\/\/www.italtel.com\/wp-content\/uploads\/2025\/12\/fabrizio-quote-150x150.webp 150w, https:\/\/www.italtel.com\/wp-content\/uploads\/2025\/12\/fabrizio-quote-768x768.webp 768w, https:\/\/www.italtel.com\/wp-content\/uploads\/2025\/12\/fabrizio-quote.webp 1080w\" sizes=\"auto, (max-width: 1020px) 100vw, 1020px\" \/>\t\t\t\t\t\t\n\t\t\t\t\t<\/div>\n\t\t\t\t\t\t\t\t\n<style>\n#image_61822502 {\n  width: 100%;\n}\n<\/style>\n\t<\/div>\n\t\n\n\n\t\t<\/div>\n\t\t\t\t\n<style>\n#col-107828997 > .col-inner {\n  padding: 6rem 11rem 0px 0px;\n}\n<\/style>\n\t<\/div>\n\n\t\n\n\t<div id=\"col-1076087104\" class=\"col sibebar_col medium-3 small-12 large-3\"  >\n\t\t<div class=\"is-sticky-column\"><div class=\"is-sticky-column__inner\">\t\t<div class=\"col-inner\"  >\n\t\t\t\n\t\t\t\n\n\t<div id=\"text-3503680304\" class=\"text fontsize_16 color_black fontweight_500\">\n\t\t\n\nTECH KEYWORDS\n\t\t\t<\/div>\n\t\n<div class=\"is-divider divider clearfix\" style=\"margin-top:2rem;margin-bottom:2rem;max-width:100%;height:1px;background-color:rgba(112, 112, 112, 0.302);\"><\/div>\n\n\t<div id=\"text-206539815\" class=\"text fontsize_18 color_black\">\n\t\t\n\n<p>STRATEGIC NETWORKS<\/p>\n\t\t\t<\/div>\n\t\n<div class=\"is-divider divider clearfix\" style=\"margin-top:2rem;margin-bottom:2rem;max-width:100%;height:1px;background-color:rgba(112, 112, 112, 0.302);\"><\/div>\n\n\t<div id=\"text-2262279233\" class=\"text fontsize_18 color_black\">\n\t\t\n\n<p>MISSION-CRITICAL INFRASTRUCTURE<\/p>\n\t\t\t<\/div>\n\t\n<div class=\"is-divider divider clearfix\" style=\"margin-top:2rem;margin-bottom:2rem;max-width:100%;height:1px;background-color:rgba(112, 112, 112, 0.302);\"><\/div>\n\n\t<div id=\"text-1025680461\" class=\"text fontsize_18 color_black\">\n\t\t\n\n<p>AI-DRIVEN NETWORKS<\/p>\n\t\t\t<\/div>\n\t\n<div class=\"is-divider divider clearfix\" style=\"margin-top:2rem;margin-bottom:2rem;max-width:100%;height:1px;background-color:rgba(112, 112, 112, 0.302);\"><\/div>\n\n\t<div id=\"text-3438785032\" class=\"text fontsize_18 color_black\">\n\t\t\n\n<p>CLOUD AND EDGE COMPUTING<\/p>\n\t\t\t<\/div>\n\t\n<div class=\"is-divider divider clearfix\" style=\"margin-top:2rem;margin-bottom:2rem;max-width:100%;height:1px;background-color:rgba(112, 112, 112, 0.302);\"><\/div>\n\n\t<div id=\"text-3704091686\" class=\"text fontsize_18 color_black\">\n\t\t\n\n<p>NETWORK RESILIENCE<\/p>\n\t\t\t<\/div>\n\t\n\t<div id=\"gap-147297988\" class=\"gap-element clearfix\" style=\"display:block; height:auto;\">\n\t\t\n<style>\n#gap-147297988 {\n  padding-top: 13rem;\n}\n<\/style>\n\t<\/div>\n\t\n\n\t<div id=\"text-1634408822\" class=\"text fontsize_16 color_black fontweight_500\">\n\t\t\n\nSHARE THE PAGE\n\t\t\t<\/div>\n\t\n<div class=\"is-divider divider clearfix\" style=\"margin-top:2rem;margin-bottom:2rem;max-width:100%;height:1px;background-color:rgba(112, 112, 112, 0.302);\"><\/div>\n\n\t<div class=\"img has-hover socialshare_icon linkedin x md-x lg-x y md-y lg-y\" id=\"image_1775564428\">\n\t\t\t\t\t\t\t\t<div class=\"img-inner dark\" >\n\t\t\t<img loading=\"lazy\" decoding=\"async\" width=\"1\" height=\"1\" src=\"https:\/\/www.italtel.com\/wp-content\/uploads\/2024\/09\/Linkedin-icon.svg\" class=\"attachment-large size-large\" alt=\"Linkedin-icon\" \/>\t\t\t\t\t\t\n\t\t\t\t\t<\/div>\n\t\t\t\t\t\t\t\t\n<style>\n#image_1775564428 {\n  width: 100%;\n}\n<\/style>\n\t<\/div>\n\t\n\n\t<div class=\"img has-hover socialshare_icon instagram x md-x lg-x y md-y lg-y\" id=\"image_1104623057\">\n\t\t\t\t\t\t\t\t<div class=\"img-inner dark\" >\n\t\t\t<img loading=\"lazy\" decoding=\"async\" width=\"27\" height=\"27\" src=\"https:\/\/www.italtel.com\/wp-content\/uploads\/2024\/07\/Raggruppa-12942.png\" class=\"attachment-large size-large\" alt=\"Instagram icon\" \/>\t\t\t\t\t\t\n\t\t\t\t\t<\/div>\n\t\t\t\t\t\t\t\t\n<style>\n#image_1104623057 {\n  width: 100%;\n}\n<\/style>\n\t<\/div>\n\t\n\n\t<div class=\"img has-hover socialshare_icon ex x md-x lg-x y md-y lg-y\" id=\"image_711852131\">\n\t\t\t\t\t\t\t\t<div class=\"img-inner dark\" >\n\t\t\t<img loading=\"lazy\" decoding=\"async\" width=\"1\" height=\"1\" src=\"https:\/\/www.italtel.com\/wp-content\/uploads\/2024\/09\/X-icon.svg\" class=\"attachment-large size-large\" alt=\"X-icon\" \/>\t\t\t\t\t\t\n\t\t\t\t\t<\/div>\n\t\t\t\t\t\t\t\t\n<style>\n#image_711852131 {\n  width: 100%;\n}\n<\/style>\n\t<\/div>\n\t\n\n\n\t\t<\/div>\n\t\t<\/div><\/div>\t\t\n<style>\n#col-1076087104 > .is-sticky-column > .is-sticky-column__inner > .col-inner {\n  padding: 6rem 0px 0px 0px;\n}\n<\/style>\n\t<\/div>\n\n\t\n\n<\/div>\n\n","protected":false},"excerpt":{"rendered":"","protected":false},"author":6,"featured_media":79810,"comment_status":"closed","ping_status":"closed","sticky":false,"template":"","format":"standard","meta":{"footnotes":""},"categories":[394],"tags":[907],"class_list":["post-79833","post","type-post","status-publish","format-standard","has-post-thumbnail","hentry","category-focus-it","tag-network-evolution-5g"],"yoast_head":"<!-- This site is optimized with the Yoast SEO plugin v27.4 - https:\/\/yoast.com\/product\/yoast-seo-wordpress\/ -->\n<title>Reti strategiche per il Paese: innovazione e resilienza - Italtel<\/title>\n<meta name=\"description\" content=\"Reti strategiche, cloud, edge e intelligenza artificiale: l\u2019intervista a Fabrizio La Paglia su innovazione, resilienza e futuro delle infrastrutture digitali.\" \/>\n<meta name=\"robots\" content=\"index, follow, max-snippet:-1, max-image-preview:large, max-video-preview:-1\" \/>\n<link rel=\"canonical\" href=\"https:\/\/www.italtel.com\/it\/reti-strategiche-per-il-paese-innovazione-e-resilienza\/\" \/>\n<meta property=\"og:locale\" content=\"it_IT\" \/>\n<meta property=\"og:type\" content=\"article\" \/>\n<meta property=\"og:title\" content=\"Reti strategiche per il Paese: innovazione e resilienza - Italtel\" \/>\n<meta property=\"og:description\" content=\"Reti strategiche, cloud, edge e intelligenza artificiale: l\u2019intervista a Fabrizio La Paglia su innovazione, resilienza e futuro delle infrastrutture digitali.\" \/>\n<meta property=\"og:url\" content=\"https:\/\/www.italtel.com\/it\/reti-strategiche-per-il-paese-innovazione-e-resilienza\/\" \/>\n<meta property=\"og:site_name\" content=\"Italtel\" \/>\n<meta property=\"article:published_time\" content=\"2025-12-11T06:07:28+00:00\" \/>\n<meta property=\"og:image\" content=\"https:\/\/www.italtel.com\/wp-content\/uploads\/2025\/12\/Buone-feste-copia-1024x584.webp\" \/>\n\t<meta property=\"og:image:width\" content=\"1024\" \/>\n\t<meta property=\"og:image:height\" content=\"584\" \/>\n\t<meta property=\"og:image:type\" content=\"image\/webp\" \/>\n<meta name=\"author\" content=\"Daniela Fontana\" \/>\n<meta name=\"twitter:card\" content=\"summary_large_image\" \/>\n<meta name=\"twitter:creator\" content=\"@Italtel\" \/>\n<meta name=\"twitter:site\" content=\"@Italtel\" \/>\n<meta name=\"twitter:label1\" content=\"Scritto da\" \/>\n\t<meta name=\"twitter:data1\" content=\"Daniela Fontana\" \/>\n\t<meta name=\"twitter:label2\" content=\"Tempo di lettura stimato\" \/>\n\t<meta name=\"twitter:data2\" content=\"5 minuti\" \/>\n<script type=\"application\/ld+json\" class=\"yoast-schema-graph\">{\"@context\":\"https:\\\/\\\/schema.org\",\"@graph\":[{\"@type\":\"Article\",\"@id\":\"https:\\\/\\\/www.italtel.com\\\/it\\\/reti-strategiche-per-il-paese-innovazione-e-resilienza\\\/#article\",\"isPartOf\":{\"@id\":\"https:\\\/\\\/www.italtel.com\\\/it\\\/reti-strategiche-per-il-paese-innovazione-e-resilienza\\\/\"},\"author\":{\"name\":\"Daniela Fontana\",\"@id\":\"https:\\\/\\\/www.italtel.com\\\/de\\\/#\\\/schema\\\/person\\\/38f315d5a978255f0cf320055bad5afe\"},\"headline\":\"Reti strategiche per il Paese: innovazione e resilienza\",\"datePublished\":\"2025-12-11T06:07:28+00:00\",\"mainEntityOfPage\":{\"@id\":\"https:\\\/\\\/www.italtel.com\\\/it\\\/reti-strategiche-per-il-paese-innovazione-e-resilienza\\\/\"},\"wordCount\":1084,\"publisher\":{\"@id\":\"https:\\\/\\\/www.italtel.com\\\/de\\\/#organization\"},\"image\":{\"@id\":\"https:\\\/\\\/www.italtel.com\\\/it\\\/reti-strategiche-per-il-paese-innovazione-e-resilienza\\\/#primaryimage\"},\"thumbnailUrl\":\"https:\\\/\\\/www.italtel.com\\\/wp-content\\\/uploads\\\/2025\\\/12\\\/Buone-feste-copia.webp\",\"keywords\":[\"Network Evolution &amp; 5G\"],\"articleSection\":[\"Focus\"],\"inLanguage\":\"it-IT\"},{\"@type\":\"WebPage\",\"@id\":\"https:\\\/\\\/www.italtel.com\\\/it\\\/reti-strategiche-per-il-paese-innovazione-e-resilienza\\\/\",\"url\":\"https:\\\/\\\/www.italtel.com\\\/it\\\/reti-strategiche-per-il-paese-innovazione-e-resilienza\\\/\",\"name\":\"Reti strategiche per il Paese: innovazione e resilienza - Italtel\",\"isPartOf\":{\"@id\":\"https:\\\/\\\/www.italtel.com\\\/de\\\/#website\"},\"primaryImageOfPage\":{\"@id\":\"https:\\\/\\\/www.italtel.com\\\/it\\\/reti-strategiche-per-il-paese-innovazione-e-resilienza\\\/#primaryimage\"},\"image\":{\"@id\":\"https:\\\/\\\/www.italtel.com\\\/it\\\/reti-strategiche-per-il-paese-innovazione-e-resilienza\\\/#primaryimage\"},\"thumbnailUrl\":\"https:\\\/\\\/www.italtel.com\\\/wp-content\\\/uploads\\\/2025\\\/12\\\/Buone-feste-copia.webp\",\"datePublished\":\"2025-12-11T06:07:28+00:00\",\"description\":\"Reti strategiche, cloud, edge e intelligenza artificiale: l\u2019intervista a Fabrizio La Paglia su innovazione, resilienza e futuro delle infrastrutture digitali.\",\"breadcrumb\":{\"@id\":\"https:\\\/\\\/www.italtel.com\\\/it\\\/reti-strategiche-per-il-paese-innovazione-e-resilienza\\\/#breadcrumb\"},\"inLanguage\":\"it-IT\",\"potentialAction\":[{\"@type\":\"ReadAction\",\"target\":[\"https:\\\/\\\/www.italtel.com\\\/it\\\/reti-strategiche-per-il-paese-innovazione-e-resilienza\\\/\"]}]},{\"@type\":\"ImageObject\",\"inLanguage\":\"it-IT\",\"@id\":\"https:\\\/\\\/www.italtel.com\\\/it\\\/reti-strategiche-per-il-paese-innovazione-e-resilienza\\\/#primaryimage\",\"url\":\"https:\\\/\\\/www.italtel.com\\\/wp-content\\\/uploads\\\/2025\\\/12\\\/Buone-feste-copia.webp\",\"contentUrl\":\"https:\\\/\\\/www.italtel.com\\\/wp-content\\\/uploads\\\/2025\\\/12\\\/Buone-feste-copia.webp\",\"width\":2000,\"height\":1141,\"caption\":\"earth\"},{\"@type\":\"BreadcrumbList\",\"@id\":\"https:\\\/\\\/www.italtel.com\\\/it\\\/reti-strategiche-per-il-paese-innovazione-e-resilienza\\\/#breadcrumb\",\"itemListElement\":[{\"@type\":\"ListItem\",\"position\":1,\"name\":\"Home\",\"item\":\"https:\\\/\\\/www.italtel.com\\\/it\\\/\"},{\"@type\":\"ListItem\",\"position\":2,\"name\":\"Reti strategiche per il Paese: innovazione e resilienza\"}]},{\"@type\":\"WebSite\",\"@id\":\"https:\\\/\\\/www.italtel.com\\\/de\\\/#website\",\"url\":\"https:\\\/\\\/www.italtel.com\\\/de\\\/\",\"name\":\"Italtel\",\"description\":\"Italtel Group&#039;s company website\",\"publisher\":{\"@id\":\"https:\\\/\\\/www.italtel.com\\\/de\\\/#organization\"},\"potentialAction\":[{\"@type\":\"SearchAction\",\"target\":{\"@type\":\"EntryPoint\",\"urlTemplate\":\"https:\\\/\\\/www.italtel.com\\\/de\\\/?s={search_term_string}\"},\"query-input\":{\"@type\":\"PropertyValueSpecification\",\"valueRequired\":true,\"valueName\":\"search_term_string\"}}],\"inLanguage\":\"it-IT\"},{\"@type\":\"Organization\",\"@id\":\"https:\\\/\\\/www.italtel.com\\\/de\\\/#organization\",\"name\":\"Italtel S.p.A.\",\"url\":\"https:\\\/\\\/www.italtel.com\\\/de\\\/\",\"logo\":{\"@type\":\"ImageObject\",\"inLanguage\":\"it-IT\",\"@id\":\"https:\\\/\\\/www.italtel.com\\\/de\\\/#\\\/schema\\\/logo\\\/image\\\/\",\"url\":\"https:\\\/\\\/www.italtel.com\\\/wp-content\\\/uploads\\\/2024\\\/11\\\/Italtel_logo.png\",\"contentUrl\":\"https:\\\/\\\/www.italtel.com\\\/wp-content\\\/uploads\\\/2024\\\/11\\\/Italtel_logo.png\",\"width\":591,\"height\":139,\"caption\":\"Italtel S.p.A.\"},\"image\":{\"@id\":\"https:\\\/\\\/www.italtel.com\\\/de\\\/#\\\/schema\\\/logo\\\/image\\\/\"},\"sameAs\":[\"https:\\\/\\\/x.com\\\/Italtel\",\"https:\\\/\\\/www.linkedin.com\\\/company\\\/italtel\\\/\",\"https:\\\/\\\/www.instagram.com\\\/italtel_hq\\\/\"]},{\"@type\":\"Person\",\"@id\":\"https:\\\/\\\/www.italtel.com\\\/de\\\/#\\\/schema\\\/person\\\/38f315d5a978255f0cf320055bad5afe\",\"name\":\"Daniela Fontana\",\"image\":{\"@type\":\"ImageObject\",\"inLanguage\":\"it-IT\",\"@id\":\"https:\\\/\\\/secure.gravatar.com\\\/avatar\\\/834a03b0c73144a8ca36e17dc365b3fbadb34c9e44399b609a00f2231e694f6a?s=96&d=mm&r=g\",\"url\":\"https:\\\/\\\/secure.gravatar.com\\\/avatar\\\/834a03b0c73144a8ca36e17dc365b3fbadb34c9e44399b609a00f2231e694f6a?s=96&d=mm&r=g\",\"contentUrl\":\"https:\\\/\\\/secure.gravatar.com\\\/avatar\\\/834a03b0c73144a8ca36e17dc365b3fbadb34c9e44399b609a00f2231e694f6a?s=96&d=mm&r=g\",\"caption\":\"Daniela Fontana\"}}]}<\/script>\n<!-- \/ Yoast SEO plugin. -->","yoast_head_json":{"title":"Reti strategiche per il Paese: innovazione e resilienza - Italtel","description":"Reti strategiche, cloud, edge e intelligenza artificiale: l\u2019intervista a Fabrizio La Paglia su innovazione, resilienza e futuro delle infrastrutture digitali.","robots":{"index":"index","follow":"follow","max-snippet":"max-snippet:-1","max-image-preview":"max-image-preview:large","max-video-preview":"max-video-preview:-1"},"canonical":"https:\/\/www.italtel.com\/it\/reti-strategiche-per-il-paese-innovazione-e-resilienza\/","og_locale":"it_IT","og_type":"article","og_title":"Reti strategiche per il Paese: innovazione e resilienza - Italtel","og_description":"Reti strategiche, cloud, edge e intelligenza artificiale: l\u2019intervista a Fabrizio La Paglia su innovazione, resilienza e futuro delle infrastrutture digitali.","og_url":"https:\/\/www.italtel.com\/it\/reti-strategiche-per-il-paese-innovazione-e-resilienza\/","og_site_name":"Italtel","article_published_time":"2025-12-11T06:07:28+00:00","og_image":[{"width":1024,"height":584,"url":"https:\/\/www.italtel.com\/wp-content\/uploads\/2025\/12\/Buone-feste-copia-1024x584.webp","type":"image\/webp"}],"author":"Daniela Fontana","twitter_card":"summary_large_image","twitter_creator":"@Italtel","twitter_site":"@Italtel","twitter_misc":{"Scritto da":"Daniela Fontana","Tempo di lettura stimato":"5 minuti"},"schema":{"@context":"https:\/\/schema.org","@graph":[{"@type":"Article","@id":"https:\/\/www.italtel.com\/it\/reti-strategiche-per-il-paese-innovazione-e-resilienza\/#article","isPartOf":{"@id":"https:\/\/www.italtel.com\/it\/reti-strategiche-per-il-paese-innovazione-e-resilienza\/"},"author":{"name":"Daniela Fontana","@id":"https:\/\/www.italtel.com\/de\/#\/schema\/person\/38f315d5a978255f0cf320055bad5afe"},"headline":"Reti strategiche per il Paese: innovazione e resilienza","datePublished":"2025-12-11T06:07:28+00:00","mainEntityOfPage":{"@id":"https:\/\/www.italtel.com\/it\/reti-strategiche-per-il-paese-innovazione-e-resilienza\/"},"wordCount":1084,"publisher":{"@id":"https:\/\/www.italtel.com\/de\/#organization"},"image":{"@id":"https:\/\/www.italtel.com\/it\/reti-strategiche-per-il-paese-innovazione-e-resilienza\/#primaryimage"},"thumbnailUrl":"https:\/\/www.italtel.com\/wp-content\/uploads\/2025\/12\/Buone-feste-copia.webp","keywords":["Network Evolution &amp; 5G"],"articleSection":["Focus"],"inLanguage":"it-IT"},{"@type":"WebPage","@id":"https:\/\/www.italtel.com\/it\/reti-strategiche-per-il-paese-innovazione-e-resilienza\/","url":"https:\/\/www.italtel.com\/it\/reti-strategiche-per-il-paese-innovazione-e-resilienza\/","name":"Reti strategiche per il Paese: innovazione e resilienza - Italtel","isPartOf":{"@id":"https:\/\/www.italtel.com\/de\/#website"},"primaryImageOfPage":{"@id":"https:\/\/www.italtel.com\/it\/reti-strategiche-per-il-paese-innovazione-e-resilienza\/#primaryimage"},"image":{"@id":"https:\/\/www.italtel.com\/it\/reti-strategiche-per-il-paese-innovazione-e-resilienza\/#primaryimage"},"thumbnailUrl":"https:\/\/www.italtel.com\/wp-content\/uploads\/2025\/12\/Buone-feste-copia.webp","datePublished":"2025-12-11T06:07:28+00:00","description":"Reti strategiche, cloud, edge e intelligenza artificiale: l\u2019intervista a Fabrizio La Paglia su innovazione, resilienza e futuro delle infrastrutture digitali.","breadcrumb":{"@id":"https:\/\/www.italtel.com\/it\/reti-strategiche-per-il-paese-innovazione-e-resilienza\/#breadcrumb"},"inLanguage":"it-IT","potentialAction":[{"@type":"ReadAction","target":["https:\/\/www.italtel.com\/it\/reti-strategiche-per-il-paese-innovazione-e-resilienza\/"]}]},{"@type":"ImageObject","inLanguage":"it-IT","@id":"https:\/\/www.italtel.com\/it\/reti-strategiche-per-il-paese-innovazione-e-resilienza\/#primaryimage","url":"https:\/\/www.italtel.com\/wp-content\/uploads\/2025\/12\/Buone-feste-copia.webp","contentUrl":"https:\/\/www.italtel.com\/wp-content\/uploads\/2025\/12\/Buone-feste-copia.webp","width":2000,"height":1141,"caption":"earth"},{"@type":"BreadcrumbList","@id":"https:\/\/www.italtel.com\/it\/reti-strategiche-per-il-paese-innovazione-e-resilienza\/#breadcrumb","itemListElement":[{"@type":"ListItem","position":1,"name":"Home","item":"https:\/\/www.italtel.com\/it\/"},{"@type":"ListItem","position":2,"name":"Reti strategiche per il Paese: innovazione e resilienza"}]},{"@type":"WebSite","@id":"https:\/\/www.italtel.com\/de\/#website","url":"https:\/\/www.italtel.com\/de\/","name":"Italtel","description":"Italtel Group&#039;s company website","publisher":{"@id":"https:\/\/www.italtel.com\/de\/#organization"},"potentialAction":[{"@type":"SearchAction","target":{"@type":"EntryPoint","urlTemplate":"https:\/\/www.italtel.com\/de\/?s={search_term_string}"},"query-input":{"@type":"PropertyValueSpecification","valueRequired":true,"valueName":"search_term_string"}}],"inLanguage":"it-IT"},{"@type":"Organization","@id":"https:\/\/www.italtel.com\/de\/#organization","name":"Italtel S.p.A.","url":"https:\/\/www.italtel.com\/de\/","logo":{"@type":"ImageObject","inLanguage":"it-IT","@id":"https:\/\/www.italtel.com\/de\/#\/schema\/logo\/image\/","url":"https:\/\/www.italtel.com\/wp-content\/uploads\/2024\/11\/Italtel_logo.png","contentUrl":"https:\/\/www.italtel.com\/wp-content\/uploads\/2024\/11\/Italtel_logo.png","width":591,"height":139,"caption":"Italtel S.p.A."},"image":{"@id":"https:\/\/www.italtel.com\/de\/#\/schema\/logo\/image\/"},"sameAs":["https:\/\/x.com\/Italtel","https:\/\/www.linkedin.com\/company\/italtel\/","https:\/\/www.instagram.com\/italtel_hq\/"]},{"@type":"Person","@id":"https:\/\/www.italtel.com\/de\/#\/schema\/person\/38f315d5a978255f0cf320055bad5afe","name":"Daniela Fontana","image":{"@type":"ImageObject","inLanguage":"it-IT","@id":"https:\/\/secure.gravatar.com\/avatar\/834a03b0c73144a8ca36e17dc365b3fbadb34c9e44399b609a00f2231e694f6a?s=96&d=mm&r=g","url":"https:\/\/secure.gravatar.com\/avatar\/834a03b0c73144a8ca36e17dc365b3fbadb34c9e44399b609a00f2231e694f6a?s=96&d=mm&r=g","contentUrl":"https:\/\/secure.gravatar.com\/avatar\/834a03b0c73144a8ca36e17dc365b3fbadb34c9e44399b609a00f2231e694f6a?s=96&d=mm&r=g","caption":"Daniela Fontana"}}]}},"_links":{"self":[{"href":"https:\/\/www.italtel.com\/it\/wp-json\/wp\/v2\/posts\/79833","targetHints":{"allow":["GET"]}}],"collection":[{"href":"https:\/\/www.italtel.com\/it\/wp-json\/wp\/v2\/posts"}],"about":[{"href":"https:\/\/www.italtel.com\/it\/wp-json\/wp\/v2\/types\/post"}],"author":[{"embeddable":true,"href":"https:\/\/www.italtel.com\/it\/wp-json\/wp\/v2\/users\/6"}],"replies":[{"embeddable":true,"href":"https:\/\/www.italtel.com\/it\/wp-json\/wp\/v2\/comments?post=79833"}],"version-history":[{"count":7,"href":"https:\/\/www.italtel.com\/it\/wp-json\/wp\/v2\/posts\/79833\/revisions"}],"predecessor-version":[{"id":79840,"href":"https:\/\/www.italtel.com\/it\/wp-json\/wp\/v2\/posts\/79833\/revisions\/79840"}],"wp:featuredmedia":[{"embeddable":true,"href":"https:\/\/www.italtel.com\/it\/wp-json\/wp\/v2\/media\/79810"}],"wp:attachment":[{"href":"https:\/\/www.italtel.com\/it\/wp-json\/wp\/v2\/media?parent=79833"}],"wp:term":[{"taxonomy":"category","embeddable":true,"href":"https:\/\/www.italtel.com\/it\/wp-json\/wp\/v2\/categories?post=79833"},{"taxonomy":"post_tag","embeddable":true,"href":"https:\/\/www.italtel.com\/it\/wp-json\/wp\/v2\/tags?post=79833"}],"curies":[{"name":"wp","href":"https:\/\/api.w.org\/{rel}","templated":true}]}}