{"id":80047,"date":"2026-01-07T11:31:01","date_gmt":"2026-01-07T09:31:01","guid":{"rendered":"https:\/\/www.italtel.com\/?p=80047"},"modified":"2026-01-07T11:31:01","modified_gmt":"2026-01-07T09:31:01","slug":"dalla-california-al-soc-di-italtel-il-percorso-internazionale-di-gabriele-cantoni","status":"publish","type":"post","link":"https:\/\/www.italtel.com\/it\/dalla-california-al-soc-di-italtel-il-percorso-internazionale-di-gabriele-cantoni\/","title":{"rendered":"Dalla California al SOC di Italtel: il percorso internazionale di Gabriele Cantoni"},"content":{"rendered":"\n<div class=\"row\"  id=\"row-837830645\">\n\n\n\t<div id=\"col-374178856\" class=\"col medium-9 small-12 large-9\"  >\n\t\t\t\t<div class=\"col-inner\"  >\n\t\t\t\n\t\t\t\n\n\t<div id=\"gap-268161595\" class=\"gap-element clearfix\" style=\"display:block; height:auto;\">\n\t\t\n<style>\n#gap-268161595 {\n  padding-top: 15px;\n}\n<\/style>\n\t<\/div>\n\t\n\n\t<div id=\"text-721192288\" class=\"text fontsize_32 color_black\">\n\t\t\n\n<h2>Origini internazionali e passione per la tecnologia<\/h2>\n\t\t\t<\/div>\n\t\n\t<div id=\"text-1975900229\" class=\"text fontsize_18 color_black\">\n\t\t\n\n<p>Nato in California e cresciuto tra la <strong>Silicon Valley e Boston<\/strong>, Gabriele Cantoni ha sperimentato, fin da giovane, <strong>sistemi educativi dinamici e ricchi di opportunit\u00e0 pratiche<\/strong>. Negli Stati Uniti ha completato elementari, medie e superiori in un contesto scolastico molto diverso da quello italiano, dove alla base comune delle materie tradizionali si affiancano <strong>percorsi a scelta<\/strong>.<\/p>\n<p>Proprio grazie a questa flessibilit\u00e0 ha potuto specializzarsi precocemente in <strong>discipline tecnico-scientifiche<\/strong>: <strong>programmazione, fisica, matematica avanzata e ingegneria<\/strong>, ma anche <strong>falegnameria, metalmeccanica e tecnologie di fabbricazione digitale<\/strong>, supportate dalla presenza di <strong>laboratori attrezzati<\/strong>, computer, macchinari per legno e metalli e <strong>stampanti 3D<\/strong>.<\/p>\n\t\t\t<\/div>\n\t\n\t<div id=\"text-727578770\" class=\"text fontsize_32 color_black\">\n\t\t\n\n<h2>L\u2019arrivo in Italia e la scelta dell\u2019ITS Academy<\/h2>\n\t\t\t<\/div>\n\t\n\t<div id=\"text-441991544\" class=\"text fontsize_18 color_black\">\n\t\t\n\n<p>Dopo il diploma negli Stati Uniti, Gabriele ha scelto di trasferirsi in <strong>Italia<\/strong>, Paese d\u2019origine della sua famiglia, con l\u2019obiettivo di <strong>approfondire ulteriormente la propria formazione tecnica<\/strong>. Per questo motivo ha cercato un percorso che unisse <strong>basi teoriche solide e un approccio fortemente pratico<\/strong>, in linea con il metodo di studio con cui era cresciuto negli Stati Uniti.<\/p>\n<p>Questa ricerca lo ha portato ad individuare l\u2019<strong>ITS Angelo Rizzoli di Milano<\/strong>, tra i pi\u00f9 riconosciuti nel panorama tecnologico italiano, e partner strategico di Italtel fin dal 2022. Il <strong>corso biennale in Cybersecurity<\/strong> ha rappresentato per lui la sintesi ideale tra <strong>competenze specialistiche, laboratori applicativi e un contatto diretto con il mondo del lavoro<\/strong>. Ed \u00e8 proprio grazie allo <strong>stage previsto dal programma<\/strong> che Gabriele \u00e8 entrato in contatto con <strong>Italtel<\/strong>.<\/p>\n\t\t\t<\/div>\n\t\n\t<div id=\"text-111034493\" class=\"text fontsize_32 color_black\">\n\t\t\n\n<h2>L\u2019ingresso in Italtel e l\u2019evoluzione professionale<\/h2>\n\t\t\t<\/div>\n\t\n\t<div id=\"text-689415474\" class=\"text fontsize_18 color_black\">\n\t\t\n\n<p>Selezionato per un <strong>percorso di apprendistato di alta formazione e ricerca<\/strong> nel <strong>Security Operation Center (SOC)<\/strong>, Gabriele si \u00e8 distinto per <strong>competenza e attitudine collaborativa e innovativa<\/strong>, ottenendo poi l\u2019assunzione come <strong>SOC Analyst.<\/strong><\/p>\n<p>Il suo ingresso in azienda \u00e8 stato, come racconta, <strong>estremamente positivo<\/strong>: ha trovato un ambiente <strong>accogliente e collaborativo<\/strong>, con una forte propensione al <strong>lavoro in team<\/strong>. Fin da subito ha potuto contare su un <strong>tutor senior<\/strong>, che lo ha supportato nell\u2019inserimento all\u2019interno del gruppo e nell\u2019ambientamento lavorativo, e su un <strong>buddy giovane e proattivo<\/strong> a supporto del percorso di apprendistato. Questo mix ha facilitato l\u2019integrazione e favorito la nascita di un <strong>gruppo coeso di colleghi<\/strong>, con cui condividere non solo il lavoro, ma anche momenti di socialit\u00e0.<\/p>\n\t\t\t<\/div>\n\t\n\t<div id=\"text-2119885543\" class=\"text fontsize_32 color_black\">\n\t\t\n\n<h2>Smart working, collaborazione e crescita di ruolo<\/h2>\n\t\t\t<\/div>\n\t\n\t<div id=\"text-2719644597\" class=\"text fontsize_18 color_black\">\n\t\t\n\n<p>Lo <strong>smart working<\/strong>, consentito fino al <strong>50% delle giornate mensili<\/strong>, rappresenta per Gabriele un <strong>elemento chiave di equilibrio<\/strong>, soprattutto considerando la distanza da casa e la sua <strong>passione per i viaggi<\/strong>. Allo stesso tempo sceglie di essere presente in ufficio ogni volta che pu\u00f2, perch\u00e9 il <strong>lavoro di squadra nel SOC<\/strong> \u00e8 un acceleratore fondamentale di apprendimento, specialmente durante la gestione di <strong>incidenti ad alta criticit\u00e0<\/strong>, in cui <strong>velocit\u00e0 ed efficienza<\/strong> sono determinanti.<\/p>\n<p>Una parte rilevante dell\u2019attivit\u00e0 si svolge infatti in una <strong>saletta dedicata alla gestione degli incidenti<\/strong>, chiamata anche <strong>War Room<\/strong>, uno spazio in cui il team si riunisce per <strong>analizzare le criticit\u00e0 in tempo reale<\/strong>, confrontarsi rapidamente e prendere <strong>decisioni operative condivise<\/strong>.<\/p>\n\t\t\t<\/div>\n\t\n\t<div id=\"text-3060092365\" class=\"text fontsize_32 color_black\">\n\t\t\n\n<h2>Progetti speciali e voglia di costruire<\/h2>\n\t\t\t<\/div>\n\t\n\t<div id=\"text-1686850622\" class=\"text fontsize_18 color_black\">\n\t\t\n\n<p>Il ruolo di <strong>analista di cybersecurity<\/strong> permette a Gabriele di prendere in carico <strong>attivit\u00e0 tipiche di un SOC Engineer (livello 3)<\/strong>. Una delle componenti che apprezza maggiormente del lavoro in Italtel \u00e8 infatti la possibilit\u00e0 di <strong>utilizzare strumenti open source,<\/strong> e sviluppare <strong>soluzioni personalizzate<\/strong> per ottimizzare attivit\u00e0 e processi.<\/p>\n<p>Uno dei primi progetti a cui si \u00e8 dedicato era al miglioramento del software che gestisce il <strong>videowall di monitoraggio del SOC<\/strong>, creando un nuovo <strong>programma di gestione delle dashboard<\/strong> con un <strong>controller<\/strong> utilizzabile sia da computer che da dispositivi mobili. Una soluzione oggi <strong>adottata internamente<\/strong>, che riflette la sua attitudine a unire <strong>spirito di iniziativa e competenze tecniche<\/strong>.<\/p>\n\t\t\t<\/div>\n\t\n\t<div id=\"text-1519862976\" class=\"text fontsize_32 color_black\">\n\t\t\n\n<h2>Un messaggio ai giovani: esplorare e osare<\/h2>\n\t\t\t<\/div>\n\t\n\t<div id=\"text-3420703249\" class=\"text fontsize_18 color_black\">\n\t\t\n\n<p>Rivolgendosi a chi sta per diplomarsi, Gabriele invita a valutare <strong>tutte le opzioni disponibili<\/strong> \u2013 <strong>universit\u00e0, ITS e percorsi alternativi<\/strong> \u2013 senza sentirsi vincolati alle scelte pi\u00f9 diffuse o percepite come \u201cobbligatorie\u201d. Scegliere in base alle <strong>proprie inclinazioni<\/strong>, sperimentare <strong>contesti diversi<\/strong> e, se possibile, vivere un\u2019<strong>esperienza all\u2019estero<\/strong> rappresentano, secondo lui, leve fondamentali per aprire la mente e ampliare le prospettive professionali.<\/p>\n<p>Aggiunge anche un punto fondamentale: <strong>non esiste un percorso scolastico che determini in modo rigido le aspirazioni o il futuro di una persona<\/strong>. Ci\u00f2 che conta davvero \u00e8 mantenere <strong>curiosit\u00e0, flessibilit\u00e0<\/strong> e la volont\u00e0 di crescere attraverso <strong>esperienze autentiche e coerenti con il proprio modo di essere<\/strong>.<\/p>\n\t\t\t<\/div>\n\t\n\t<div id=\"text-1559856753\" class=\"text fontsize_32 color_black\">\n\t\t\n\n<h2>Sguardo al futuro<\/h2>\n\t\t\t<\/div>\n\t\n\t<div id=\"text-4233572980\" class=\"text fontsize_18 color_black\">\n\t\t\n\n<p>Nei prossimi anni, Gabriele immagina un <strong>percorso di crescita continua<\/strong>. Tra le esperienze che considera significative c\u2019\u00e8 anche la possibilit\u00e0 di <strong>lavorare per un periodo all\u2019estero<\/strong>, per confrontarsi con <strong>contesti tecnici diversi<\/strong> e ampliare la propria visione professionale.<\/p>\n<p>Il suo focus principale, per\u00f2, \u00e8 l\u2019<strong>approfondimento dell\u2019hacking etico<\/strong>, una disciplina che unisce <strong>competenze tecniche avanzate e capacit\u00e0 di pensiero critico<\/strong>. Il suo obiettivo \u00e8 diventare un <strong>Red Teamer<\/strong>, ovvero un professionista che testa l\u2019efficacia della cybersecurity di un\u2019organizzazione attraverso <strong>attacchi informatici simulati, controllati e non distruttivi<\/strong>.<\/p>\n<p>Un futuro che non segue una traiettoria rigida, ma un <strong>percorso di evoluzione costante<\/strong>: imparare, sperimentare e contribuire alla costruzione di una <strong>sicurezza digitale sempre pi\u00f9 robusta<\/strong>.<\/p>\n\t\t\t<\/div>\n\t\n\t<div id=\"gap-1580408639\" class=\"gap-element clearfix\" style=\"display:block; height:auto;\">\n\t\t\n<style>\n#gap-1580408639 {\n  padding-top: 30px;\n}\n<\/style>\n\t<\/div>\n\t\n\n\n\t\t<\/div>\n\t\t\t\t\n<style>\n#col-374178856 > .col-inner {\n  padding: 6rem 11rem 0px 0px;\n}\n<\/style>\n\t<\/div>\n\n\t\n\n\t<div id=\"col-986218086\" class=\"col sibebar_col medium-3 small-12 large-3\"  >\n\t\t<div class=\"is-sticky-column\"><div class=\"is-sticky-column__inner\">\t\t<div class=\"col-inner\"  >\n\t\t\t\n\t\t\t\n\n\t<div id=\"text-358844251\" class=\"text fontsize_16 color_black fontweight_500\">\n\t\t\n\nTECH KEYWORDS\n\t\t\t<\/div>\n\t\n<div class=\"is-divider divider clearfix\" style=\"margin-top:2rem;margin-bottom:2rem;max-width:100%;height:1px;background-color:rgba(112, 112, 112, 0.302);\"><\/div>\n\n\t<div id=\"text-2943553732\" class=\"text fontsize_18 color_black\">\n\t\t\n\n<p>ENTERPRISE CYBERSECURITY<\/p>\n\t\t\t<\/div>\n\t\n<div class=\"is-divider divider clearfix\" style=\"margin-top:2rem;margin-bottom:2rem;max-width:100%;height:1px;background-color:rgba(112, 112, 112, 0.302);\"><\/div>\n\n\t<div id=\"text-3836594834\" class=\"text fontsize_18 color_black\">\n\t\t\n\n<p>NETWORK SECURITY<\/p>\n\t\t\t<\/div>\n\t\n<div class=\"is-divider divider clearfix\" style=\"margin-top:2rem;margin-bottom:2rem;max-width:100%;height:1px;background-color:rgba(112, 112, 112, 0.302);\"><\/div>\n\n\t<div id=\"text-2109796101\" class=\"text fontsize_18 color_black\">\n\t\t\n\n<p>SECURITY OPERATIONS CENTER<\/p>\n\t\t\t<\/div>\n\t\n<div class=\"is-divider divider clearfix\" style=\"margin-top:2rem;margin-bottom:2rem;max-width:100%;height:1px;background-color:rgba(112, 112, 112, 0.302);\"><\/div>\n\n\t<div id=\"text-3945548627\" class=\"text fontsize_18 color_black\">\n\t\t\n\n<p>ETHICAL HACKING<\/p>\n\t\t\t<\/div>\n\t\n<div class=\"is-divider divider clearfix\" style=\"margin-top:2rem;margin-bottom:2rem;max-width:100%;height:1px;background-color:rgba(112, 112, 112, 0.302);\"><\/div>\n\n\t<div id=\"text-2096779957\" class=\"text fontsize_18 color_black\">\n\t\t\n\n<p>INCIDENT RESPONSE<\/p>\n\t\t\t<\/div>\n\t\n\t<div id=\"gap-830375430\" class=\"gap-element clearfix\" style=\"display:block; height:auto;\">\n\t\t\n<style>\n#gap-830375430 {\n  padding-top: 13rem;\n}\n<\/style>\n\t<\/div>\n\t\n\n\t<div id=\"text-2916950760\" class=\"text fontsize_16 color_black fontweight_500\">\n\t\t\n\n<p>CONDIVIDI LA NEWS<\/p>\n\t\t\t<\/div>\n\t\n<div class=\"is-divider divider clearfix\" style=\"margin-top:2rem;margin-bottom:2rem;max-width:100%;height:1px;background-color:rgba(112, 112, 112, 0.302);\"><\/div>\n\n\t<div class=\"img has-hover socialshare_icon linkedin x md-x lg-x y md-y lg-y\" id=\"image_1959735985\">\n\t\t\t\t\t\t\t\t<div class=\"img-inner dark\" >\n\t\t\t<img loading=\"lazy\" decoding=\"async\" width=\"1\" height=\"1\" src=\"https:\/\/www.italtel.com\/wp-content\/uploads\/2024\/09\/Linkedin-icon.svg\" class=\"attachment-large size-large\" alt=\"Linkedin-icon\" \/>\t\t\t\t\t\t\n\t\t\t\t\t<\/div>\n\t\t\t\t\t\t\t\t\n<style>\n#image_1959735985 {\n  width: 100%;\n}\n<\/style>\n\t<\/div>\n\t\n\n\t<div class=\"img has-hover socialshare_icon instagram x md-x lg-x y md-y lg-y\" id=\"image_1571707130\">\n\t\t\t\t\t\t\t\t<div class=\"img-inner dark\" >\n\t\t\t<img loading=\"lazy\" decoding=\"async\" width=\"27\" height=\"27\" src=\"https:\/\/www.italtel.com\/wp-content\/uploads\/2024\/07\/Raggruppa-12942.png\" class=\"attachment-large size-large\" alt=\"Instagram icon\" \/>\t\t\t\t\t\t\n\t\t\t\t\t<\/div>\n\t\t\t\t\t\t\t\t\n<style>\n#image_1571707130 {\n  width: 100%;\n}\n<\/style>\n\t<\/div>\n\t\n\n\t<div class=\"img has-hover socialshare_icon ex x md-x lg-x y md-y lg-y\" id=\"image_1925038039\">\n\t\t\t\t\t\t\t\t<div class=\"img-inner dark\" >\n\t\t\t<img loading=\"lazy\" decoding=\"async\" width=\"1\" height=\"1\" src=\"https:\/\/www.italtel.com\/wp-content\/uploads\/2024\/09\/X-icon.svg\" class=\"attachment-large size-large\" alt=\"X-icon\" \/>\t\t\t\t\t\t\n\t\t\t\t\t<\/div>\n\t\t\t\t\t\t\t\t\n<style>\n#image_1925038039 {\n  width: 100%;\n}\n<\/style>\n\t<\/div>\n\t\n\n\n\t\t<\/div>\n\t\t<\/div><\/div>\t\t\n<style>\n#col-986218086 > .is-sticky-column > .is-sticky-column__inner > .col-inner {\n  padding: 6rem 0px 0px 0px;\n}\n<\/style>\n\t<\/div>\n\n\t\n\n<\/div>\n\n","protected":false},"excerpt":{"rendered":"","protected":false},"author":6,"featured_media":80032,"comment_status":"closed","ping_status":"closed","sticky":false,"template":"","format":"standard","meta":{"footnotes":""},"categories":[803],"tags":[953,928,1053],"class_list":["post-80047","post","type-post","status-publish","format-standard","has-post-thumbnail","hentry","category-interview-it","tag-company-it","tag-cyber-ot-security","tag-it-operations-managed-services"],"yoast_head":"<!-- This site is optimized with the Yoast SEO plugin v27.4 - https:\/\/yoast.com\/product\/yoast-seo-wordpress\/ -->\n<title>Dalla California al SOC di Italtel: il percorso internazionale di Gabriele Cantoni - Italtel<\/title>\n<meta name=\"description\" content=\"Dalla Silicon Valley al SOC di Italtel: il percorso internazionale di Gabriele Cantoni tra cybersecurity, formazione pratica e ethical hacking.\" \/>\n<meta name=\"robots\" content=\"index, follow, max-snippet:-1, max-image-preview:large, max-video-preview:-1\" \/>\n<link rel=\"canonical\" href=\"https:\/\/www.italtel.com\/it\/dalla-california-al-soc-di-italtel-il-percorso-internazionale-di-gabriele-cantoni\/\" \/>\n<meta property=\"og:locale\" content=\"it_IT\" \/>\n<meta property=\"og:type\" content=\"article\" \/>\n<meta property=\"og:title\" content=\"Dalla California al SOC di Italtel: il percorso internazionale di Gabriele Cantoni - Italtel\" \/>\n<meta property=\"og:description\" content=\"Dalla Silicon Valley al SOC di Italtel: il percorso internazionale di Gabriele Cantoni tra cybersecurity, formazione pratica e ethical hacking.\" \/>\n<meta property=\"og:url\" content=\"https:\/\/www.italtel.com\/it\/dalla-california-al-soc-di-italtel-il-percorso-internazionale-di-gabriele-cantoni\/\" \/>\n<meta property=\"og:site_name\" content=\"Italtel\" \/>\n<meta property=\"article:published_time\" content=\"2026-01-07T09:31:01+00:00\" \/>\n<meta property=\"og:image\" content=\"https:\/\/www.italtel.com\/wp-content\/uploads\/2025\/12\/Gabriele_cantoni.webp\" \/>\n\t<meta property=\"og:image:width\" content=\"1920\" \/>\n\t<meta property=\"og:image:height\" content=\"1081\" \/>\n\t<meta property=\"og:image:type\" content=\"image\/webp\" \/>\n<meta name=\"author\" content=\"Daniela Fontana\" \/>\n<meta name=\"twitter:card\" content=\"summary_large_image\" \/>\n<meta name=\"twitter:creator\" content=\"@Italtel\" \/>\n<meta name=\"twitter:site\" content=\"@Italtel\" \/>\n<meta name=\"twitter:label1\" content=\"Scritto da\" \/>\n\t<meta name=\"twitter:data1\" content=\"Daniela Fontana\" \/>\n\t<meta name=\"twitter:label2\" content=\"Tempo di lettura stimato\" \/>\n\t<meta name=\"twitter:data2\" content=\"5 minuti\" \/>\n<script type=\"application\/ld+json\" class=\"yoast-schema-graph\">{\"@context\":\"https:\\\/\\\/schema.org\",\"@graph\":[{\"@type\":\"Article\",\"@id\":\"https:\\\/\\\/www.italtel.com\\\/it\\\/dalla-california-al-soc-di-italtel-il-percorso-internazionale-di-gabriele-cantoni\\\/#article\",\"isPartOf\":{\"@id\":\"https:\\\/\\\/www.italtel.com\\\/it\\\/dalla-california-al-soc-di-italtel-il-percorso-internazionale-di-gabriele-cantoni\\\/\"},\"author\":{\"name\":\"Daniela Fontana\",\"@id\":\"https:\\\/\\\/www.italtel.com\\\/de\\\/#\\\/schema\\\/person\\\/38f315d5a978255f0cf320055bad5afe\"},\"headline\":\"Dalla California al SOC di Italtel: il percorso internazionale di Gabriele Cantoni\",\"datePublished\":\"2026-01-07T09:31:01+00:00\",\"mainEntityOfPage\":{\"@id\":\"https:\\\/\\\/www.italtel.com\\\/it\\\/dalla-california-al-soc-di-italtel-il-percorso-internazionale-di-gabriele-cantoni\\\/\"},\"wordCount\":1139,\"publisher\":{\"@id\":\"https:\\\/\\\/www.italtel.com\\\/de\\\/#organization\"},\"image\":{\"@id\":\"https:\\\/\\\/www.italtel.com\\\/it\\\/dalla-california-al-soc-di-italtel-il-percorso-internazionale-di-gabriele-cantoni\\\/#primaryimage\"},\"thumbnailUrl\":\"https:\\\/\\\/www.italtel.com\\\/wp-content\\\/uploads\\\/2025\\\/12\\\/Gabriele_cantoni.webp\",\"keywords\":[\"Company\",\"Cyber &amp; OT Security\",\"IT Operations &amp; Managed Services\"],\"articleSection\":[\"Interview\"],\"inLanguage\":\"it-IT\"},{\"@type\":\"WebPage\",\"@id\":\"https:\\\/\\\/www.italtel.com\\\/it\\\/dalla-california-al-soc-di-italtel-il-percorso-internazionale-di-gabriele-cantoni\\\/\",\"url\":\"https:\\\/\\\/www.italtel.com\\\/it\\\/dalla-california-al-soc-di-italtel-il-percorso-internazionale-di-gabriele-cantoni\\\/\",\"name\":\"Dalla California al SOC di Italtel: il percorso internazionale di Gabriele Cantoni - Italtel\",\"isPartOf\":{\"@id\":\"https:\\\/\\\/www.italtel.com\\\/de\\\/#website\"},\"primaryImageOfPage\":{\"@id\":\"https:\\\/\\\/www.italtel.com\\\/it\\\/dalla-california-al-soc-di-italtel-il-percorso-internazionale-di-gabriele-cantoni\\\/#primaryimage\"},\"image\":{\"@id\":\"https:\\\/\\\/www.italtel.com\\\/it\\\/dalla-california-al-soc-di-italtel-il-percorso-internazionale-di-gabriele-cantoni\\\/#primaryimage\"},\"thumbnailUrl\":\"https:\\\/\\\/www.italtel.com\\\/wp-content\\\/uploads\\\/2025\\\/12\\\/Gabriele_cantoni.webp\",\"datePublished\":\"2026-01-07T09:31:01+00:00\",\"description\":\"Dalla Silicon Valley al SOC di Italtel: il percorso internazionale di Gabriele Cantoni tra cybersecurity, formazione pratica e ethical hacking.\",\"breadcrumb\":{\"@id\":\"https:\\\/\\\/www.italtel.com\\\/it\\\/dalla-california-al-soc-di-italtel-il-percorso-internazionale-di-gabriele-cantoni\\\/#breadcrumb\"},\"inLanguage\":\"it-IT\",\"potentialAction\":[{\"@type\":\"ReadAction\",\"target\":[\"https:\\\/\\\/www.italtel.com\\\/it\\\/dalla-california-al-soc-di-italtel-il-percorso-internazionale-di-gabriele-cantoni\\\/\"]}]},{\"@type\":\"ImageObject\",\"inLanguage\":\"it-IT\",\"@id\":\"https:\\\/\\\/www.italtel.com\\\/it\\\/dalla-california-al-soc-di-italtel-il-percorso-internazionale-di-gabriele-cantoni\\\/#primaryimage\",\"url\":\"https:\\\/\\\/www.italtel.com\\\/wp-content\\\/uploads\\\/2025\\\/12\\\/Gabriele_cantoni.webp\",\"contentUrl\":\"https:\\\/\\\/www.italtel.com\\\/wp-content\\\/uploads\\\/2025\\\/12\\\/Gabriele_cantoni.webp\",\"width\":1920,\"height\":1081,\"caption\":\"From California to Italtel\u2019s SOC: Gabriele Cantoni\u2019s International Journey\"},{\"@type\":\"BreadcrumbList\",\"@id\":\"https:\\\/\\\/www.italtel.com\\\/it\\\/dalla-california-al-soc-di-italtel-il-percorso-internazionale-di-gabriele-cantoni\\\/#breadcrumb\",\"itemListElement\":[{\"@type\":\"ListItem\",\"position\":1,\"name\":\"Home\",\"item\":\"https:\\\/\\\/www.italtel.com\\\/it\\\/\"},{\"@type\":\"ListItem\",\"position\":2,\"name\":\"Dalla California al SOC di Italtel: il percorso internazionale di Gabriele Cantoni\"}]},{\"@type\":\"WebSite\",\"@id\":\"https:\\\/\\\/www.italtel.com\\\/de\\\/#website\",\"url\":\"https:\\\/\\\/www.italtel.com\\\/de\\\/\",\"name\":\"Italtel\",\"description\":\"Italtel Group&#039;s company website\",\"publisher\":{\"@id\":\"https:\\\/\\\/www.italtel.com\\\/de\\\/#organization\"},\"potentialAction\":[{\"@type\":\"SearchAction\",\"target\":{\"@type\":\"EntryPoint\",\"urlTemplate\":\"https:\\\/\\\/www.italtel.com\\\/de\\\/?s={search_term_string}\"},\"query-input\":{\"@type\":\"PropertyValueSpecification\",\"valueRequired\":true,\"valueName\":\"search_term_string\"}}],\"inLanguage\":\"it-IT\"},{\"@type\":\"Organization\",\"@id\":\"https:\\\/\\\/www.italtel.com\\\/de\\\/#organization\",\"name\":\"Italtel S.p.A.\",\"url\":\"https:\\\/\\\/www.italtel.com\\\/de\\\/\",\"logo\":{\"@type\":\"ImageObject\",\"inLanguage\":\"it-IT\",\"@id\":\"https:\\\/\\\/www.italtel.com\\\/de\\\/#\\\/schema\\\/logo\\\/image\\\/\",\"url\":\"https:\\\/\\\/www.italtel.com\\\/wp-content\\\/uploads\\\/2024\\\/11\\\/Italtel_logo.png\",\"contentUrl\":\"https:\\\/\\\/www.italtel.com\\\/wp-content\\\/uploads\\\/2024\\\/11\\\/Italtel_logo.png\",\"width\":591,\"height\":139,\"caption\":\"Italtel S.p.A.\"},\"image\":{\"@id\":\"https:\\\/\\\/www.italtel.com\\\/de\\\/#\\\/schema\\\/logo\\\/image\\\/\"},\"sameAs\":[\"https:\\\/\\\/x.com\\\/Italtel\",\"https:\\\/\\\/www.linkedin.com\\\/company\\\/italtel\\\/\",\"https:\\\/\\\/www.instagram.com\\\/italtel_hq\\\/\"]},{\"@type\":\"Person\",\"@id\":\"https:\\\/\\\/www.italtel.com\\\/de\\\/#\\\/schema\\\/person\\\/38f315d5a978255f0cf320055bad5afe\",\"name\":\"Daniela Fontana\",\"image\":{\"@type\":\"ImageObject\",\"inLanguage\":\"it-IT\",\"@id\":\"https:\\\/\\\/secure.gravatar.com\\\/avatar\\\/834a03b0c73144a8ca36e17dc365b3fbadb34c9e44399b609a00f2231e694f6a?s=96&d=mm&r=g\",\"url\":\"https:\\\/\\\/secure.gravatar.com\\\/avatar\\\/834a03b0c73144a8ca36e17dc365b3fbadb34c9e44399b609a00f2231e694f6a?s=96&d=mm&r=g\",\"contentUrl\":\"https:\\\/\\\/secure.gravatar.com\\\/avatar\\\/834a03b0c73144a8ca36e17dc365b3fbadb34c9e44399b609a00f2231e694f6a?s=96&d=mm&r=g\",\"caption\":\"Daniela Fontana\"}}]}<\/script>\n<!-- \/ Yoast SEO plugin. -->","yoast_head_json":{"title":"Dalla California al SOC di Italtel: il percorso internazionale di Gabriele Cantoni - Italtel","description":"Dalla Silicon Valley al SOC di Italtel: il percorso internazionale di Gabriele Cantoni tra cybersecurity, formazione pratica e ethical hacking.","robots":{"index":"index","follow":"follow","max-snippet":"max-snippet:-1","max-image-preview":"max-image-preview:large","max-video-preview":"max-video-preview:-1"},"canonical":"https:\/\/www.italtel.com\/it\/dalla-california-al-soc-di-italtel-il-percorso-internazionale-di-gabriele-cantoni\/","og_locale":"it_IT","og_type":"article","og_title":"Dalla California al SOC di Italtel: il percorso internazionale di Gabriele Cantoni - Italtel","og_description":"Dalla Silicon Valley al SOC di Italtel: il percorso internazionale di Gabriele Cantoni tra cybersecurity, formazione pratica e ethical hacking.","og_url":"https:\/\/www.italtel.com\/it\/dalla-california-al-soc-di-italtel-il-percorso-internazionale-di-gabriele-cantoni\/","og_site_name":"Italtel","article_published_time":"2026-01-07T09:31:01+00:00","og_image":[{"width":1920,"height":1081,"url":"https:\/\/www.italtel.com\/wp-content\/uploads\/2025\/12\/Gabriele_cantoni.webp","type":"image\/webp"}],"author":"Daniela Fontana","twitter_card":"summary_large_image","twitter_creator":"@Italtel","twitter_site":"@Italtel","twitter_misc":{"Scritto da":"Daniela Fontana","Tempo di lettura stimato":"5 minuti"},"schema":{"@context":"https:\/\/schema.org","@graph":[{"@type":"Article","@id":"https:\/\/www.italtel.com\/it\/dalla-california-al-soc-di-italtel-il-percorso-internazionale-di-gabriele-cantoni\/#article","isPartOf":{"@id":"https:\/\/www.italtel.com\/it\/dalla-california-al-soc-di-italtel-il-percorso-internazionale-di-gabriele-cantoni\/"},"author":{"name":"Daniela Fontana","@id":"https:\/\/www.italtel.com\/de\/#\/schema\/person\/38f315d5a978255f0cf320055bad5afe"},"headline":"Dalla California al SOC di Italtel: il percorso internazionale di Gabriele Cantoni","datePublished":"2026-01-07T09:31:01+00:00","mainEntityOfPage":{"@id":"https:\/\/www.italtel.com\/it\/dalla-california-al-soc-di-italtel-il-percorso-internazionale-di-gabriele-cantoni\/"},"wordCount":1139,"publisher":{"@id":"https:\/\/www.italtel.com\/de\/#organization"},"image":{"@id":"https:\/\/www.italtel.com\/it\/dalla-california-al-soc-di-italtel-il-percorso-internazionale-di-gabriele-cantoni\/#primaryimage"},"thumbnailUrl":"https:\/\/www.italtel.com\/wp-content\/uploads\/2025\/12\/Gabriele_cantoni.webp","keywords":["Company","Cyber &amp; OT Security","IT Operations &amp; Managed Services"],"articleSection":["Interview"],"inLanguage":"it-IT"},{"@type":"WebPage","@id":"https:\/\/www.italtel.com\/it\/dalla-california-al-soc-di-italtel-il-percorso-internazionale-di-gabriele-cantoni\/","url":"https:\/\/www.italtel.com\/it\/dalla-california-al-soc-di-italtel-il-percorso-internazionale-di-gabriele-cantoni\/","name":"Dalla California al SOC di Italtel: il percorso internazionale di Gabriele Cantoni - Italtel","isPartOf":{"@id":"https:\/\/www.italtel.com\/de\/#website"},"primaryImageOfPage":{"@id":"https:\/\/www.italtel.com\/it\/dalla-california-al-soc-di-italtel-il-percorso-internazionale-di-gabriele-cantoni\/#primaryimage"},"image":{"@id":"https:\/\/www.italtel.com\/it\/dalla-california-al-soc-di-italtel-il-percorso-internazionale-di-gabriele-cantoni\/#primaryimage"},"thumbnailUrl":"https:\/\/www.italtel.com\/wp-content\/uploads\/2025\/12\/Gabriele_cantoni.webp","datePublished":"2026-01-07T09:31:01+00:00","description":"Dalla Silicon Valley al SOC di Italtel: il percorso internazionale di Gabriele Cantoni tra cybersecurity, formazione pratica e ethical hacking.","breadcrumb":{"@id":"https:\/\/www.italtel.com\/it\/dalla-california-al-soc-di-italtel-il-percorso-internazionale-di-gabriele-cantoni\/#breadcrumb"},"inLanguage":"it-IT","potentialAction":[{"@type":"ReadAction","target":["https:\/\/www.italtel.com\/it\/dalla-california-al-soc-di-italtel-il-percorso-internazionale-di-gabriele-cantoni\/"]}]},{"@type":"ImageObject","inLanguage":"it-IT","@id":"https:\/\/www.italtel.com\/it\/dalla-california-al-soc-di-italtel-il-percorso-internazionale-di-gabriele-cantoni\/#primaryimage","url":"https:\/\/www.italtel.com\/wp-content\/uploads\/2025\/12\/Gabriele_cantoni.webp","contentUrl":"https:\/\/www.italtel.com\/wp-content\/uploads\/2025\/12\/Gabriele_cantoni.webp","width":1920,"height":1081,"caption":"From California to Italtel\u2019s SOC: Gabriele Cantoni\u2019s International Journey"},{"@type":"BreadcrumbList","@id":"https:\/\/www.italtel.com\/it\/dalla-california-al-soc-di-italtel-il-percorso-internazionale-di-gabriele-cantoni\/#breadcrumb","itemListElement":[{"@type":"ListItem","position":1,"name":"Home","item":"https:\/\/www.italtel.com\/it\/"},{"@type":"ListItem","position":2,"name":"Dalla California al SOC di Italtel: il percorso internazionale di Gabriele Cantoni"}]},{"@type":"WebSite","@id":"https:\/\/www.italtel.com\/de\/#website","url":"https:\/\/www.italtel.com\/de\/","name":"Italtel","description":"Italtel Group&#039;s company website","publisher":{"@id":"https:\/\/www.italtel.com\/de\/#organization"},"potentialAction":[{"@type":"SearchAction","target":{"@type":"EntryPoint","urlTemplate":"https:\/\/www.italtel.com\/de\/?s={search_term_string}"},"query-input":{"@type":"PropertyValueSpecification","valueRequired":true,"valueName":"search_term_string"}}],"inLanguage":"it-IT"},{"@type":"Organization","@id":"https:\/\/www.italtel.com\/de\/#organization","name":"Italtel S.p.A.","url":"https:\/\/www.italtel.com\/de\/","logo":{"@type":"ImageObject","inLanguage":"it-IT","@id":"https:\/\/www.italtel.com\/de\/#\/schema\/logo\/image\/","url":"https:\/\/www.italtel.com\/wp-content\/uploads\/2024\/11\/Italtel_logo.png","contentUrl":"https:\/\/www.italtel.com\/wp-content\/uploads\/2024\/11\/Italtel_logo.png","width":591,"height":139,"caption":"Italtel S.p.A."},"image":{"@id":"https:\/\/www.italtel.com\/de\/#\/schema\/logo\/image\/"},"sameAs":["https:\/\/x.com\/Italtel","https:\/\/www.linkedin.com\/company\/italtel\/","https:\/\/www.instagram.com\/italtel_hq\/"]},{"@type":"Person","@id":"https:\/\/www.italtel.com\/de\/#\/schema\/person\/38f315d5a978255f0cf320055bad5afe","name":"Daniela Fontana","image":{"@type":"ImageObject","inLanguage":"it-IT","@id":"https:\/\/secure.gravatar.com\/avatar\/834a03b0c73144a8ca36e17dc365b3fbadb34c9e44399b609a00f2231e694f6a?s=96&d=mm&r=g","url":"https:\/\/secure.gravatar.com\/avatar\/834a03b0c73144a8ca36e17dc365b3fbadb34c9e44399b609a00f2231e694f6a?s=96&d=mm&r=g","contentUrl":"https:\/\/secure.gravatar.com\/avatar\/834a03b0c73144a8ca36e17dc365b3fbadb34c9e44399b609a00f2231e694f6a?s=96&d=mm&r=g","caption":"Daniela Fontana"}}]}},"_links":{"self":[{"href":"https:\/\/www.italtel.com\/it\/wp-json\/wp\/v2\/posts\/80047","targetHints":{"allow":["GET"]}}],"collection":[{"href":"https:\/\/www.italtel.com\/it\/wp-json\/wp\/v2\/posts"}],"about":[{"href":"https:\/\/www.italtel.com\/it\/wp-json\/wp\/v2\/types\/post"}],"author":[{"embeddable":true,"href":"https:\/\/www.italtel.com\/it\/wp-json\/wp\/v2\/users\/6"}],"replies":[{"embeddable":true,"href":"https:\/\/www.italtel.com\/it\/wp-json\/wp\/v2\/comments?post=80047"}],"version-history":[{"count":2,"href":"https:\/\/www.italtel.com\/it\/wp-json\/wp\/v2\/posts\/80047\/revisions"}],"predecessor-version":[{"id":80049,"href":"https:\/\/www.italtel.com\/it\/wp-json\/wp\/v2\/posts\/80047\/revisions\/80049"}],"wp:featuredmedia":[{"embeddable":true,"href":"https:\/\/www.italtel.com\/it\/wp-json\/wp\/v2\/media\/80032"}],"wp:attachment":[{"href":"https:\/\/www.italtel.com\/it\/wp-json\/wp\/v2\/media?parent=80047"}],"wp:term":[{"taxonomy":"category","embeddable":true,"href":"https:\/\/www.italtel.com\/it\/wp-json\/wp\/v2\/categories?post=80047"},{"taxonomy":"post_tag","embeddable":true,"href":"https:\/\/www.italtel.com\/it\/wp-json\/wp\/v2\/tags?post=80047"}],"curies":[{"name":"wp","href":"https:\/\/api.w.org\/{rel}","templated":true}]}}