{"id":80335,"date":"2026-01-21T15:46:21","date_gmt":"2026-01-21T13:46:21","guid":{"rendered":"https:\/\/www.italtel.com\/?p=80335"},"modified":"2026-01-22T10:38:40","modified_gmt":"2026-01-22T08:38:40","slug":"costruiamo-il-sistema-nervoso-della-mobilita-del-futuro","status":"publish","type":"post","link":"https:\/\/www.italtel.com\/it\/costruiamo-il-sistema-nervoso-della-mobilita-del-futuro\/","title":{"rendered":"Costruiamo il sistema nervoso della mobilit\u00e0 del futuro"},"content":{"rendered":"\n<div class=\"row\"  id=\"row-600153820\">\n\n\n\t<div id=\"col-2050056753\" class=\"col medium-9 small-12 large-9\"  >\n\t\t\t\t<div class=\"col-inner\"  >\n\t\t\t\n\t\t\t\n\n\t<div id=\"text-4000058078\" class=\"text fontsize_18 color_black\">\n\t\t\n\n<p>Ieri, 20 gennaio 2026, abbiamo partecipato alla tavola rotonda <strong>\u201cNuove frontiere della mobilit\u00e0: soluzioni smart e sostenibili per il noleggio del futuro\u201d<\/strong>, nell\u2019ambito della <strong>Giornata Nazionale Mobilit\u00e0 Sostenibile e Smart Cities<\/strong>, a Roma, presso Piazza Montecitorio<\/p>\n<p>Nel suo intervento, il nostro CEO Carlo Filangieri ha parlato di come la mobilit\u00e0 smart e sostenibile nasca dalla <strong>convergenza tra decarbonizzazione e digitalizzazione<\/strong>, trasformando veicoli e infrastrutture in <strong>un ecosistema connesso<\/strong>, in cui tecnologie come edge computing, intelligenza artificiale e cybersecurity sono fondamentali per garantire sicurezza, affidabilit\u00e0 e gestione dei dati in tempo reale.<\/p>\n<p>In questo contesto, Italtel opera come <strong>abilitatore e orchestratore tecnologico<\/strong>, facendo da <strong>ponte tra infrastrutture fisiche e mondo digitale<\/strong>.<\/p>\n<p>Leggi lo statement completo di Carlo Filangieri, sullo scenario della Smart Mobility e il ruolo di Italtel per il settore:<\/p>\n\t\t\t<\/div>\n\t\n<div class=\"row row-collapse\"  id=\"row-1720090384\">\n\n\n\t<div id=\"col-1983669274\" class=\"col medium-2 small-12 large-2\"  >\n\t\t\t\t<div class=\"col-inner\"  >\n\t\t\t\n\t\t\t\n\n\t<div class=\"img has-hover x md-x lg-x y md-y lg-y\" id=\"image_1719636036\">\n\t\t\t\t\t\t\t\t<div class=\"img-inner dark\" >\n\t\t\t<img loading=\"lazy\" decoding=\"async\" width=\"600\" height=\"600\" src=\"https:\/\/www.italtel.com\/wp-content\/uploads\/2025\/02\/Carlo_Filangier_cerchio.png\" class=\"attachment-original size-original\" alt=\"Carlo Filangieri\" srcset=\"https:\/\/www.italtel.com\/wp-content\/uploads\/2025\/02\/Carlo_Filangier_cerchio.png 600w, https:\/\/www.italtel.com\/wp-content\/uploads\/2025\/02\/Carlo_Filangier_cerchio-300x300.png 300w, https:\/\/www.italtel.com\/wp-content\/uploads\/2025\/02\/Carlo_Filangier_cerchio-150x150.png 150w\" sizes=\"auto, (max-width: 600px) 100vw, 600px\" \/>\t\t\t\t\t\t\n\t\t\t\t\t<\/div>\n\t\t\t\t\t\t\t\t\n<style>\n#image_1719636036 {\n  width: 100%;\n}\n<\/style>\n\t<\/div>\n\t\n\n\n\t\t<\/div>\n\t\t\t\t\t<\/div>\n\n\t\n\n\t<div id=\"col-2034856185\" class=\"col medium-10 small-12 large-10\"  >\n\t\t\t\t<div class=\"col-inner\"  >\n\t\t\t\n\t\t\t\n\n\t<div id=\"text-3743574715\" class=\"text fontsize_200\">\n\t\t\n\n<p style=\"color: #04c5fe;\">\u201c<\/p>\n\t\t\t<\/div>\n\t\n\t<div id=\"text-3416237545\" class=\"text fontsize_18 color_black\">\n\t\t\n\n<p>\u201cLa mobilit\u00e0 smart e sostenibile nasce dalla convergenza tra decarbonizzazione e digitalizzazione, trasformando veicoli e infrastrutture in un ecosistema connesso. Il veicolo non \u00e8 pi\u00f9 un oggetto isolato, ma un nodo attivo di una rete intelligente che integra sensori lungo la strada, segnali, colonnine di ricarica, parcheggi, reti di assistenza e gestori delle flotte, cloud e servizi digitali.\u00a0<\/p>\n<p>In questo scenario, la cybersecurity\u00a0diventa un requisito fondamentale per proteggere i veicoli e tutti gli elementi che contribuiscono alla mobilit\u00e0 da attacchi malevoli di hacker. Altra tecnologia abilitante \u00e8 l&#8217;edge computing, ossia data center distribuiti ai bordi della rete per raccogliere e elaborare il volume enorme di dati che tutti gli oggetti connessi trasmettono e ricevono.<\/p>\n<p>La vera sfida della mobilit\u00e0 del futuro non \u00e8 una singola tecnologia, ma l\u2019orchestrazione affidabile di un sistema complesso, base imprescindibile per citt\u00e0 pi\u00f9 efficienti, sicure e sostenibili.<\/p>\n<p>In questo contesto, Italtel agisce come abilitatore e orchestratore tecnologico della mobilit\u00e0 integrata, smart e sostenibile, facendo da ponte tra infrastrutture fisiche e mondo digitale. Da leader delle telecomunicazioni a system integrator multi-tecnologia, Italtel contribuisce alla digitalizzazione delle infrastrutture di mobilit\u00e0, allo sviluppo di soluzioni di edge computing e intelligenza artificiale per l\u2019elaborazione dei dati in tempo reale e alla protezione cyber e OT delle comunicazioni tra veicoli e infrastrutture.\u00a0<\/p>\n<p>Attraverso competenze in architetture software, reti 5G private, sicurezza e integrazione di ecosistemi complessi, Italtel supporta anche i modelli di Mobility as a Service, contribuendo a costruire il \u201csistema nervoso\u201d della mobilit\u00e0 del futuro.\u201d<\/p>\n\t\t\t<\/div>\n\t\n\t<div id=\"text-2475588268\" class=\"text fontsize_18 color_black\">\n\t\t\n\n<p><strong>Carlo Filangieri, CEO at Italtel<\/strong><\/p>\n\t\t\n<style>\n#text-2475588268 {\n  text-align: right;\n}\n<\/style>\n\t<\/div>\n\t\n\n\t\t<\/div>\n\t\t\t\t\n<style>\n#col-2034856185 > .col-inner {\n  padding: 0px 0px 0px 4rem;\n}\n<\/style>\n\t<\/div>\n\n\t\n\n<\/div>\n\t<div id=\"gap-352385655\" class=\"gap-element clearfix\" style=\"display:block; height:auto;\">\n\t\t\n<style>\n#gap-352385655 {\n  padding-top: 30px;\n}\n<\/style>\n\t<\/div>\n\t\n\n\t<div class=\"img has-hover x md-x lg-x y md-y lg-y\" id=\"image_1756461169\">\n\t\t\t\t\t\t\t\t<div class=\"img-inner dark\" >\n\t\t\t<img loading=\"lazy\" decoding=\"async\" width=\"1020\" height=\"680\" src=\"https:\/\/www.italtel.com\/wp-content\/uploads\/2026\/01\/DSC3862-1024x683.webp\" class=\"attachment-large size-large\" alt=\"A man in a blue suit speaks into a microphone at a conference, gesturing with one hand. A plant and a green book are visible in the background.\" srcset=\"https:\/\/www.italtel.com\/wp-content\/uploads\/2026\/01\/DSC3862-1024x683.webp 1024w, https:\/\/www.italtel.com\/wp-content\/uploads\/2026\/01\/DSC3862-300x200.webp 300w, https:\/\/www.italtel.com\/wp-content\/uploads\/2026\/01\/DSC3862-768x512.webp 768w, https:\/\/www.italtel.com\/wp-content\/uploads\/2026\/01\/DSC3862-1536x1024.webp 1536w, https:\/\/www.italtel.com\/wp-content\/uploads\/2026\/01\/DSC3862.webp 1920w\" sizes=\"auto, (max-width: 1020px) 100vw, 1020px\" \/>\t\t\t\t\t\t\n\t\t\t\t\t<\/div>\n\t\t\t\t\t\t\t\t\n<style>\n#image_1756461169 {\n  width: 100%;\n}\n<\/style>\n\t<\/div>\n\t\n\n\t<div id=\"gap-858327166\" class=\"gap-element clearfix\" style=\"display:block; height:auto;\">\n\t\t\n<style>\n#gap-858327166 {\n  padding-top: 30px;\n}\n<\/style>\n\t<\/div>\n\t\n\n\t<div id=\"gap-1572536326\" class=\"gap-element clearfix\" style=\"display:block; height:auto;\">\n\t\t\n<style>\n#gap-1572536326 {\n  padding-top: 30px;\n}\n<\/style>\n\t<\/div>\n\t\n\n\n\t\t<\/div>\n\t\t\t\t\n<style>\n#col-2050056753 > .col-inner {\n  padding: 6rem 11rem 0px 0px;\n}\n<\/style>\n\t<\/div>\n\n\t\n\n\t<div id=\"col-713457966\" class=\"col sibebar_col medium-3 small-12 large-3\"  >\n\t\t<div class=\"is-sticky-column\"><div class=\"is-sticky-column__inner\">\t\t<div class=\"col-inner\"  >\n\t\t\t\n\t\t\t\n\n\t<div id=\"text-3568823828\" class=\"text fontsize_16 color_black fontweight_500\">\n\t\t\n\nTECH KEYWORDS\n\t\t\t<\/div>\n\t\n<div class=\"is-divider divider clearfix\" style=\"margin-top:2rem;margin-bottom:2rem;max-width:100%;height:1px;background-color:rgba(112, 112, 112, 0.302);\"><\/div>\n\n\t<div id=\"text-2035066418\" class=\"text fontsize_18 color_black\">\n\t\t\n\n<p>SMART MOBILITY<\/p>\n\t\t\t<\/div>\n\t\n<div class=\"is-divider divider clearfix\" style=\"margin-top:2rem;margin-bottom:2rem;max-width:100%;height:1px;background-color:rgba(112, 112, 112, 0.302);\"><\/div>\n\n\t<div id=\"text-2832433419\" class=\"text fontsize_18 color_black\">\n\t\t\n\n<p>EDGE COMPUTING<\/p>\n\t\t\t<\/div>\n\t\n<div class=\"is-divider divider clearfix\" style=\"margin-top:2rem;margin-bottom:2rem;max-width:100%;height:1px;background-color:rgba(112, 112, 112, 0.302);\"><\/div>\n\n\t<div id=\"text-603811694\" class=\"text fontsize_18 color_black\">\n\t\t\n\n<p>INTELLIGENZA ARTIFICIALE<\/p>\n\t\t\t<\/div>\n\t\n\t<div id=\"gap-1828217073\" class=\"gap-element clearfix\" style=\"display:block; height:auto;\">\n\t\t\n<style>\n#gap-1828217073 {\n  padding-top: 13rem;\n}\n<\/style>\n\t<\/div>\n\t\n\n\t<div id=\"text-1918909172\" class=\"text fontsize_16 color_black fontweight_500\">\n\t\t\n\n<p>CONDIVIDI LA NEWS<\/p>\n\t\t\t<\/div>\n\t\n<div class=\"is-divider divider clearfix\" style=\"margin-top:2rem;margin-bottom:2rem;max-width:100%;height:1px;background-color:rgba(112, 112, 112, 0.302);\"><\/div>\n\n\t<div class=\"img has-hover socialshare_icon linkedin x md-x lg-x y md-y lg-y\" id=\"image_1256316890\">\n\t\t\t\t\t\t\t\t<div class=\"img-inner dark\" >\n\t\t\t<img loading=\"lazy\" decoding=\"async\" width=\"1\" height=\"1\" src=\"https:\/\/www.italtel.com\/wp-content\/uploads\/2024\/09\/Linkedin-icon.svg\" class=\"attachment-large size-large\" alt=\"Linkedin-icon\" \/>\t\t\t\t\t\t\n\t\t\t\t\t<\/div>\n\t\t\t\t\t\t\t\t\n<style>\n#image_1256316890 {\n  width: 100%;\n}\n<\/style>\n\t<\/div>\n\t\n\n\t<div class=\"img has-hover socialshare_icon instagram x md-x lg-x y md-y lg-y\" id=\"image_1463486312\">\n\t\t\t\t\t\t\t\t<div class=\"img-inner dark\" >\n\t\t\t<img loading=\"lazy\" decoding=\"async\" width=\"27\" height=\"27\" src=\"https:\/\/www.italtel.com\/wp-content\/uploads\/2024\/07\/Raggruppa-12942.png\" class=\"attachment-large size-large\" alt=\"Instagram icon\" \/>\t\t\t\t\t\t\n\t\t\t\t\t<\/div>\n\t\t\t\t\t\t\t\t\n<style>\n#image_1463486312 {\n  width: 100%;\n}\n<\/style>\n\t<\/div>\n\t\n\n\t<div class=\"img has-hover socialshare_icon ex x md-x lg-x y md-y lg-y\" id=\"image_107405726\">\n\t\t\t\t\t\t\t\t<div class=\"img-inner dark\" >\n\t\t\t<img loading=\"lazy\" decoding=\"async\" width=\"1\" height=\"1\" src=\"https:\/\/www.italtel.com\/wp-content\/uploads\/2024\/09\/X-icon.svg\" class=\"attachment-large size-large\" alt=\"X-icon\" \/>\t\t\t\t\t\t\n\t\t\t\t\t<\/div>\n\t\t\t\t\t\t\t\t\n<style>\n#image_107405726 {\n  width: 100%;\n}\n<\/style>\n\t<\/div>\n\t\n\n\n\t\t<\/div>\n\t\t<\/div><\/div>\t\t\n<style>\n#col-713457966 > .is-sticky-column > .is-sticky-column__inner > .col-inner {\n  padding: 6rem 0px 0px 0px;\n}\n<\/style>\n\t<\/div>\n\n\t\n\n<\/div>\n\n","protected":false},"excerpt":{"rendered":"","protected":false},"author":6,"featured_media":80342,"comment_status":"closed","ping_status":"closed","sticky":false,"template":"","format":"standard","meta":{"footnotes":""},"categories":[740],"tags":[1115,1147],"class_list":["post-80335","post","type-post","status-publish","format-standard","has-post-thumbnail","hentry","category-events-it","tag-smart-vertical-solutions","tag-smart-mobility"],"yoast_head":"<!-- This site is optimized with the Yoast SEO plugin v27.4 - https:\/\/yoast.com\/product\/yoast-seo-wordpress\/ -->\n<title>Costruiamo il sistema nervoso della mobilit\u00e0 del futuro - Italtel<\/title>\n<meta name=\"description\" content=\"Italtel alla Giornata Nazionale della Mobilit\u00e0 Sostenibile: smart mobility, edge computing, AI e cybersecurity per il sistema nervoso della mobilit\u00e0 del futuro.\" \/>\n<meta name=\"robots\" content=\"index, follow, max-snippet:-1, max-image-preview:large, max-video-preview:-1\" \/>\n<link rel=\"canonical\" href=\"https:\/\/www.italtel.com\/it\/costruiamo-il-sistema-nervoso-della-mobilita-del-futuro\/\" \/>\n<meta property=\"og:locale\" content=\"it_IT\" \/>\n<meta property=\"og:type\" content=\"article\" \/>\n<meta property=\"og:title\" content=\"Costruiamo il sistema nervoso della mobilit\u00e0 del futuro - Italtel\" \/>\n<meta property=\"og:description\" content=\"Italtel alla Giornata Nazionale della Mobilit\u00e0 Sostenibile: smart mobility, edge computing, AI e cybersecurity per il sistema nervoso della mobilit\u00e0 del futuro.\" \/>\n<meta property=\"og:url\" content=\"https:\/\/www.italtel.com\/it\/costruiamo-il-sistema-nervoso-della-mobilita-del-futuro\/\" \/>\n<meta property=\"og:site_name\" content=\"Italtel\" \/>\n<meta property=\"article:published_time\" content=\"2026-01-21T13:46:21+00:00\" \/>\n<meta property=\"article:modified_time\" content=\"2026-01-22T08:38:40+00:00\" \/>\n<meta property=\"og:image\" content=\"https:\/\/www.italtel.com\/wp-content\/uploads\/2026\/01\/DSC3836-1024x683.webp\" \/>\n\t<meta property=\"og:image:width\" content=\"1024\" \/>\n\t<meta property=\"og:image:height\" content=\"683\" \/>\n\t<meta property=\"og:image:type\" content=\"image\/webp\" \/>\n<meta name=\"author\" content=\"Daniela Fontana\" \/>\n<meta name=\"twitter:card\" content=\"summary_large_image\" \/>\n<meta name=\"twitter:creator\" content=\"@Italtel\" \/>\n<meta name=\"twitter:site\" content=\"@Italtel\" \/>\n<meta name=\"twitter:label1\" content=\"Scritto da\" \/>\n\t<meta name=\"twitter:data1\" content=\"Daniela Fontana\" \/>\n\t<meta name=\"twitter:label2\" content=\"Tempo di lettura stimato\" \/>\n\t<meta name=\"twitter:data2\" content=\"3 minuti\" \/>\n<script type=\"application\/ld+json\" class=\"yoast-schema-graph\">{\"@context\":\"https:\\\/\\\/schema.org\",\"@graph\":[{\"@type\":\"Article\",\"@id\":\"https:\\\/\\\/www.italtel.com\\\/it\\\/costruiamo-il-sistema-nervoso-della-mobilita-del-futuro\\\/#article\",\"isPartOf\":{\"@id\":\"https:\\\/\\\/www.italtel.com\\\/it\\\/costruiamo-il-sistema-nervoso-della-mobilita-del-futuro\\\/\"},\"author\":{\"name\":\"Daniela Fontana\",\"@id\":\"https:\\\/\\\/www.italtel.com\\\/de\\\/#\\\/schema\\\/person\\\/38f315d5a978255f0cf320055bad5afe\"},\"headline\":\"Costruiamo il sistema nervoso della mobilit\u00e0 del futuro\",\"datePublished\":\"2026-01-21T13:46:21+00:00\",\"dateModified\":\"2026-01-22T08:38:40+00:00\",\"mainEntityOfPage\":{\"@id\":\"https:\\\/\\\/www.italtel.com\\\/it\\\/costruiamo-il-sistema-nervoso-della-mobilita-del-futuro\\\/\"},\"wordCount\":595,\"publisher\":{\"@id\":\"https:\\\/\\\/www.italtel.com\\\/de\\\/#organization\"},\"image\":{\"@id\":\"https:\\\/\\\/www.italtel.com\\\/it\\\/costruiamo-il-sistema-nervoso-della-mobilita-del-futuro\\\/#primaryimage\"},\"thumbnailUrl\":\"https:\\\/\\\/www.italtel.com\\\/wp-content\\\/uploads\\\/2026\\\/01\\\/DSC3836.webp\",\"keywords\":[\"Smart &amp; Vertical Solutions\",\"Smart Mobility\"],\"articleSection\":[\"Event\"],\"inLanguage\":\"it-IT\"},{\"@type\":\"WebPage\",\"@id\":\"https:\\\/\\\/www.italtel.com\\\/it\\\/costruiamo-il-sistema-nervoso-della-mobilita-del-futuro\\\/\",\"url\":\"https:\\\/\\\/www.italtel.com\\\/it\\\/costruiamo-il-sistema-nervoso-della-mobilita-del-futuro\\\/\",\"name\":\"Costruiamo il sistema nervoso della mobilit\u00e0 del futuro - Italtel\",\"isPartOf\":{\"@id\":\"https:\\\/\\\/www.italtel.com\\\/de\\\/#website\"},\"primaryImageOfPage\":{\"@id\":\"https:\\\/\\\/www.italtel.com\\\/it\\\/costruiamo-il-sistema-nervoso-della-mobilita-del-futuro\\\/#primaryimage\"},\"image\":{\"@id\":\"https:\\\/\\\/www.italtel.com\\\/it\\\/costruiamo-il-sistema-nervoso-della-mobilita-del-futuro\\\/#primaryimage\"},\"thumbnailUrl\":\"https:\\\/\\\/www.italtel.com\\\/wp-content\\\/uploads\\\/2026\\\/01\\\/DSC3836.webp\",\"datePublished\":\"2026-01-21T13:46:21+00:00\",\"dateModified\":\"2026-01-22T08:38:40+00:00\",\"description\":\"Italtel alla Giornata Nazionale della Mobilit\u00e0 Sostenibile: smart mobility, edge computing, AI e cybersecurity per il sistema nervoso della mobilit\u00e0 del futuro.\",\"breadcrumb\":{\"@id\":\"https:\\\/\\\/www.italtel.com\\\/it\\\/costruiamo-il-sistema-nervoso-della-mobilita-del-futuro\\\/#breadcrumb\"},\"inLanguage\":\"it-IT\",\"potentialAction\":[{\"@type\":\"ReadAction\",\"target\":[\"https:\\\/\\\/www.italtel.com\\\/it\\\/costruiamo-il-sistema-nervoso-della-mobilita-del-futuro\\\/\"]}]},{\"@type\":\"ImageObject\",\"inLanguage\":\"it-IT\",\"@id\":\"https:\\\/\\\/www.italtel.com\\\/it\\\/costruiamo-il-sistema-nervoso-della-mobilita-del-futuro\\\/#primaryimage\",\"url\":\"https:\\\/\\\/www.italtel.com\\\/wp-content\\\/uploads\\\/2026\\\/01\\\/DSC3836.webp\",\"contentUrl\":\"https:\\\/\\\/www.italtel.com\\\/wp-content\\\/uploads\\\/2026\\\/01\\\/DSC3836.webp\",\"width\":1920,\"height\":1280,\"caption\":\"A group of people in a conference room sit around a U-shaped table, discussing \\\"Smart Mobility & Green Cities.\\\" The tone is professional and collaborative.\"},{\"@type\":\"BreadcrumbList\",\"@id\":\"https:\\\/\\\/www.italtel.com\\\/it\\\/costruiamo-il-sistema-nervoso-della-mobilita-del-futuro\\\/#breadcrumb\",\"itemListElement\":[{\"@type\":\"ListItem\",\"position\":1,\"name\":\"Home\",\"item\":\"https:\\\/\\\/www.italtel.com\\\/it\\\/\"},{\"@type\":\"ListItem\",\"position\":2,\"name\":\"Costruiamo il sistema nervoso della mobilit\u00e0 del futuro\"}]},{\"@type\":\"WebSite\",\"@id\":\"https:\\\/\\\/www.italtel.com\\\/de\\\/#website\",\"url\":\"https:\\\/\\\/www.italtel.com\\\/de\\\/\",\"name\":\"Italtel\",\"description\":\"Italtel Group&#039;s company website\",\"publisher\":{\"@id\":\"https:\\\/\\\/www.italtel.com\\\/de\\\/#organization\"},\"potentialAction\":[{\"@type\":\"SearchAction\",\"target\":{\"@type\":\"EntryPoint\",\"urlTemplate\":\"https:\\\/\\\/www.italtel.com\\\/de\\\/?s={search_term_string}\"},\"query-input\":{\"@type\":\"PropertyValueSpecification\",\"valueRequired\":true,\"valueName\":\"search_term_string\"}}],\"inLanguage\":\"it-IT\"},{\"@type\":\"Organization\",\"@id\":\"https:\\\/\\\/www.italtel.com\\\/de\\\/#organization\",\"name\":\"Italtel S.p.A.\",\"url\":\"https:\\\/\\\/www.italtel.com\\\/de\\\/\",\"logo\":{\"@type\":\"ImageObject\",\"inLanguage\":\"it-IT\",\"@id\":\"https:\\\/\\\/www.italtel.com\\\/de\\\/#\\\/schema\\\/logo\\\/image\\\/\",\"url\":\"https:\\\/\\\/www.italtel.com\\\/wp-content\\\/uploads\\\/2024\\\/11\\\/Italtel_logo.png\",\"contentUrl\":\"https:\\\/\\\/www.italtel.com\\\/wp-content\\\/uploads\\\/2024\\\/11\\\/Italtel_logo.png\",\"width\":591,\"height\":139,\"caption\":\"Italtel S.p.A.\"},\"image\":{\"@id\":\"https:\\\/\\\/www.italtel.com\\\/de\\\/#\\\/schema\\\/logo\\\/image\\\/\"},\"sameAs\":[\"https:\\\/\\\/x.com\\\/Italtel\",\"https:\\\/\\\/www.linkedin.com\\\/company\\\/italtel\\\/\",\"https:\\\/\\\/www.instagram.com\\\/italtel_hq\\\/\"]},{\"@type\":\"Person\",\"@id\":\"https:\\\/\\\/www.italtel.com\\\/de\\\/#\\\/schema\\\/person\\\/38f315d5a978255f0cf320055bad5afe\",\"name\":\"Daniela Fontana\",\"image\":{\"@type\":\"ImageObject\",\"inLanguage\":\"it-IT\",\"@id\":\"https:\\\/\\\/secure.gravatar.com\\\/avatar\\\/834a03b0c73144a8ca36e17dc365b3fbadb34c9e44399b609a00f2231e694f6a?s=96&d=mm&r=g\",\"url\":\"https:\\\/\\\/secure.gravatar.com\\\/avatar\\\/834a03b0c73144a8ca36e17dc365b3fbadb34c9e44399b609a00f2231e694f6a?s=96&d=mm&r=g\",\"contentUrl\":\"https:\\\/\\\/secure.gravatar.com\\\/avatar\\\/834a03b0c73144a8ca36e17dc365b3fbadb34c9e44399b609a00f2231e694f6a?s=96&d=mm&r=g\",\"caption\":\"Daniela Fontana\"}}]}<\/script>\n<!-- \/ Yoast SEO plugin. -->","yoast_head_json":{"title":"Costruiamo il sistema nervoso della mobilit\u00e0 del futuro - Italtel","description":"Italtel alla Giornata Nazionale della Mobilit\u00e0 Sostenibile: smart mobility, edge computing, AI e cybersecurity per il sistema nervoso della mobilit\u00e0 del futuro.","robots":{"index":"index","follow":"follow","max-snippet":"max-snippet:-1","max-image-preview":"max-image-preview:large","max-video-preview":"max-video-preview:-1"},"canonical":"https:\/\/www.italtel.com\/it\/costruiamo-il-sistema-nervoso-della-mobilita-del-futuro\/","og_locale":"it_IT","og_type":"article","og_title":"Costruiamo il sistema nervoso della mobilit\u00e0 del futuro - Italtel","og_description":"Italtel alla Giornata Nazionale della Mobilit\u00e0 Sostenibile: smart mobility, edge computing, AI e cybersecurity per il sistema nervoso della mobilit\u00e0 del futuro.","og_url":"https:\/\/www.italtel.com\/it\/costruiamo-il-sistema-nervoso-della-mobilita-del-futuro\/","og_site_name":"Italtel","article_published_time":"2026-01-21T13:46:21+00:00","article_modified_time":"2026-01-22T08:38:40+00:00","og_image":[{"width":1024,"height":683,"url":"https:\/\/www.italtel.com\/wp-content\/uploads\/2026\/01\/DSC3836-1024x683.webp","type":"image\/webp"}],"author":"Daniela Fontana","twitter_card":"summary_large_image","twitter_creator":"@Italtel","twitter_site":"@Italtel","twitter_misc":{"Scritto da":"Daniela Fontana","Tempo di lettura stimato":"3 minuti"},"schema":{"@context":"https:\/\/schema.org","@graph":[{"@type":"Article","@id":"https:\/\/www.italtel.com\/it\/costruiamo-il-sistema-nervoso-della-mobilita-del-futuro\/#article","isPartOf":{"@id":"https:\/\/www.italtel.com\/it\/costruiamo-il-sistema-nervoso-della-mobilita-del-futuro\/"},"author":{"name":"Daniela Fontana","@id":"https:\/\/www.italtel.com\/de\/#\/schema\/person\/38f315d5a978255f0cf320055bad5afe"},"headline":"Costruiamo il sistema nervoso della mobilit\u00e0 del futuro","datePublished":"2026-01-21T13:46:21+00:00","dateModified":"2026-01-22T08:38:40+00:00","mainEntityOfPage":{"@id":"https:\/\/www.italtel.com\/it\/costruiamo-il-sistema-nervoso-della-mobilita-del-futuro\/"},"wordCount":595,"publisher":{"@id":"https:\/\/www.italtel.com\/de\/#organization"},"image":{"@id":"https:\/\/www.italtel.com\/it\/costruiamo-il-sistema-nervoso-della-mobilita-del-futuro\/#primaryimage"},"thumbnailUrl":"https:\/\/www.italtel.com\/wp-content\/uploads\/2026\/01\/DSC3836.webp","keywords":["Smart &amp; Vertical Solutions","Smart Mobility"],"articleSection":["Event"],"inLanguage":"it-IT"},{"@type":"WebPage","@id":"https:\/\/www.italtel.com\/it\/costruiamo-il-sistema-nervoso-della-mobilita-del-futuro\/","url":"https:\/\/www.italtel.com\/it\/costruiamo-il-sistema-nervoso-della-mobilita-del-futuro\/","name":"Costruiamo il sistema nervoso della mobilit\u00e0 del futuro - Italtel","isPartOf":{"@id":"https:\/\/www.italtel.com\/de\/#website"},"primaryImageOfPage":{"@id":"https:\/\/www.italtel.com\/it\/costruiamo-il-sistema-nervoso-della-mobilita-del-futuro\/#primaryimage"},"image":{"@id":"https:\/\/www.italtel.com\/it\/costruiamo-il-sistema-nervoso-della-mobilita-del-futuro\/#primaryimage"},"thumbnailUrl":"https:\/\/www.italtel.com\/wp-content\/uploads\/2026\/01\/DSC3836.webp","datePublished":"2026-01-21T13:46:21+00:00","dateModified":"2026-01-22T08:38:40+00:00","description":"Italtel alla Giornata Nazionale della Mobilit\u00e0 Sostenibile: smart mobility, edge computing, AI e cybersecurity per il sistema nervoso della mobilit\u00e0 del futuro.","breadcrumb":{"@id":"https:\/\/www.italtel.com\/it\/costruiamo-il-sistema-nervoso-della-mobilita-del-futuro\/#breadcrumb"},"inLanguage":"it-IT","potentialAction":[{"@type":"ReadAction","target":["https:\/\/www.italtel.com\/it\/costruiamo-il-sistema-nervoso-della-mobilita-del-futuro\/"]}]},{"@type":"ImageObject","inLanguage":"it-IT","@id":"https:\/\/www.italtel.com\/it\/costruiamo-il-sistema-nervoso-della-mobilita-del-futuro\/#primaryimage","url":"https:\/\/www.italtel.com\/wp-content\/uploads\/2026\/01\/DSC3836.webp","contentUrl":"https:\/\/www.italtel.com\/wp-content\/uploads\/2026\/01\/DSC3836.webp","width":1920,"height":1280,"caption":"A group of people in a conference room sit around a U-shaped table, discussing \"Smart Mobility & Green Cities.\" The tone is professional and collaborative."},{"@type":"BreadcrumbList","@id":"https:\/\/www.italtel.com\/it\/costruiamo-il-sistema-nervoso-della-mobilita-del-futuro\/#breadcrumb","itemListElement":[{"@type":"ListItem","position":1,"name":"Home","item":"https:\/\/www.italtel.com\/it\/"},{"@type":"ListItem","position":2,"name":"Costruiamo il sistema nervoso della mobilit\u00e0 del futuro"}]},{"@type":"WebSite","@id":"https:\/\/www.italtel.com\/de\/#website","url":"https:\/\/www.italtel.com\/de\/","name":"Italtel","description":"Italtel Group&#039;s company website","publisher":{"@id":"https:\/\/www.italtel.com\/de\/#organization"},"potentialAction":[{"@type":"SearchAction","target":{"@type":"EntryPoint","urlTemplate":"https:\/\/www.italtel.com\/de\/?s={search_term_string}"},"query-input":{"@type":"PropertyValueSpecification","valueRequired":true,"valueName":"search_term_string"}}],"inLanguage":"it-IT"},{"@type":"Organization","@id":"https:\/\/www.italtel.com\/de\/#organization","name":"Italtel S.p.A.","url":"https:\/\/www.italtel.com\/de\/","logo":{"@type":"ImageObject","inLanguage":"it-IT","@id":"https:\/\/www.italtel.com\/de\/#\/schema\/logo\/image\/","url":"https:\/\/www.italtel.com\/wp-content\/uploads\/2024\/11\/Italtel_logo.png","contentUrl":"https:\/\/www.italtel.com\/wp-content\/uploads\/2024\/11\/Italtel_logo.png","width":591,"height":139,"caption":"Italtel S.p.A."},"image":{"@id":"https:\/\/www.italtel.com\/de\/#\/schema\/logo\/image\/"},"sameAs":["https:\/\/x.com\/Italtel","https:\/\/www.linkedin.com\/company\/italtel\/","https:\/\/www.instagram.com\/italtel_hq\/"]},{"@type":"Person","@id":"https:\/\/www.italtel.com\/de\/#\/schema\/person\/38f315d5a978255f0cf320055bad5afe","name":"Daniela Fontana","image":{"@type":"ImageObject","inLanguage":"it-IT","@id":"https:\/\/secure.gravatar.com\/avatar\/834a03b0c73144a8ca36e17dc365b3fbadb34c9e44399b609a00f2231e694f6a?s=96&d=mm&r=g","url":"https:\/\/secure.gravatar.com\/avatar\/834a03b0c73144a8ca36e17dc365b3fbadb34c9e44399b609a00f2231e694f6a?s=96&d=mm&r=g","contentUrl":"https:\/\/secure.gravatar.com\/avatar\/834a03b0c73144a8ca36e17dc365b3fbadb34c9e44399b609a00f2231e694f6a?s=96&d=mm&r=g","caption":"Daniela Fontana"}}]}},"_links":{"self":[{"href":"https:\/\/www.italtel.com\/it\/wp-json\/wp\/v2\/posts\/80335","targetHints":{"allow":["GET"]}}],"collection":[{"href":"https:\/\/www.italtel.com\/it\/wp-json\/wp\/v2\/posts"}],"about":[{"href":"https:\/\/www.italtel.com\/it\/wp-json\/wp\/v2\/types\/post"}],"author":[{"embeddable":true,"href":"https:\/\/www.italtel.com\/it\/wp-json\/wp\/v2\/users\/6"}],"replies":[{"embeddable":true,"href":"https:\/\/www.italtel.com\/it\/wp-json\/wp\/v2\/comments?post=80335"}],"version-history":[{"count":4,"href":"https:\/\/www.italtel.com\/it\/wp-json\/wp\/v2\/posts\/80335\/revisions"}],"predecessor-version":[{"id":80356,"href":"https:\/\/www.italtel.com\/it\/wp-json\/wp\/v2\/posts\/80335\/revisions\/80356"}],"wp:featuredmedia":[{"embeddable":true,"href":"https:\/\/www.italtel.com\/it\/wp-json\/wp\/v2\/media\/80342"}],"wp:attachment":[{"href":"https:\/\/www.italtel.com\/it\/wp-json\/wp\/v2\/media?parent=80335"}],"wp:term":[{"taxonomy":"category","embeddable":true,"href":"https:\/\/www.italtel.com\/it\/wp-json\/wp\/v2\/categories?post=80335"},{"taxonomy":"post_tag","embeddable":true,"href":"https:\/\/www.italtel.com\/it\/wp-json\/wp\/v2\/tags?post=80335"}],"curies":[{"name":"wp","href":"https:\/\/api.w.org\/{rel}","templated":true}]}}