{"id":81251,"date":"2026-03-13T11:09:25","date_gmt":"2026-03-13T09:09:25","guid":{"rendered":"https:\/\/www.italtel.com\/?p=81251"},"modified":"2026-03-13T11:09:25","modified_gmt":"2026-03-13T09:09:25","slug":"italtel4you-studenti-del-curie-sraffa-alla-scoperta-delle-professioni-del-digitale","status":"publish","type":"post","link":"https:\/\/www.italtel.com\/it\/italtel4you-studenti-del-curie-sraffa-alla-scoperta-delle-professioni-del-digitale\/","title":{"rendered":"Italtel4You: studenti del Curie-Sraffa alla scoperta delle professioni del digitale"},"content":{"rendered":"\n<div class=\"row\"  id=\"row-783918253\">\n\n\n\t<div id=\"col-1754275400\" class=\"col medium-9 small-12 large-9\"  >\n\t\t\t\t<div class=\"col-inner\"  >\n\t\t\t\n\t\t\t\n\n\t<div id=\"text-2920050821\" class=\"text fontsize_18 color_black\">\n\t\t\n\n<p>Nei mesi di febbraio e marzo 2026 Italtel ha accolto presso la sede di Milano due classi quinte dell\u2019<a href=\"https:\/\/www.iiscuriesraffa.edu.it\/\">Istituto Curie-Sraffa<\/a> per altrettante tappe di <strong>Italtel4You<\/strong>, il progetto di orientamento dedicato agli studenti delle scuole superiori realizzato in collaborazione con <a href=\"https:\/\/milano.federmanager.it\/\">ALDAI-Federmanager<\/a>.<\/p>\n<p>Durante le mattinate di incontro, gli studenti hanno avuto l\u2019opportunit\u00e0 di conoscere da vicino la realt\u00e0 di Italtel e approfondire alcuni dei principali ambiti del mondo ICT. Tra i momenti pi\u00f9 significativi, l\u2019intervento del CISO Luca Greco, che ha illustrato le sfide e le opportunit\u00e0 legate alla <strong>cybersecurity<\/strong>, offrendo una panoramica sulle competenze e sulle tecnologie necessarie per proteggere infrastrutture e dati in un contesto sempre pi\u00f9 digitale e interconnesso.<\/p>\n<p>Le visite sono poi proseguite nel <strong>Demo Center<\/strong>, dove i ragazzi hanno potuto osservare in azione alcune delle soluzioni sviluppate da Italtel nei campi del <strong>Modern Work<\/strong>, della <strong>collaboration<\/strong> e degli <strong>smart building<\/strong>, con esempi concreti di applicazione delle tecnologie innovative negli ambienti di lavoro.<\/p>\n<p>Particolarmente apprezzato \u00e8 stato il momento di confronto diretto con alcuni giovani colleghi neoassunti, che hanno raccontato il proprio percorso di studi e le prime esperienze professionali in azienda. Un dialogo aperto che ha permesso agli studenti di porre domande, confrontarsi sulle opportunit\u00e0 del settore ICT e avvicinarsi alle competenze richieste dal mercato del lavoro.<\/p>\n<p>Le due giornate hanno rappresentato un\u2019importante occasione di orientamento e di dialogo tra scuola e impresa, confermando l\u2019impegno di Italtel nel promuovere la cultura digitale e sostenere la diffusione delle <strong>competenze STEM<\/strong> tra le nuove generazioni.<\/p>\n<p>Attraverso iniziative come Italtel4You, l\u2019azienda continua a investire sul territorio e a contribuire alla formazione dei professionisti del futuro.<\/p>\n\t\t\t<\/div>\n\t\n\t<div id=\"gap-1298703760\" class=\"gap-element clearfix\" style=\"display:block; height:auto;\">\n\t\t\n<style>\n#gap-1298703760 {\n  padding-top: 30px;\n}\n<\/style>\n\t<\/div>\n\t\n\n<div class=\"slider-wrapper relative\" id=\"slider-1817420215\" >\n    <div class=\"slider slider-nav-circle slider-nav-large slider-nav-light slider-style-normal\"\n        data-flickity-options='{\n            \"cellAlign\": \"center\",\n            \"imagesLoaded\": true,\n            \"lazyLoad\": 1,\n            \"freeScroll\": false,\n            \"wrapAround\": true,\n            \"autoPlay\": 6000,\n            \"pauseAutoPlayOnHover\" : true,\n            \"prevNextButtons\": true,\n            \"contain\" : true,\n            \"adaptiveHeight\" : true,\n            \"dragThreshold\" : 10,\n            \"percentPosition\": true,\n            \"pageDots\": true,\n            \"rightToLeft\": false,\n            \"draggable\": true,\n            \"selectedAttraction\": 0.1,\n            \"parallax\" : 0,\n            \"friction\": 0.6        }'\n        >\n        \n\n\t<div class=\"img has-hover x md-x lg-x y md-y lg-y\" id=\"image_1991716515\">\n\t\t\t\t\t\t\t\t<div class=\"img-inner dark\" >\n\t\t\t<img loading=\"lazy\" decoding=\"async\" width=\"1020\" height=\"773\" src=\"https:\/\/www.italtel.com\/wp-content\/uploads\/2026\/03\/3-1024x776.webp\" class=\"attachment-large size-large\" alt=\"A group of people in a Italtel conference room watch a presentation on a screen. Laura Borlenghi, Head of Communication, stands near the screen, speaking, while attendees listen intently.\" srcset=\"https:\/\/www.italtel.com\/wp-content\/uploads\/2026\/03\/3-1024x776.webp 1024w, https:\/\/www.italtel.com\/wp-content\/uploads\/2026\/03\/3-300x227.webp 300w, https:\/\/www.italtel.com\/wp-content\/uploads\/2026\/03\/3-768x582.webp 768w, https:\/\/www.italtel.com\/wp-content\/uploads\/2026\/03\/3-1536x1164.webp 1536w, https:\/\/www.italtel.com\/wp-content\/uploads\/2026\/03\/3-2048x1552.webp 2048w\" sizes=\"auto, (max-width: 1020px) 100vw, 1020px\" \/>\t\t\t\t\t\t\n\t\t\t\t\t<\/div>\n\t\t\t\t\t\t\t\t\n<style>\n#image_1991716515 {\n  width: 100%;\n}\n<\/style>\n\t<\/div>\n\t\n\n\t<div class=\"img has-hover x md-x lg-x y md-y lg-y\" id=\"image_104807691\">\n\t\t\t\t\t\t\t\t<div class=\"img-inner dark\" >\n\t\t\t<img loading=\"lazy\" decoding=\"async\" width=\"1020\" height=\"765\" src=\"https:\/\/www.italtel.com\/wp-content\/uploads\/2026\/03\/7_-1024x768.webp\" class=\"attachment-large size-large\" alt=\"Federica Bolognesi stands by a large screen presenting to a group of attentive students in a conference room. The mood is focused and professional.\" srcset=\"https:\/\/www.italtel.com\/wp-content\/uploads\/2026\/03\/7_-1024x768.webp 1024w, https:\/\/www.italtel.com\/wp-content\/uploads\/2026\/03\/7_-300x225.webp 300w, https:\/\/www.italtel.com\/wp-content\/uploads\/2026\/03\/7_-768x576.webp 768w, https:\/\/www.italtel.com\/wp-content\/uploads\/2026\/03\/7_-1536x1153.webp 1536w, https:\/\/www.italtel.com\/wp-content\/uploads\/2026\/03\/7_-2048x1537.webp 2048w\" sizes=\"auto, (max-width: 1020px) 100vw, 1020px\" \/>\t\t\t\t\t\t\n\t\t\t\t\t<\/div>\n\t\t\t\t\t\t\t\t\n<style>\n#image_104807691 {\n  width: 100%;\n}\n<\/style>\n\t<\/div>\n\t\n\n\t<div class=\"img has-hover x md-x lg-x y md-y lg-y\" id=\"image_71981382\">\n\t\t\t\t\t\t\t\t<div class=\"img-inner dark\" >\n\t\t\t<img loading=\"lazy\" decoding=\"async\" width=\"1020\" height=\"765\" src=\"https:\/\/www.italtel.com\/wp-content\/uploads\/2026\/03\/1-1024x768.webp\" class=\"attachment-large size-large\" alt=\"A group of people in the Italtel Coffee Break engage in casual conversation and snacks. A screen displays &quot;Benvenuti!&quot; in Italian. The atmosphere is friendly.\" srcset=\"https:\/\/www.italtel.com\/wp-content\/uploads\/2026\/03\/1-1024x768.webp 1024w, https:\/\/www.italtel.com\/wp-content\/uploads\/2026\/03\/1-300x225.webp 300w, https:\/\/www.italtel.com\/wp-content\/uploads\/2026\/03\/1-768x576.webp 768w, https:\/\/www.italtel.com\/wp-content\/uploads\/2026\/03\/1-1536x1152.webp 1536w, https:\/\/www.italtel.com\/wp-content\/uploads\/2026\/03\/1-2048x1536.webp 2048w\" sizes=\"auto, (max-width: 1020px) 100vw, 1020px\" \/>\t\t\t\t\t\t\n\t\t\t\t\t<\/div>\n\t\t\t\t\t\t\t\t\n<style>\n#image_71981382 {\n  width: 100%;\n}\n<\/style>\n\t<\/div>\n\t\n\n\t<div class=\"img has-hover x md-x lg-x y md-y lg-y\" id=\"image_2094869301\">\n\t\t\t\t\t\t\t\t<div class=\"img-inner dark\" >\n\t\t\t<img loading=\"lazy\" decoding=\"async\" width=\"1020\" height=\"765\" src=\"https:\/\/www.italtel.com\/wp-content\/uploads\/2026\/03\/7-1024x768.webp\" class=\"attachment-large size-large\" alt=\"\" srcset=\"https:\/\/www.italtel.com\/wp-content\/uploads\/2026\/03\/7-1024x768.webp 1024w, https:\/\/www.italtel.com\/wp-content\/uploads\/2026\/03\/7-300x225.webp 300w, https:\/\/www.italtel.com\/wp-content\/uploads\/2026\/03\/7-768x576.webp 768w, https:\/\/www.italtel.com\/wp-content\/uploads\/2026\/03\/7-1536x1153.webp 1536w, https:\/\/www.italtel.com\/wp-content\/uploads\/2026\/03\/7-2048x1537.webp 2048w\" sizes=\"auto, (max-width: 1020px) 100vw, 1020px\" \/>\t\t\t\t\t\t\n\t\t\t\t\t<\/div>\n\t\t\t\t\t\t\t\t\n<style>\n#image_2094869301 {\n  width: 100%;\n}\n<\/style>\n\t<\/div>\n\t\n\n\t<div class=\"img has-hover x md-x lg-x y md-y lg-y\" id=\"image_1249757570\">\n\t\t\t\t\t\t\t\t<div class=\"img-inner dark\" >\n\t\t\t<img loading=\"lazy\" decoding=\"async\" width=\"1020\" height=\"575\" src=\"https:\/\/www.italtel.com\/wp-content\/uploads\/2026\/03\/5-1024x577.webp\" class=\"attachment-large size-large\" alt=\"A team of five people sits around a conference table with laptops while conducting a video call on a large screen. Luca Simonini, head of competence center of Italtel, smiling by the wall.\" srcset=\"https:\/\/www.italtel.com\/wp-content\/uploads\/2026\/03\/5-1024x577.webp 1024w, https:\/\/www.italtel.com\/wp-content\/uploads\/2026\/03\/5-300x169.webp 300w, https:\/\/www.italtel.com\/wp-content\/uploads\/2026\/03\/5-768x433.webp 768w, https:\/\/www.italtel.com\/wp-content\/uploads\/2026\/03\/5-1536x866.webp 1536w, https:\/\/www.italtel.com\/wp-content\/uploads\/2026\/03\/5-2048x1155.webp 2048w\" sizes=\"auto, (max-width: 1020px) 100vw, 1020px\" \/>\t\t\t\t\t\t\n\t\t\t\t\t<\/div>\n\t\t\t\t\t\t\t\t\n<style>\n#image_1249757570 {\n  width: 100%;\n}\n<\/style>\n\t<\/div>\n\t\n\n\t<div class=\"img has-hover x md-x lg-x y md-y lg-y\" id=\"image_1705097490\">\n\t\t\t\t\t\t\t\t<div class=\"img-inner dark\" >\n\t\t\t<img loading=\"lazy\" decoding=\"async\" width=\"1020\" height=\"765\" src=\"https:\/\/www.italtel.com\/wp-content\/uploads\/2026\/03\/2-1024x768.webp\" class=\"attachment-large size-large\" alt=\"A group of people sit attentively around a conference table in an office, while Michele Saracino, HR director, stands to the side, observing. The mood is focused.\" srcset=\"https:\/\/www.italtel.com\/wp-content\/uploads\/2026\/03\/2-1024x768.webp 1024w, https:\/\/www.italtel.com\/wp-content\/uploads\/2026\/03\/2-300x225.webp 300w, https:\/\/www.italtel.com\/wp-content\/uploads\/2026\/03\/2-768x576.webp 768w, https:\/\/www.italtel.com\/wp-content\/uploads\/2026\/03\/2-1536x1153.webp 1536w, https:\/\/www.italtel.com\/wp-content\/uploads\/2026\/03\/2-2048x1537.webp 2048w\" sizes=\"auto, (max-width: 1020px) 100vw, 1020px\" \/>\t\t\t\t\t\t\n\t\t\t\t\t<\/div>\n\t\t\t\t\t\t\t\t\n<style>\n#image_1705097490 {\n  width: 100%;\n}\n<\/style>\n\t<\/div>\n\t\n\n\n     <\/div>\n\n     <div class=\"loading-spin dark large centered\"><\/div>\n\n\t<\/div>\n\n\n\n\t\t<\/div>\n\t\t\t\t\n<style>\n#col-1754275400 > .col-inner {\n  padding: 6rem 11rem 0px 0px;\n}\n<\/style>\n\t<\/div>\n\n\t\n\n\t<div id=\"col-444313375\" class=\"col sibebar_col medium-3 small-12 large-3\"  >\n\t\t<div class=\"is-sticky-column\"><div class=\"is-sticky-column__inner\">\t\t<div class=\"col-inner\"  >\n\t\t\t\n\t\t\t\n\n\t<div id=\"text-3972749741\" class=\"text fontsize_16 color_black fontweight_500\">\n\t\t\n\n<p>KEYWORDS<\/p>\n\t\t\t<\/div>\n\t\n<div class=\"is-divider divider clearfix\" style=\"margin-top:2rem;margin-bottom:2rem;max-width:100%;height:1px;background-color:rgba(112, 112, 112, 0.302);\"><\/div>\n\n\t<div id=\"text-1094840296\" class=\"text fontsize_18 color_black\">\n\t\t\n\n<p>STEM EDUCATION<\/p>\n\t\t\t<\/div>\n\t\n<div class=\"is-divider divider clearfix\" style=\"margin-top:2rem;margin-bottom:2rem;max-width:100%;height:1px;background-color:rgba(112, 112, 112, 0.302);\"><\/div>\n\n\t<div id=\"text-1660710538\" class=\"text fontsize_18 color_black\">\n\t\t\n\n<p>DIVERSITY &amp; INCLUSION<\/p>\n\t\t\t<\/div>\n\t\n<div class=\"is-divider divider clearfix\" style=\"margin-top:2rem;margin-bottom:2rem;max-width:100%;height:1px;background-color:rgba(112, 112, 112, 0.302);\"><\/div>\n\n\t<div id=\"text-1042985379\" class=\"text fontsize_18 color_black\">\n\t\t\n\n<p>CORPORATE CULTURE<\/p>\n\t\t\t<\/div>\n\t\n<div class=\"is-divider divider clearfix\" style=\"margin-top:2rem;margin-bottom:2rem;max-width:100%;height:1px;background-color:rgba(112, 112, 112, 0.302);\"><\/div>\n\n\t<div id=\"text-1874750802\" class=\"text fontsize_18 color_black\">\n\t\t\n\n<p>SMART BUILDING<\/p>\n\t\t\t<\/div>\n\t\n<div class=\"is-divider divider clearfix\" style=\"margin-top:2rem;margin-bottom:2rem;max-width:100%;height:1px;background-color:rgba(112, 112, 112, 0.302);\"><\/div>\n\n\t<div id=\"text-502710535\" class=\"text fontsize_18 color_black\">\n\t\t\n\n<p>MODERN WORK<\/p>\n\t\t\t<\/div>\n\t\n<div class=\"is-divider divider clearfix\" style=\"margin-top:2rem;margin-bottom:2rem;max-width:100%;height:1px;background-color:rgba(112, 112, 112, 0.302);\"><\/div>\n\n\t<div id=\"gap-1409684115\" class=\"gap-element clearfix\" style=\"display:block; height:auto;\">\n\t\t\n<style>\n#gap-1409684115 {\n  padding-top: 13rem;\n}\n<\/style>\n\t<\/div>\n\t\n\n\t<div id=\"gap-567592618\" class=\"gap-element clearfix\" style=\"display:block; height:auto;\">\n\t\t\n<style>\n#gap-567592618 {\n  padding-top: 13rem;\n}\n<\/style>\n\t<\/div>\n\t\n\n\t<div id=\"text-3410423748\" class=\"text fontsize_16 color_black fontweight_500\">\n\t\t\n\nSHARE THE PAGE\n\t\t\t<\/div>\n\t\n<div class=\"is-divider divider clearfix\" style=\"margin-top:2rem;margin-bottom:2rem;max-width:100%;height:1px;background-color:rgba(112, 112, 112, 0.302);\"><\/div>\n\n\t<div class=\"img has-hover socialshare_icon linkedin x md-x lg-x y md-y lg-y\" id=\"image_1401582188\">\n\t\t\t\t\t\t\t\t<div class=\"img-inner dark\" >\n\t\t\t<img loading=\"lazy\" decoding=\"async\" width=\"1\" height=\"1\" src=\"https:\/\/www.italtel.com\/wp-content\/uploads\/2024\/09\/Linkedin-icon.svg\" class=\"attachment-large size-large\" alt=\"Linkedin-icon\" \/>\t\t\t\t\t\t\n\t\t\t\t\t<\/div>\n\t\t\t\t\t\t\t\t\n<style>\n#image_1401582188 {\n  width: 100%;\n}\n<\/style>\n\t<\/div>\n\t\n\n\t<div class=\"img has-hover socialshare_icon instagram x md-x lg-x y md-y lg-y\" id=\"image_1657496129\">\n\t\t\t\t\t\t\t\t<div class=\"img-inner dark\" >\n\t\t\t<img loading=\"lazy\" decoding=\"async\" width=\"27\" height=\"27\" src=\"https:\/\/www.italtel.com\/wp-content\/uploads\/2024\/07\/Raggruppa-12942.png\" class=\"attachment-large size-large\" alt=\"Instagram icon\" \/>\t\t\t\t\t\t\n\t\t\t\t\t<\/div>\n\t\t\t\t\t\t\t\t\n<style>\n#image_1657496129 {\n  width: 100%;\n}\n<\/style>\n\t<\/div>\n\t\n\n\t<div class=\"img has-hover socialshare_icon ex x md-x lg-x y md-y lg-y\" id=\"image_395770511\">\n\t\t\t\t\t\t\t\t<div class=\"img-inner dark\" >\n\t\t\t<img loading=\"lazy\" decoding=\"async\" width=\"1\" height=\"1\" src=\"https:\/\/www.italtel.com\/wp-content\/uploads\/2024\/09\/X-icon.svg\" class=\"attachment-large size-large\" alt=\"X-icon\" \/>\t\t\t\t\t\t\n\t\t\t\t\t<\/div>\n\t\t\t\t\t\t\t\t\n<style>\n#image_395770511 {\n  width: 100%;\n}\n<\/style>\n\t<\/div>\n\t\n\n\n\t\t<\/div>\n\t\t<\/div><\/div>\t\t\n<style>\n#col-444313375 > .is-sticky-column > .is-sticky-column__inner > .col-inner {\n  padding: 6rem 0px 0px 0px;\n}\n<\/style>\n\t<\/div>\n\n\t\n\n<\/div>\n\n","protected":false},"excerpt":{"rendered":"","protected":false},"author":6,"featured_media":81096,"comment_status":"closed","ping_status":"closed","sticky":false,"template":"","format":"standard","meta":{"footnotes":""},"categories":[378],"tags":[953,825],"class_list":["post-81251","post","type-post","status-publish","format-standard","has-post-thumbnail","hentry","category-news-it","tag-company-it","tag-sustainability-it"],"yoast_head":"<!-- This site is optimized with the Yoast SEO plugin v27.4 - https:\/\/yoast.com\/product\/yoast-seo-wordpress\/ -->\n<title>Italtel4You: studenti del Curie-Sraffa alla scoperta delle professioni del digitale - Italtel<\/title>\n<meta name=\"description\" content=\"Due classi dell\u2019Istituto Curie-Sraffa in visita nella sede Italtel di Milano nell\u2019ambito del progetto Italtel4You: un percorso di orientamento tra cybersecurity, innovazione ICT e testimonianze dei giovani professionisti.\" \/>\n<meta name=\"robots\" content=\"index, follow, max-snippet:-1, max-image-preview:large, max-video-preview:-1\" \/>\n<link rel=\"canonical\" href=\"https:\/\/www.italtel.com\/it\/italtel4you-studenti-del-curie-sraffa-alla-scoperta-delle-professioni-del-digitale\/\" \/>\n<meta property=\"og:locale\" content=\"it_IT\" \/>\n<meta property=\"og:type\" content=\"article\" \/>\n<meta property=\"og:title\" content=\"Italtel4You: studenti del Curie-Sraffa alla scoperta delle professioni del digitale - Italtel\" \/>\n<meta property=\"og:description\" content=\"Due classi dell\u2019Istituto Curie-Sraffa in visita nella sede Italtel di Milano nell\u2019ambito del progetto Italtel4You: un percorso di orientamento tra cybersecurity, innovazione ICT e testimonianze dei giovani professionisti.\" \/>\n<meta property=\"og:url\" content=\"https:\/\/www.italtel.com\/it\/italtel4you-studenti-del-curie-sraffa-alla-scoperta-delle-professioni-del-digitale\/\" \/>\n<meta property=\"og:site_name\" content=\"Italtel\" \/>\n<meta property=\"article:published_time\" content=\"2026-03-13T09:09:25+00:00\" \/>\n<meta property=\"og:image\" content=\"https:\/\/www.italtel.com\/wp-content\/uploads\/2026\/03\/3-1024x776.webp\" \/>\n\t<meta property=\"og:image:width\" content=\"1024\" \/>\n\t<meta property=\"og:image:height\" content=\"776\" \/>\n\t<meta property=\"og:image:type\" content=\"image\/webp\" \/>\n<meta name=\"author\" content=\"Daniela Fontana\" \/>\n<meta name=\"twitter:card\" content=\"summary_large_image\" \/>\n<meta name=\"twitter:creator\" content=\"@Italtel\" \/>\n<meta name=\"twitter:site\" content=\"@Italtel\" \/>\n<meta name=\"twitter:label1\" content=\"Scritto da\" \/>\n\t<meta name=\"twitter:data1\" content=\"Daniela Fontana\" \/>\n\t<meta name=\"twitter:label2\" content=\"Tempo di lettura stimato\" \/>\n\t<meta name=\"twitter:data2\" content=\"2 minuti\" \/>\n<script type=\"application\/ld+json\" class=\"yoast-schema-graph\">{\"@context\":\"https:\\\/\\\/schema.org\",\"@graph\":[{\"@type\":\"Article\",\"@id\":\"https:\\\/\\\/www.italtel.com\\\/it\\\/italtel4you-studenti-del-curie-sraffa-alla-scoperta-delle-professioni-del-digitale\\\/#article\",\"isPartOf\":{\"@id\":\"https:\\\/\\\/www.italtel.com\\\/it\\\/italtel4you-studenti-del-curie-sraffa-alla-scoperta-delle-professioni-del-digitale\\\/\"},\"author\":{\"name\":\"Daniela Fontana\",\"@id\":\"https:\\\/\\\/www.italtel.com\\\/de\\\/#\\\/schema\\\/person\\\/38f315d5a978255f0cf320055bad5afe\"},\"headline\":\"Italtel4You: studenti del Curie-Sraffa alla scoperta delle professioni del digitale\",\"datePublished\":\"2026-03-13T09:09:25+00:00\",\"mainEntityOfPage\":{\"@id\":\"https:\\\/\\\/www.italtel.com\\\/it\\\/italtel4you-studenti-del-curie-sraffa-alla-scoperta-delle-professioni-del-digitale\\\/\"},\"wordCount\":496,\"publisher\":{\"@id\":\"https:\\\/\\\/www.italtel.com\\\/de\\\/#organization\"},\"image\":{\"@id\":\"https:\\\/\\\/www.italtel.com\\\/it\\\/italtel4you-studenti-del-curie-sraffa-alla-scoperta-delle-professioni-del-digitale\\\/#primaryimage\"},\"thumbnailUrl\":\"https:\\\/\\\/www.italtel.com\\\/wp-content\\\/uploads\\\/2026\\\/03\\\/3.webp\",\"keywords\":[\"Company\",\"Sustainability\"],\"articleSection\":[\"News\"],\"inLanguage\":\"it-IT\"},{\"@type\":\"WebPage\",\"@id\":\"https:\\\/\\\/www.italtel.com\\\/it\\\/italtel4you-studenti-del-curie-sraffa-alla-scoperta-delle-professioni-del-digitale\\\/\",\"url\":\"https:\\\/\\\/www.italtel.com\\\/it\\\/italtel4you-studenti-del-curie-sraffa-alla-scoperta-delle-professioni-del-digitale\\\/\",\"name\":\"Italtel4You: studenti del Curie-Sraffa alla scoperta delle professioni del digitale - Italtel\",\"isPartOf\":{\"@id\":\"https:\\\/\\\/www.italtel.com\\\/de\\\/#website\"},\"primaryImageOfPage\":{\"@id\":\"https:\\\/\\\/www.italtel.com\\\/it\\\/italtel4you-studenti-del-curie-sraffa-alla-scoperta-delle-professioni-del-digitale\\\/#primaryimage\"},\"image\":{\"@id\":\"https:\\\/\\\/www.italtel.com\\\/it\\\/italtel4you-studenti-del-curie-sraffa-alla-scoperta-delle-professioni-del-digitale\\\/#primaryimage\"},\"thumbnailUrl\":\"https:\\\/\\\/www.italtel.com\\\/wp-content\\\/uploads\\\/2026\\\/03\\\/3.webp\",\"datePublished\":\"2026-03-13T09:09:25+00:00\",\"description\":\"Due classi dell\u2019Istituto Curie-Sraffa in visita nella sede Italtel di Milano nell\u2019ambito del progetto Italtel4You: un percorso di orientamento tra cybersecurity, innovazione ICT e testimonianze dei giovani professionisti.\",\"breadcrumb\":{\"@id\":\"https:\\\/\\\/www.italtel.com\\\/it\\\/italtel4you-studenti-del-curie-sraffa-alla-scoperta-delle-professioni-del-digitale\\\/#breadcrumb\"},\"inLanguage\":\"it-IT\",\"potentialAction\":[{\"@type\":\"ReadAction\",\"target\":[\"https:\\\/\\\/www.italtel.com\\\/it\\\/italtel4you-studenti-del-curie-sraffa-alla-scoperta-delle-professioni-del-digitale\\\/\"]}]},{\"@type\":\"ImageObject\",\"inLanguage\":\"it-IT\",\"@id\":\"https:\\\/\\\/www.italtel.com\\\/it\\\/italtel4you-studenti-del-curie-sraffa-alla-scoperta-delle-professioni-del-digitale\\\/#primaryimage\",\"url\":\"https:\\\/\\\/www.italtel.com\\\/wp-content\\\/uploads\\\/2026\\\/03\\\/3.webp\",\"contentUrl\":\"https:\\\/\\\/www.italtel.com\\\/wp-content\\\/uploads\\\/2026\\\/03\\\/3.webp\",\"width\":2420,\"height\":1834,\"caption\":\"A group of people in a Italtel conference room watch a presentation on a screen. Laura Borlenghi, Head of Communication, stands near the screen, speaking, while attendees listen intently.\"},{\"@type\":\"BreadcrumbList\",\"@id\":\"https:\\\/\\\/www.italtel.com\\\/it\\\/italtel4you-studenti-del-curie-sraffa-alla-scoperta-delle-professioni-del-digitale\\\/#breadcrumb\",\"itemListElement\":[{\"@type\":\"ListItem\",\"position\":1,\"name\":\"Home\",\"item\":\"https:\\\/\\\/www.italtel.com\\\/it\\\/\"},{\"@type\":\"ListItem\",\"position\":2,\"name\":\"Italtel4You: studenti del Curie-Sraffa alla scoperta delle professioni del digitale\"}]},{\"@type\":\"WebSite\",\"@id\":\"https:\\\/\\\/www.italtel.com\\\/de\\\/#website\",\"url\":\"https:\\\/\\\/www.italtel.com\\\/de\\\/\",\"name\":\"Italtel\",\"description\":\"Italtel Group&#039;s company website\",\"publisher\":{\"@id\":\"https:\\\/\\\/www.italtel.com\\\/de\\\/#organization\"},\"potentialAction\":[{\"@type\":\"SearchAction\",\"target\":{\"@type\":\"EntryPoint\",\"urlTemplate\":\"https:\\\/\\\/www.italtel.com\\\/de\\\/?s={search_term_string}\"},\"query-input\":{\"@type\":\"PropertyValueSpecification\",\"valueRequired\":true,\"valueName\":\"search_term_string\"}}],\"inLanguage\":\"it-IT\"},{\"@type\":\"Organization\",\"@id\":\"https:\\\/\\\/www.italtel.com\\\/de\\\/#organization\",\"name\":\"Italtel S.p.A.\",\"url\":\"https:\\\/\\\/www.italtel.com\\\/de\\\/\",\"logo\":{\"@type\":\"ImageObject\",\"inLanguage\":\"it-IT\",\"@id\":\"https:\\\/\\\/www.italtel.com\\\/de\\\/#\\\/schema\\\/logo\\\/image\\\/\",\"url\":\"https:\\\/\\\/www.italtel.com\\\/wp-content\\\/uploads\\\/2024\\\/11\\\/Italtel_logo.png\",\"contentUrl\":\"https:\\\/\\\/www.italtel.com\\\/wp-content\\\/uploads\\\/2024\\\/11\\\/Italtel_logo.png\",\"width\":591,\"height\":139,\"caption\":\"Italtel S.p.A.\"},\"image\":{\"@id\":\"https:\\\/\\\/www.italtel.com\\\/de\\\/#\\\/schema\\\/logo\\\/image\\\/\"},\"sameAs\":[\"https:\\\/\\\/x.com\\\/Italtel\",\"https:\\\/\\\/www.linkedin.com\\\/company\\\/italtel\\\/\",\"https:\\\/\\\/www.instagram.com\\\/italtel_hq\\\/\"]},{\"@type\":\"Person\",\"@id\":\"https:\\\/\\\/www.italtel.com\\\/de\\\/#\\\/schema\\\/person\\\/38f315d5a978255f0cf320055bad5afe\",\"name\":\"Daniela Fontana\",\"image\":{\"@type\":\"ImageObject\",\"inLanguage\":\"it-IT\",\"@id\":\"https:\\\/\\\/secure.gravatar.com\\\/avatar\\\/834a03b0c73144a8ca36e17dc365b3fbadb34c9e44399b609a00f2231e694f6a?s=96&d=mm&r=g\",\"url\":\"https:\\\/\\\/secure.gravatar.com\\\/avatar\\\/834a03b0c73144a8ca36e17dc365b3fbadb34c9e44399b609a00f2231e694f6a?s=96&d=mm&r=g\",\"contentUrl\":\"https:\\\/\\\/secure.gravatar.com\\\/avatar\\\/834a03b0c73144a8ca36e17dc365b3fbadb34c9e44399b609a00f2231e694f6a?s=96&d=mm&r=g\",\"caption\":\"Daniela Fontana\"}}]}<\/script>\n<!-- \/ Yoast SEO plugin. -->","yoast_head_json":{"title":"Italtel4You: studenti del Curie-Sraffa alla scoperta delle professioni del digitale - Italtel","description":"Due classi dell\u2019Istituto Curie-Sraffa in visita nella sede Italtel di Milano nell\u2019ambito del progetto Italtel4You: un percorso di orientamento tra cybersecurity, innovazione ICT e testimonianze dei giovani professionisti.","robots":{"index":"index","follow":"follow","max-snippet":"max-snippet:-1","max-image-preview":"max-image-preview:large","max-video-preview":"max-video-preview:-1"},"canonical":"https:\/\/www.italtel.com\/it\/italtel4you-studenti-del-curie-sraffa-alla-scoperta-delle-professioni-del-digitale\/","og_locale":"it_IT","og_type":"article","og_title":"Italtel4You: studenti del Curie-Sraffa alla scoperta delle professioni del digitale - Italtel","og_description":"Due classi dell\u2019Istituto Curie-Sraffa in visita nella sede Italtel di Milano nell\u2019ambito del progetto Italtel4You: un percorso di orientamento tra cybersecurity, innovazione ICT e testimonianze dei giovani professionisti.","og_url":"https:\/\/www.italtel.com\/it\/italtel4you-studenti-del-curie-sraffa-alla-scoperta-delle-professioni-del-digitale\/","og_site_name":"Italtel","article_published_time":"2026-03-13T09:09:25+00:00","og_image":[{"width":1024,"height":776,"url":"https:\/\/www.italtel.com\/wp-content\/uploads\/2026\/03\/3-1024x776.webp","type":"image\/webp"}],"author":"Daniela Fontana","twitter_card":"summary_large_image","twitter_creator":"@Italtel","twitter_site":"@Italtel","twitter_misc":{"Scritto da":"Daniela Fontana","Tempo di lettura stimato":"2 minuti"},"schema":{"@context":"https:\/\/schema.org","@graph":[{"@type":"Article","@id":"https:\/\/www.italtel.com\/it\/italtel4you-studenti-del-curie-sraffa-alla-scoperta-delle-professioni-del-digitale\/#article","isPartOf":{"@id":"https:\/\/www.italtel.com\/it\/italtel4you-studenti-del-curie-sraffa-alla-scoperta-delle-professioni-del-digitale\/"},"author":{"name":"Daniela Fontana","@id":"https:\/\/www.italtel.com\/de\/#\/schema\/person\/38f315d5a978255f0cf320055bad5afe"},"headline":"Italtel4You: studenti del Curie-Sraffa alla scoperta delle professioni del digitale","datePublished":"2026-03-13T09:09:25+00:00","mainEntityOfPage":{"@id":"https:\/\/www.italtel.com\/it\/italtel4you-studenti-del-curie-sraffa-alla-scoperta-delle-professioni-del-digitale\/"},"wordCount":496,"publisher":{"@id":"https:\/\/www.italtel.com\/de\/#organization"},"image":{"@id":"https:\/\/www.italtel.com\/it\/italtel4you-studenti-del-curie-sraffa-alla-scoperta-delle-professioni-del-digitale\/#primaryimage"},"thumbnailUrl":"https:\/\/www.italtel.com\/wp-content\/uploads\/2026\/03\/3.webp","keywords":["Company","Sustainability"],"articleSection":["News"],"inLanguage":"it-IT"},{"@type":"WebPage","@id":"https:\/\/www.italtel.com\/it\/italtel4you-studenti-del-curie-sraffa-alla-scoperta-delle-professioni-del-digitale\/","url":"https:\/\/www.italtel.com\/it\/italtel4you-studenti-del-curie-sraffa-alla-scoperta-delle-professioni-del-digitale\/","name":"Italtel4You: studenti del Curie-Sraffa alla scoperta delle professioni del digitale - Italtel","isPartOf":{"@id":"https:\/\/www.italtel.com\/de\/#website"},"primaryImageOfPage":{"@id":"https:\/\/www.italtel.com\/it\/italtel4you-studenti-del-curie-sraffa-alla-scoperta-delle-professioni-del-digitale\/#primaryimage"},"image":{"@id":"https:\/\/www.italtel.com\/it\/italtel4you-studenti-del-curie-sraffa-alla-scoperta-delle-professioni-del-digitale\/#primaryimage"},"thumbnailUrl":"https:\/\/www.italtel.com\/wp-content\/uploads\/2026\/03\/3.webp","datePublished":"2026-03-13T09:09:25+00:00","description":"Due classi dell\u2019Istituto Curie-Sraffa in visita nella sede Italtel di Milano nell\u2019ambito del progetto Italtel4You: un percorso di orientamento tra cybersecurity, innovazione ICT e testimonianze dei giovani professionisti.","breadcrumb":{"@id":"https:\/\/www.italtel.com\/it\/italtel4you-studenti-del-curie-sraffa-alla-scoperta-delle-professioni-del-digitale\/#breadcrumb"},"inLanguage":"it-IT","potentialAction":[{"@type":"ReadAction","target":["https:\/\/www.italtel.com\/it\/italtel4you-studenti-del-curie-sraffa-alla-scoperta-delle-professioni-del-digitale\/"]}]},{"@type":"ImageObject","inLanguage":"it-IT","@id":"https:\/\/www.italtel.com\/it\/italtel4you-studenti-del-curie-sraffa-alla-scoperta-delle-professioni-del-digitale\/#primaryimage","url":"https:\/\/www.italtel.com\/wp-content\/uploads\/2026\/03\/3.webp","contentUrl":"https:\/\/www.italtel.com\/wp-content\/uploads\/2026\/03\/3.webp","width":2420,"height":1834,"caption":"A group of people in a Italtel conference room watch a presentation on a screen. Laura Borlenghi, Head of Communication, stands near the screen, speaking, while attendees listen intently."},{"@type":"BreadcrumbList","@id":"https:\/\/www.italtel.com\/it\/italtel4you-studenti-del-curie-sraffa-alla-scoperta-delle-professioni-del-digitale\/#breadcrumb","itemListElement":[{"@type":"ListItem","position":1,"name":"Home","item":"https:\/\/www.italtel.com\/it\/"},{"@type":"ListItem","position":2,"name":"Italtel4You: studenti del Curie-Sraffa alla scoperta delle professioni del digitale"}]},{"@type":"WebSite","@id":"https:\/\/www.italtel.com\/de\/#website","url":"https:\/\/www.italtel.com\/de\/","name":"Italtel","description":"Italtel Group&#039;s company website","publisher":{"@id":"https:\/\/www.italtel.com\/de\/#organization"},"potentialAction":[{"@type":"SearchAction","target":{"@type":"EntryPoint","urlTemplate":"https:\/\/www.italtel.com\/de\/?s={search_term_string}"},"query-input":{"@type":"PropertyValueSpecification","valueRequired":true,"valueName":"search_term_string"}}],"inLanguage":"it-IT"},{"@type":"Organization","@id":"https:\/\/www.italtel.com\/de\/#organization","name":"Italtel S.p.A.","url":"https:\/\/www.italtel.com\/de\/","logo":{"@type":"ImageObject","inLanguage":"it-IT","@id":"https:\/\/www.italtel.com\/de\/#\/schema\/logo\/image\/","url":"https:\/\/www.italtel.com\/wp-content\/uploads\/2024\/11\/Italtel_logo.png","contentUrl":"https:\/\/www.italtel.com\/wp-content\/uploads\/2024\/11\/Italtel_logo.png","width":591,"height":139,"caption":"Italtel S.p.A."},"image":{"@id":"https:\/\/www.italtel.com\/de\/#\/schema\/logo\/image\/"},"sameAs":["https:\/\/x.com\/Italtel","https:\/\/www.linkedin.com\/company\/italtel\/","https:\/\/www.instagram.com\/italtel_hq\/"]},{"@type":"Person","@id":"https:\/\/www.italtel.com\/de\/#\/schema\/person\/38f315d5a978255f0cf320055bad5afe","name":"Daniela Fontana","image":{"@type":"ImageObject","inLanguage":"it-IT","@id":"https:\/\/secure.gravatar.com\/avatar\/834a03b0c73144a8ca36e17dc365b3fbadb34c9e44399b609a00f2231e694f6a?s=96&d=mm&r=g","url":"https:\/\/secure.gravatar.com\/avatar\/834a03b0c73144a8ca36e17dc365b3fbadb34c9e44399b609a00f2231e694f6a?s=96&d=mm&r=g","contentUrl":"https:\/\/secure.gravatar.com\/avatar\/834a03b0c73144a8ca36e17dc365b3fbadb34c9e44399b609a00f2231e694f6a?s=96&d=mm&r=g","caption":"Daniela Fontana"}}]}},"_links":{"self":[{"href":"https:\/\/www.italtel.com\/it\/wp-json\/wp\/v2\/posts\/81251","targetHints":{"allow":["GET"]}}],"collection":[{"href":"https:\/\/www.italtel.com\/it\/wp-json\/wp\/v2\/posts"}],"about":[{"href":"https:\/\/www.italtel.com\/it\/wp-json\/wp\/v2\/types\/post"}],"author":[{"embeddable":true,"href":"https:\/\/www.italtel.com\/it\/wp-json\/wp\/v2\/users\/6"}],"replies":[{"embeddable":true,"href":"https:\/\/www.italtel.com\/it\/wp-json\/wp\/v2\/comments?post=81251"}],"version-history":[{"count":2,"href":"https:\/\/www.italtel.com\/it\/wp-json\/wp\/v2\/posts\/81251\/revisions"}],"predecessor-version":[{"id":81253,"href":"https:\/\/www.italtel.com\/it\/wp-json\/wp\/v2\/posts\/81251\/revisions\/81253"}],"wp:featuredmedia":[{"embeddable":true,"href":"https:\/\/www.italtel.com\/it\/wp-json\/wp\/v2\/media\/81096"}],"wp:attachment":[{"href":"https:\/\/www.italtel.com\/it\/wp-json\/wp\/v2\/media?parent=81251"}],"wp:term":[{"taxonomy":"category","embeddable":true,"href":"https:\/\/www.italtel.com\/it\/wp-json\/wp\/v2\/categories?post=81251"},{"taxonomy":"post_tag","embeddable":true,"href":"https:\/\/www.italtel.com\/it\/wp-json\/wp\/v2\/tags?post=81251"}],"curies":[{"name":"wp","href":"https:\/\/api.w.org\/{rel}","templated":true}]}}