{"id":82366,"date":"2026-04-28T11:41:29","date_gmt":"2026-04-28T09:41:29","guid":{"rendered":"https:\/\/www.italtel.com\/?p=82366"},"modified":"2026-04-28T11:41:36","modified_gmt":"2026-04-28T09:41:36","slug":"approvato-il-bilancio-2025-di-italtel","status":"publish","type":"post","link":"https:\/\/www.italtel.com\/it\/approvato-il-bilancio-2025-di-italtel\/","title":{"rendered":"Approvato il bilancio 2025 di Italtel"},"content":{"rendered":"\n<div class=\"row\"  id=\"row-167338644\">\n\n\n\t<div id=\"col-183631461\" class=\"col medium-9 small-12 large-9\"  >\n\t\t\t\t<div class=\"col-inner\"  >\n\t\t\t\n\t\t\t\n\n\t<div id=\"gap-1701266870\" class=\"gap-element clearfix\" style=\"display:block; height:auto;\">\n\t\t\n<style>\n#gap-1701266870 {\n  padding-top: 10px;\n}\n<\/style>\n\t<\/div>\n\t\n\n\t<div id=\"text-2928187469\" class=\"text fontsize_18 color_black\">\n\t\t\n\n<h2><strong>Ricavi in crescita a 273,3 milioni di euro ed EBITDA adjusted a 16,3 milioni (+56% YoY)<\/strong><\/h2>\n<ul>\n<li>Il <strong>migliore risultato degli ultimi anni<\/strong>, a conferma della solidit\u00e0 del percorso di trasformazione avviato nel 2024<\/li>\n<li>In Italia cresce del <strong>22% il business Public &amp; Private e del 6% il business Telco &amp; Media<\/strong><\/li>\n<li><strong>Performance solida dell\u2019estero<\/strong> (Europa e LATAM) che rappresenta il <strong>43%<\/strong> dei ricavi totali, con un contributo significativo dei mercati <strong>Germania e Spagna<\/strong><\/li>\n<li><strong>Contribution margin in aumento, attestandosi a circa 21%<\/strong> (+1% YoY)<\/li>\n<li>Confermato il posizionamento su hybrid cloud, reti di nuova generazione, servizi gestiti avanzati, cybersecurity e AI<\/li>\n<\/ul>\n<p><strong>Milano, 28 aprile 2026<\/strong> \u2013 L\u2019Assemblea di Italtel, riunitasi in data odierna sotto la presidenza di Teo Luzi, ha approvato il bilancio relativo all\u2019esercizio 2025. Italtel chiude il 2025 con i migliori risultati degli ultimi anni, confermando la solidit\u00e0 del percorso di crescita del Gruppo. I ricavi si attestano a circa 273,3 milioni di euro mentre l\u2019EBITDA adjusted raggiunge 16,3 milioni di euro, a conferma dell\u2019efficacia del piano di crescita, del miglioramento della redditivit\u00e0 e della capacit\u00e0 dell\u2019azienda di consolidare il proprio posizionamento competitivo.<\/p>\n<p>La performance del Gruppo \u00e8 stata trainata in particolare dall\u2019Italia, dove il segmento Public &amp; Private ha raggiunto 86 milioni di euro, in crescita del 22% anno su anno, mentre il segmento Telco &amp; Media ha registrato ricavi per 71 milioni di euro, in aumento del 6%. Nel corso dell\u2019esercizio, Italtel ha inoltre ampliato la propria base clienti, acquisendo nuovi contratti in settori chiave quali trasporti, banking e media, e consolidando le partnership con i principali operatori del mercato Telco grazie a soluzioni a valore basate su prodotti proprietari e capacit\u00e0 distintive di system integration.<\/p>\n<p>Sui mercati internazionali, nell\u2019area EMEA, la Germania mantiene una performance solida (+13% crescita in termini di ricavi YoY e +1% contribution margin YoY), mentre in Spagna, grazie alle iniziative poste in essere dal management sui progetti a valore e sulla riduzione dei costi operativi, il contribution margin \u00e8 cresciuto del 3,5% YoY.<\/p>\n<p>Per quanto riguarda l\u2019area LATAM, il Brasile ha registrato ricavi in crescita del +21% rispetto al 2024, nonostante l\u2019andamento sfavorevole del tasso di cambio, proseguendo la strategia di ampliamento del portafoglio clienti tra Industry, Utilities, Banking e Telco. Per quanto riguarda il Per\u00f9, l\u2019instabilit\u00e0 politica del 2025 ha ridotto le opportunit\u00e0 di business con la pubblica amministrazione con conseguente impatto sui ricavi, ma l\u2019azienda \u00e8 riuscita a migliorare in termini di marginalit\u00e0.<\/p>\n<p>Nel 2025 Italtel ha avviato un percorso di ricambio generazionale finalizzato a inserire nuove competenze nei settori pi\u00f9 avanzati della tecnologia e a consolidare ulteriormente il presidio sui temi strategici per la trasformazione digitale di operatori, imprese e PA.<\/p>\n<p>Grazie a competenze e attivit\u00e0 di ricerca radicate in Italia, Italtel \u00e8 in grado di offrire un contributo significativo al tema della sovranit\u00e0 digitale, attraverso lo sviluppo e l\u2019ingegnerizzazione di soluzioni tecnologiche sovrane in ambiti che spaziano dalla collaboration alle reti private di nuova generazione, dall\u2019AI applicata all\u2019automazione delle reti fino alle soluzioni software open source integrate su cloud certificati.<\/p>\n<p>Inoltre, riguardo alla cybersecurity, Italtel ha rafforzato il proprio posizionamento grazie ai servizi avanzati del Digital Operation Center, a cui importanti aziende e operatori hanno affidato la protezione dalle minacce informatiche e la gestione delle loro infrastrutture. Gli Advanced Managed Services sono erogati da un team di circa 200 specialisti, operativi nei tre centri attivi in Italia, Spagna e Brasile. La copertura su scala globale, operativa 24\/7, garantisce l\u2019immediata diffusione delle best-practice nell\u2019attivit\u00e0 di contrasto alle crescenti minacce informatiche.<\/p>\n<p>Relativamente all\u2019AI, Italtel ha sviluppato progetti a supporto dei processi interni e a beneficio dei clienti, in ambiti quali automazione delle reti, riconoscimento delle immagini, sistemi di analisi predittiva e analitiche avanzate, con l\u2019obiettivo di rafforzare il proprio ruolo al fianco dei clienti nell\u2019evoluzione delle infrastrutture critiche. Inoltre, Italtel ha avviato le attivit\u00e0 per l\u2019integrazione di componenti di AI nei prodotti proprietari, che rappresentano uno dei principali fattori di differenziazione competitiva della societ\u00e0.<\/p>\n<p>Nel 2025 \u00e8 proseguito anche l\u2019impegno dell\u2019azienda sui temi della sostenibilit\u00e0, con un miglioramento del proprio impatto ambientale e il mantenimento di iniziative concrete a favore della parit\u00e0 di genere.<\/p>\n\t\t\t<\/div>\n\t\n\t<div id=\"gap-1446667206\" class=\"gap-element clearfix\" style=\"display:block; height:auto;\">\n\t\t\n<style>\n#gap-1446667206 {\n  padding-top: 30px;\n}\n<\/style>\n\t<\/div>\n\t\n\n<div class=\"row row-collapse\"  id=\"row-152082205\">\n\n\n\t<div id=\"col-2085330308\" class=\"col medium-2 small-12 large-2\"  >\n\t\t\t\t<div class=\"col-inner\"  >\n\t\t\t\n\t\t\t\n\n\t<div class=\"img has-hover x md-x lg-x y md-y lg-y\" id=\"image_1251091519\">\n\t\t\t\t\t\t\t\t<div class=\"img-inner dark\" >\n\t\t\t<img loading=\"lazy\" decoding=\"async\" width=\"265\" height=\"265\" src=\"https:\/\/www.italtel.com\/wp-content\/uploads\/2026\/04\/filangieri.webp\" class=\"attachment-original size-original\" alt=\"Carlo Filangieri, CEO di Italtel\" srcset=\"https:\/\/www.italtel.com\/wp-content\/uploads\/2026\/04\/filangieri.webp 265w, https:\/\/www.italtel.com\/wp-content\/uploads\/2026\/04\/filangieri-150x150.webp 150w\" sizes=\"auto, (max-width: 265px) 100vw, 265px\" \/>\t\t\t\t\t\t\n\t\t\t\t\t<\/div>\n\t\t\t\t\t\t\t\t\n<style>\n#image_1251091519 {\n  width: 100%;\n}\n<\/style>\n\t<\/div>\n\t\n\n\n\t\t<\/div>\n\t\t\t\t\t<\/div>\n\n\t\n\n\t<div id=\"col-296021559\" class=\"col medium-10 small-12 large-10\"  >\n\t\t\t\t<div class=\"col-inner\"  >\n\t\t\t\n\t\t\t\n\n\t<div id=\"text-1515906756\" class=\"text fontsize_200\">\n\t\t\n\n<p style=\"color: #04c5fe;\">\u201c<\/p>\n\t\t\t<\/div>\n\t\n\t<div id=\"text-3140764523\" class=\"text fontsize_18 color_black\">\n\t\t\n\n<p>\u201cI risultati del 2025 confermano la solidit\u00e0 del percorso intrapreso e la capacit\u00e0 di Italtel di generare valore in un contesto di mercato complesso. Accanto alla crescita economica, abbiamo rafforzato il nostro ruolo di partner su alcune delle priorit\u00e0 oggi centrali per imprese e Pubblica Amministrazione: dalla sovranit\u00e0 digitale alla cybersicurezza, dallo sviluppo dei data center alla riduzione dei consumi energetici con soluzioni innovative, fino all\u2019evoluzione verso reti sempre pi\u00f9 intelligenti e autonome. Continueremo a investire in competenze, innovazione e qualit\u00e0 dell\u2019offerta per accompagnare i nostri clienti nel percorso di trasformazione digitale\u201d.<\/p>\n\t\t\t<\/div>\n\t\n\t<div id=\"text-3386893628\" class=\"text fontsize_18 color_black\">\n\t\t\n\n<p>ha commentato <strong>Carlo Filangieri, Amministratore Delegato di Italtel<\/strong>.<\/p>\n\t\t\n<style>\n#text-3386893628 {\n  text-align: right;\n}\n<\/style>\n\t<\/div>\n\t\n\n\t\t<\/div>\n\t\t\t\t\n<style>\n#col-296021559 > .col-inner {\n  padding: 0px 0px 0px 4rem;\n}\n<\/style>\n\t<\/div>\n\n\t\n\n<\/div>\n<div class=\"row row-collapse\"  id=\"row-1080168796\">\n\n\n\t<div id=\"col-1329121326\" class=\"col medium-2 small-12 large-2\"  >\n\t\t\t\t<div class=\"col-inner\"  >\n\t\t\t\n\t\t\t\n\n\t<div class=\"img has-hover x md-x lg-x y md-y lg-y\" id=\"image_711015715\">\n\t\t\t\t\t\t\t\t<div class=\"img-inner dark\" >\n\t\t\t<img loading=\"lazy\" decoding=\"async\" width=\"1668\" height=\"1668\" src=\"https:\/\/www.italtel.com\/wp-content\/uploads\/2025\/04\/Teo-luzi@2x.webp\" class=\"attachment-original size-original\" alt=\"\" srcset=\"https:\/\/www.italtel.com\/wp-content\/uploads\/2025\/04\/Teo-luzi@2x.webp 1668w, https:\/\/www.italtel.com\/wp-content\/uploads\/2025\/04\/Teo-luzi@2x-300x300.webp 300w, https:\/\/www.italtel.com\/wp-content\/uploads\/2025\/04\/Teo-luzi@2x-1024x1024.webp 1024w, https:\/\/www.italtel.com\/wp-content\/uploads\/2025\/04\/Teo-luzi@2x-150x150.webp 150w, https:\/\/www.italtel.com\/wp-content\/uploads\/2025\/04\/Teo-luzi@2x-768x768.webp 768w, https:\/\/www.italtel.com\/wp-content\/uploads\/2025\/04\/Teo-luzi@2x-1536x1536.webp 1536w\" sizes=\"auto, (max-width: 1668px) 100vw, 1668px\" \/>\t\t\t\t\t\t\n\t\t\t\t\t<\/div>\n\t\t\t\t\t\t\t\t\n<style>\n#image_711015715 {\n  width: 100%;\n}\n<\/style>\n\t<\/div>\n\t\n\n\n\t\t<\/div>\n\t\t\t\t\t<\/div>\n\n\t\n\n\t<div id=\"col-367071894\" class=\"col medium-10 small-12 large-10\"  >\n\t\t\t\t<div class=\"col-inner\"  >\n\t\t\t\n\t\t\t\n\n\t<div id=\"text-3866318187\" class=\"text fontsize_200\">\n\t\t\n\n<p style=\"color: #04c5fe;\">\u201c<\/p>\n\t\t\t<\/div>\n\t\n\t<div id=\"text-2178378897\" class=\"text fontsize_18 color_black\">\n\t\t\n\n<p>&#8220;La visione strategica di Italtel \u00e8 incentrata sull&#8217;innovazione tecnologica come motore di crescita dell&#8217;intero Paese. Siamo consapevoli che la sicurezza cibernetica e l&#8217;uso dell&#8217;intelligenza artificiale sono temi sempre pi\u00f9 centrali nelle aziende e nella pubblica amministrazione e, pertanto, guardiamo al futuro con pragmatismo e ci impegniamo a collaborare attivamente coi clienti per far s\u00ec che le loro infrastrutture digitali siano efficienti, sicure e all&#8217;avanguardia&#8221;.<\/p>\n\t\t\t<\/div>\n\t\n\t<div id=\"text-809775188\" class=\"text fontsize_18 color_black\">\n\t\t\n\n<p>\u00a0ha commentato <strong>Teo Luzi, Presidente di Italtel<\/strong>.<\/p>\n\t\t\n<style>\n#text-809775188 {\n  text-align: right;\n}\n<\/style>\n\t<\/div>\n\t\n\n\t\t<\/div>\n\t\t\t\t\n<style>\n#col-367071894 > .col-inner {\n  padding: 0px 0px 0px 4rem;\n}\n<\/style>\n\t<\/div>\n\n\t\n\n<\/div>\n\n\t\t<\/div>\n\t\t\t\t\n<style>\n#col-183631461 > .col-inner {\n  padding: 6rem 11rem 0px 0px;\n}\n<\/style>\n\t<\/div>\n\n\t\n\n\t<div id=\"col-1614720806\" class=\"col sibebar_col medium-3 small-12 large-3\"  >\n\t\t<div class=\"is-sticky-column\"><div class=\"is-sticky-column__inner\">\t\t<div class=\"col-inner\"  >\n\t\t\t\n\t\t\t\n\n\t<div id=\"text-3421707262\" class=\"text fontsize_16 color_black fontweight_500\">\n\t\t\n\n<p>KEYWORDS<\/p>\n\t\t\t<\/div>\n\t\n<div class=\"is-divider divider clearfix\" style=\"margin-top:2rem;margin-bottom:2rem;max-width:100%;height:1px;background-color:rgba(112, 112, 112, 0.302);\"><\/div>\n\n\t<div id=\"text-2885526154\" class=\"text fontsize_18 color_black\">\n\t\t\n\n<p>FINANCIAL STATEMENTS 2025<\/p>\n\t\t\t<\/div>\n\t\n<div class=\"is-divider divider clearfix\" style=\"margin-top:2rem;margin-bottom:2rem;max-width:100%;height:1px;background-color:rgba(112, 112, 112, 0.302);\"><\/div>\n\n\t<div id=\"text-588342567\" class=\"text fontsize_18 color_black\">\n\t\t\n\n<p>GROWTH PATH<\/p>\n\t\t\t<\/div>\n\t\n<div class=\"is-divider divider clearfix\" style=\"margin-top:2rem;margin-bottom:2rem;max-width:100%;height:1px;background-color:rgba(112, 112, 112, 0.302);\"><\/div>\n\n\t<div id=\"text-1875606788\" class=\"text fontsize_18 color_black\">\n\t\t\n\n<p>COMPANY SOLIDITY<\/p>\n\t\t\t<\/div>\n\t\n<div class=\"is-divider divider clearfix\" style=\"margin-top:2rem;margin-bottom:2rem;max-width:100%;height:1px;background-color:rgba(112, 112, 112, 0.302);\"><\/div>\n\n\t<div id=\"text-4124775528\" class=\"text fontsize_18 color_black\">\n\t\t\n\n<p>EXPANDED CUSTOMER BASE<\/p>\n\t\t\t<\/div>\n\t\n<div class=\"is-divider divider clearfix\" style=\"margin-top:2rem;margin-bottom:2rem;max-width:100%;height:1px;background-color:rgba(112, 112, 112, 0.302);\"><\/div>\n\n\t<div id=\"gap-1679528260\" class=\"gap-element clearfix\" style=\"display:block; height:auto;\">\n\t\t\n<style>\n#gap-1679528260 {\n  padding-top: 13rem;\n}\n<\/style>\n\t<\/div>\n\t\n\n\t<div id=\"text-2153505263\" class=\"text fontsize_16 color_black fontweight_500\">\n\t\t\n\n<p>DOCUMENTS<\/p>\n\t\t\t<\/div>\n\t\n<div class=\"is-divider divider clearfix\" style=\"margin-top:2rem;margin-bottom:2rem;max-width:100%;height:1px;background-color:rgba(112, 112, 112, 0.302);\"><\/div>\n\n\t<div id=\"text-3905461772\" class=\"text fontsize_18 color_black\">\n\t\t\n\n<p><a href=\"https:\/\/www.italtel.com\/wp-content\/uploads\/2026\/04\/CS-bilancio-2025-Italtel.pdf\" target=\"_blank\" rel=\"noopener\">COMUNICATO STAMPA<\/a><\/p>\n\t\t\t<\/div>\n\t\n<div class=\"is-divider divider clearfix\" style=\"margin-top:2rem;margin-bottom:2rem;max-width:100%;height:1px;background-color:rgba(112, 112, 112, 0.302);\"><\/div>\n\n\t<div id=\"gap-1250754485\" class=\"gap-element clearfix\" style=\"display:block; height:auto;\">\n\t\t\n<style>\n#gap-1250754485 {\n  padding-top: 13rem;\n}\n<\/style>\n\t<\/div>\n\t\n\n\t<div id=\"text-1186524079\" class=\"text fontsize_16 color_black fontweight_500\">\n\t\t\n\nSHARE THE PAGE\n\t\t\t<\/div>\n\t\n<div class=\"is-divider divider clearfix\" style=\"margin-top:2rem;margin-bottom:2rem;max-width:100%;height:1px;background-color:rgba(112, 112, 112, 0.302);\"><\/div>\n\n\t<div class=\"img has-hover socialshare_icon linkedin x md-x lg-x y md-y lg-y\" id=\"image_636467960\">\n\t\t\t\t\t\t\t\t<div class=\"img-inner dark\" >\n\t\t\t<img loading=\"lazy\" decoding=\"async\" width=\"1\" height=\"1\" src=\"https:\/\/www.italtel.com\/wp-content\/uploads\/2024\/09\/Linkedin-icon.svg\" class=\"attachment-large size-large\" alt=\"Linkedin-icon\" \/>\t\t\t\t\t\t\n\t\t\t\t\t<\/div>\n\t\t\t\t\t\t\t\t\n<style>\n#image_636467960 {\n  width: 100%;\n}\n<\/style>\n\t<\/div>\n\t\n\n\t<div class=\"img has-hover socialshare_icon instagram x md-x lg-x y md-y lg-y\" id=\"image_1521801957\">\n\t\t\t\t\t\t\t\t<div class=\"img-inner dark\" >\n\t\t\t<img loading=\"lazy\" decoding=\"async\" width=\"27\" height=\"27\" src=\"https:\/\/www.italtel.com\/wp-content\/uploads\/2024\/07\/Raggruppa-12942.png\" class=\"attachment-large size-large\" alt=\"Instagram icon\" \/>\t\t\t\t\t\t\n\t\t\t\t\t<\/div>\n\t\t\t\t\t\t\t\t\n<style>\n#image_1521801957 {\n  width: 100%;\n}\n<\/style>\n\t<\/div>\n\t\n\n\t<div class=\"img has-hover socialshare_icon ex x md-x lg-x y md-y lg-y\" id=\"image_1431093476\">\n\t\t\t\t\t\t\t\t<div class=\"img-inner dark\" >\n\t\t\t<img loading=\"lazy\" decoding=\"async\" width=\"1\" height=\"1\" src=\"https:\/\/www.italtel.com\/wp-content\/uploads\/2024\/09\/X-icon.svg\" class=\"attachment-large size-large\" alt=\"X-icon\" \/>\t\t\t\t\t\t\n\t\t\t\t\t<\/div>\n\t\t\t\t\t\t\t\t\n<style>\n#image_1431093476 {\n  width: 100%;\n}\n<\/style>\n\t<\/div>\n\t\n\n\n\t\t<\/div>\n\t\t<\/div><\/div>\t\t\n<style>\n#col-1614720806 > .is-sticky-column > .is-sticky-column__inner > .col-inner {\n  padding: 6rem 0px 0px 0px;\n}\n<\/style>\n\t<\/div>\n\n\t\n\n<\/div>\n\n","protected":false},"excerpt":{"rendered":"","protected":false},"author":6,"featured_media":46350,"comment_status":"closed","ping_status":"closed","sticky":false,"template":"","format":"standard","meta":{"footnotes":""},"categories":[732],"tags":[953],"class_list":["post-82366","post","type-post","status-publish","format-standard","has-post-thumbnail","hentry","category-comunicato-stampa","tag-company-it"],"yoast_head":"<!-- This site is optimized with the Yoast SEO plugin v27.4 - https:\/\/yoast.com\/product\/yoast-seo-wordpress\/ -->\n<title>Approvato il bilancio 2025 di Italtel - Italtel<\/title>\n<meta name=\"description\" content=\"L\u2019Assemblea di Italtel ha approvato il bilancio relativo all\u2019esercizio 2025. Italtel chiude il 2025 con i migliori risultati degli ultimi anni, confermando la solidit\u00e0 del percorso di crescita del Gruppo.\" \/>\n<meta name=\"robots\" content=\"index, follow, max-snippet:-1, max-image-preview:large, max-video-preview:-1\" \/>\n<link rel=\"canonical\" href=\"https:\/\/www.italtel.com\/it\/approvato-il-bilancio-2025-di-italtel\/\" \/>\n<meta property=\"og:locale\" content=\"it_IT\" \/>\n<meta property=\"og:type\" content=\"article\" \/>\n<meta property=\"og:title\" content=\"Approvato il bilancio 2025 di Italtel - Italtel\" \/>\n<meta property=\"og:description\" content=\"L\u2019Assemblea di Italtel ha approvato il bilancio relativo all\u2019esercizio 2025. Italtel chiude il 2025 con i migliori risultati degli ultimi anni, confermando la solidit\u00e0 del percorso di crescita del Gruppo.\" \/>\n<meta property=\"og:url\" content=\"https:\/\/www.italtel.com\/it\/approvato-il-bilancio-2025-di-italtel\/\" \/>\n<meta property=\"og:site_name\" content=\"Italtel\" \/>\n<meta property=\"article:published_time\" content=\"2026-04-28T09:41:29+00:00\" \/>\n<meta property=\"article:modified_time\" content=\"2026-04-28T09:41:36+00:00\" \/>\n<meta property=\"og:image\" content=\"https:\/\/www.italtel.com\/wp-content\/uploads\/2024\/07\/Gruppo-di-maschere-16.jpg\" \/>\n\t<meta property=\"og:image:width\" content=\"1362\" \/>\n\t<meta property=\"og:image:height\" content=\"650\" \/>\n\t<meta property=\"og:image:type\" content=\"image\/jpeg\" \/>\n<meta name=\"author\" content=\"Daniela Fontana\" \/>\n<meta name=\"twitter:card\" content=\"summary_large_image\" \/>\n<meta name=\"twitter:creator\" content=\"@Italtel\" \/>\n<meta name=\"twitter:site\" content=\"@Italtel\" \/>\n<meta name=\"twitter:label1\" content=\"Scritto da\" \/>\n\t<meta name=\"twitter:data1\" content=\"Daniela Fontana\" \/>\n\t<meta name=\"twitter:label2\" content=\"Tempo di lettura stimato\" \/>\n\t<meta name=\"twitter:data2\" content=\"5 minuti\" \/>\n<script type=\"application\/ld+json\" class=\"yoast-schema-graph\">{\"@context\":\"https:\\\/\\\/schema.org\",\"@graph\":[{\"@type\":\"Article\",\"@id\":\"https:\\\/\\\/www.italtel.com\\\/it\\\/approvato-il-bilancio-2025-di-italtel\\\/#article\",\"isPartOf\":{\"@id\":\"https:\\\/\\\/www.italtel.com\\\/it\\\/approvato-il-bilancio-2025-di-italtel\\\/\"},\"author\":{\"name\":\"Daniela Fontana\",\"@id\":\"https:\\\/\\\/www.italtel.com\\\/de\\\/#\\\/schema\\\/person\\\/38f315d5a978255f0cf320055bad5afe\"},\"headline\":\"Approvato il bilancio 2025 di Italtel\",\"datePublished\":\"2026-04-28T09:41:29+00:00\",\"dateModified\":\"2026-04-28T09:41:36+00:00\",\"mainEntityOfPage\":{\"@id\":\"https:\\\/\\\/www.italtel.com\\\/it\\\/approvato-il-bilancio-2025-di-italtel\\\/\"},\"wordCount\":1178,\"publisher\":{\"@id\":\"https:\\\/\\\/www.italtel.com\\\/de\\\/#organization\"},\"image\":{\"@id\":\"https:\\\/\\\/www.italtel.com\\\/it\\\/approvato-il-bilancio-2025-di-italtel\\\/#primaryimage\"},\"thumbnailUrl\":\"https:\\\/\\\/www.italtel.com\\\/wp-content\\\/uploads\\\/2024\\\/07\\\/Gruppo-di-maschere-16.jpg\",\"keywords\":[\"Company\"],\"articleSection\":[\"Comunicato stampa\"],\"inLanguage\":\"it-IT\"},{\"@type\":\"WebPage\",\"@id\":\"https:\\\/\\\/www.italtel.com\\\/it\\\/approvato-il-bilancio-2025-di-italtel\\\/\",\"url\":\"https:\\\/\\\/www.italtel.com\\\/it\\\/approvato-il-bilancio-2025-di-italtel\\\/\",\"name\":\"Approvato il bilancio 2025 di Italtel - Italtel\",\"isPartOf\":{\"@id\":\"https:\\\/\\\/www.italtel.com\\\/de\\\/#website\"},\"primaryImageOfPage\":{\"@id\":\"https:\\\/\\\/www.italtel.com\\\/it\\\/approvato-il-bilancio-2025-di-italtel\\\/#primaryimage\"},\"image\":{\"@id\":\"https:\\\/\\\/www.italtel.com\\\/it\\\/approvato-il-bilancio-2025-di-italtel\\\/#primaryimage\"},\"thumbnailUrl\":\"https:\\\/\\\/www.italtel.com\\\/wp-content\\\/uploads\\\/2024\\\/07\\\/Gruppo-di-maschere-16.jpg\",\"datePublished\":\"2026-04-28T09:41:29+00:00\",\"dateModified\":\"2026-04-28T09:41:36+00:00\",\"description\":\"L\u2019Assemblea di Italtel ha approvato il bilancio relativo all\u2019esercizio 2025. Italtel chiude il 2025 con i migliori risultati degli ultimi anni, confermando la solidit\u00e0 del percorso di crescita del Gruppo.\",\"breadcrumb\":{\"@id\":\"https:\\\/\\\/www.italtel.com\\\/it\\\/approvato-il-bilancio-2025-di-italtel\\\/#breadcrumb\"},\"inLanguage\":\"it-IT\",\"potentialAction\":[{\"@type\":\"ReadAction\",\"target\":[\"https:\\\/\\\/www.italtel.com\\\/it\\\/approvato-il-bilancio-2025-di-italtel\\\/\"]}]},{\"@type\":\"ImageObject\",\"inLanguage\":\"it-IT\",\"@id\":\"https:\\\/\\\/www.italtel.com\\\/it\\\/approvato-il-bilancio-2025-di-italtel\\\/#primaryimage\",\"url\":\"https:\\\/\\\/www.italtel.com\\\/wp-content\\\/uploads\\\/2024\\\/07\\\/Gruppo-di-maschere-16.jpg\",\"contentUrl\":\"https:\\\/\\\/www.italtel.com\\\/wp-content\\\/uploads\\\/2024\\\/07\\\/Gruppo-di-maschere-16.jpg\",\"width\":1362,\"height\":650},{\"@type\":\"BreadcrumbList\",\"@id\":\"https:\\\/\\\/www.italtel.com\\\/it\\\/approvato-il-bilancio-2025-di-italtel\\\/#breadcrumb\",\"itemListElement\":[{\"@type\":\"ListItem\",\"position\":1,\"name\":\"Home\",\"item\":\"https:\\\/\\\/www.italtel.com\\\/it\\\/\"},{\"@type\":\"ListItem\",\"position\":2,\"name\":\"Approvato il bilancio 2025 di Italtel\"}]},{\"@type\":\"WebSite\",\"@id\":\"https:\\\/\\\/www.italtel.com\\\/de\\\/#website\",\"url\":\"https:\\\/\\\/www.italtel.com\\\/de\\\/\",\"name\":\"Italtel\",\"description\":\"Italtel Group&#039;s company website\",\"publisher\":{\"@id\":\"https:\\\/\\\/www.italtel.com\\\/de\\\/#organization\"},\"potentialAction\":[{\"@type\":\"SearchAction\",\"target\":{\"@type\":\"EntryPoint\",\"urlTemplate\":\"https:\\\/\\\/www.italtel.com\\\/de\\\/?s={search_term_string}\"},\"query-input\":{\"@type\":\"PropertyValueSpecification\",\"valueRequired\":true,\"valueName\":\"search_term_string\"}}],\"inLanguage\":\"it-IT\"},{\"@type\":\"Organization\",\"@id\":\"https:\\\/\\\/www.italtel.com\\\/de\\\/#organization\",\"name\":\"Italtel S.p.A.\",\"url\":\"https:\\\/\\\/www.italtel.com\\\/de\\\/\",\"logo\":{\"@type\":\"ImageObject\",\"inLanguage\":\"it-IT\",\"@id\":\"https:\\\/\\\/www.italtel.com\\\/de\\\/#\\\/schema\\\/logo\\\/image\\\/\",\"url\":\"https:\\\/\\\/www.italtel.com\\\/wp-content\\\/uploads\\\/2024\\\/11\\\/Italtel_logo.png\",\"contentUrl\":\"https:\\\/\\\/www.italtel.com\\\/wp-content\\\/uploads\\\/2024\\\/11\\\/Italtel_logo.png\",\"width\":591,\"height\":139,\"caption\":\"Italtel S.p.A.\"},\"image\":{\"@id\":\"https:\\\/\\\/www.italtel.com\\\/de\\\/#\\\/schema\\\/logo\\\/image\\\/\"},\"sameAs\":[\"https:\\\/\\\/x.com\\\/Italtel\",\"https:\\\/\\\/www.linkedin.com\\\/company\\\/italtel\\\/\",\"https:\\\/\\\/www.instagram.com\\\/italtel_hq\\\/\"]},{\"@type\":\"Person\",\"@id\":\"https:\\\/\\\/www.italtel.com\\\/de\\\/#\\\/schema\\\/person\\\/38f315d5a978255f0cf320055bad5afe\",\"name\":\"Daniela Fontana\",\"image\":{\"@type\":\"ImageObject\",\"inLanguage\":\"it-IT\",\"@id\":\"https:\\\/\\\/secure.gravatar.com\\\/avatar\\\/834a03b0c73144a8ca36e17dc365b3fbadb34c9e44399b609a00f2231e694f6a?s=96&d=mm&r=g\",\"url\":\"https:\\\/\\\/secure.gravatar.com\\\/avatar\\\/834a03b0c73144a8ca36e17dc365b3fbadb34c9e44399b609a00f2231e694f6a?s=96&d=mm&r=g\",\"contentUrl\":\"https:\\\/\\\/secure.gravatar.com\\\/avatar\\\/834a03b0c73144a8ca36e17dc365b3fbadb34c9e44399b609a00f2231e694f6a?s=96&d=mm&r=g\",\"caption\":\"Daniela Fontana\"}}]}<\/script>\n<!-- \/ Yoast SEO plugin. -->","yoast_head_json":{"title":"Approvato il bilancio 2025 di Italtel - Italtel","description":"L\u2019Assemblea di Italtel ha approvato il bilancio relativo all\u2019esercizio 2025. Italtel chiude il 2025 con i migliori risultati degli ultimi anni, confermando la solidit\u00e0 del percorso di crescita del Gruppo.","robots":{"index":"index","follow":"follow","max-snippet":"max-snippet:-1","max-image-preview":"max-image-preview:large","max-video-preview":"max-video-preview:-1"},"canonical":"https:\/\/www.italtel.com\/it\/approvato-il-bilancio-2025-di-italtel\/","og_locale":"it_IT","og_type":"article","og_title":"Approvato il bilancio 2025 di Italtel - Italtel","og_description":"L\u2019Assemblea di Italtel ha approvato il bilancio relativo all\u2019esercizio 2025. Italtel chiude il 2025 con i migliori risultati degli ultimi anni, confermando la solidit\u00e0 del percorso di crescita del Gruppo.","og_url":"https:\/\/www.italtel.com\/it\/approvato-il-bilancio-2025-di-italtel\/","og_site_name":"Italtel","article_published_time":"2026-04-28T09:41:29+00:00","article_modified_time":"2026-04-28T09:41:36+00:00","og_image":[{"width":1362,"height":650,"url":"https:\/\/www.italtel.com\/wp-content\/uploads\/2024\/07\/Gruppo-di-maschere-16.jpg","type":"image\/jpeg"}],"author":"Daniela Fontana","twitter_card":"summary_large_image","twitter_creator":"@Italtel","twitter_site":"@Italtel","twitter_misc":{"Scritto da":"Daniela Fontana","Tempo di lettura stimato":"5 minuti"},"schema":{"@context":"https:\/\/schema.org","@graph":[{"@type":"Article","@id":"https:\/\/www.italtel.com\/it\/approvato-il-bilancio-2025-di-italtel\/#article","isPartOf":{"@id":"https:\/\/www.italtel.com\/it\/approvato-il-bilancio-2025-di-italtel\/"},"author":{"name":"Daniela Fontana","@id":"https:\/\/www.italtel.com\/de\/#\/schema\/person\/38f315d5a978255f0cf320055bad5afe"},"headline":"Approvato il bilancio 2025 di Italtel","datePublished":"2026-04-28T09:41:29+00:00","dateModified":"2026-04-28T09:41:36+00:00","mainEntityOfPage":{"@id":"https:\/\/www.italtel.com\/it\/approvato-il-bilancio-2025-di-italtel\/"},"wordCount":1178,"publisher":{"@id":"https:\/\/www.italtel.com\/de\/#organization"},"image":{"@id":"https:\/\/www.italtel.com\/it\/approvato-il-bilancio-2025-di-italtel\/#primaryimage"},"thumbnailUrl":"https:\/\/www.italtel.com\/wp-content\/uploads\/2024\/07\/Gruppo-di-maschere-16.jpg","keywords":["Company"],"articleSection":["Comunicato stampa"],"inLanguage":"it-IT"},{"@type":"WebPage","@id":"https:\/\/www.italtel.com\/it\/approvato-il-bilancio-2025-di-italtel\/","url":"https:\/\/www.italtel.com\/it\/approvato-il-bilancio-2025-di-italtel\/","name":"Approvato il bilancio 2025 di Italtel - Italtel","isPartOf":{"@id":"https:\/\/www.italtel.com\/de\/#website"},"primaryImageOfPage":{"@id":"https:\/\/www.italtel.com\/it\/approvato-il-bilancio-2025-di-italtel\/#primaryimage"},"image":{"@id":"https:\/\/www.italtel.com\/it\/approvato-il-bilancio-2025-di-italtel\/#primaryimage"},"thumbnailUrl":"https:\/\/www.italtel.com\/wp-content\/uploads\/2024\/07\/Gruppo-di-maschere-16.jpg","datePublished":"2026-04-28T09:41:29+00:00","dateModified":"2026-04-28T09:41:36+00:00","description":"L\u2019Assemblea di Italtel ha approvato il bilancio relativo all\u2019esercizio 2025. Italtel chiude il 2025 con i migliori risultati degli ultimi anni, confermando la solidit\u00e0 del percorso di crescita del Gruppo.","breadcrumb":{"@id":"https:\/\/www.italtel.com\/it\/approvato-il-bilancio-2025-di-italtel\/#breadcrumb"},"inLanguage":"it-IT","potentialAction":[{"@type":"ReadAction","target":["https:\/\/www.italtel.com\/it\/approvato-il-bilancio-2025-di-italtel\/"]}]},{"@type":"ImageObject","inLanguage":"it-IT","@id":"https:\/\/www.italtel.com\/it\/approvato-il-bilancio-2025-di-italtel\/#primaryimage","url":"https:\/\/www.italtel.com\/wp-content\/uploads\/2024\/07\/Gruppo-di-maschere-16.jpg","contentUrl":"https:\/\/www.italtel.com\/wp-content\/uploads\/2024\/07\/Gruppo-di-maschere-16.jpg","width":1362,"height":650},{"@type":"BreadcrumbList","@id":"https:\/\/www.italtel.com\/it\/approvato-il-bilancio-2025-di-italtel\/#breadcrumb","itemListElement":[{"@type":"ListItem","position":1,"name":"Home","item":"https:\/\/www.italtel.com\/it\/"},{"@type":"ListItem","position":2,"name":"Approvato il bilancio 2025 di Italtel"}]},{"@type":"WebSite","@id":"https:\/\/www.italtel.com\/de\/#website","url":"https:\/\/www.italtel.com\/de\/","name":"Italtel","description":"Italtel Group&#039;s company website","publisher":{"@id":"https:\/\/www.italtel.com\/de\/#organization"},"potentialAction":[{"@type":"SearchAction","target":{"@type":"EntryPoint","urlTemplate":"https:\/\/www.italtel.com\/de\/?s={search_term_string}"},"query-input":{"@type":"PropertyValueSpecification","valueRequired":true,"valueName":"search_term_string"}}],"inLanguage":"it-IT"},{"@type":"Organization","@id":"https:\/\/www.italtel.com\/de\/#organization","name":"Italtel S.p.A.","url":"https:\/\/www.italtel.com\/de\/","logo":{"@type":"ImageObject","inLanguage":"it-IT","@id":"https:\/\/www.italtel.com\/de\/#\/schema\/logo\/image\/","url":"https:\/\/www.italtel.com\/wp-content\/uploads\/2024\/11\/Italtel_logo.png","contentUrl":"https:\/\/www.italtel.com\/wp-content\/uploads\/2024\/11\/Italtel_logo.png","width":591,"height":139,"caption":"Italtel S.p.A."},"image":{"@id":"https:\/\/www.italtel.com\/de\/#\/schema\/logo\/image\/"},"sameAs":["https:\/\/x.com\/Italtel","https:\/\/www.linkedin.com\/company\/italtel\/","https:\/\/www.instagram.com\/italtel_hq\/"]},{"@type":"Person","@id":"https:\/\/www.italtel.com\/de\/#\/schema\/person\/38f315d5a978255f0cf320055bad5afe","name":"Daniela Fontana","image":{"@type":"ImageObject","inLanguage":"it-IT","@id":"https:\/\/secure.gravatar.com\/avatar\/834a03b0c73144a8ca36e17dc365b3fbadb34c9e44399b609a00f2231e694f6a?s=96&d=mm&r=g","url":"https:\/\/secure.gravatar.com\/avatar\/834a03b0c73144a8ca36e17dc365b3fbadb34c9e44399b609a00f2231e694f6a?s=96&d=mm&r=g","contentUrl":"https:\/\/secure.gravatar.com\/avatar\/834a03b0c73144a8ca36e17dc365b3fbadb34c9e44399b609a00f2231e694f6a?s=96&d=mm&r=g","caption":"Daniela Fontana"}}]}},"_links":{"self":[{"href":"https:\/\/www.italtel.com\/it\/wp-json\/wp\/v2\/posts\/82366","targetHints":{"allow":["GET"]}}],"collection":[{"href":"https:\/\/www.italtel.com\/it\/wp-json\/wp\/v2\/posts"}],"about":[{"href":"https:\/\/www.italtel.com\/it\/wp-json\/wp\/v2\/types\/post"}],"author":[{"embeddable":true,"href":"https:\/\/www.italtel.com\/it\/wp-json\/wp\/v2\/users\/6"}],"replies":[{"embeddable":true,"href":"https:\/\/www.italtel.com\/it\/wp-json\/wp\/v2\/comments?post=82366"}],"version-history":[{"count":3,"href":"https:\/\/www.italtel.com\/it\/wp-json\/wp\/v2\/posts\/82366\/revisions"}],"predecessor-version":[{"id":82379,"href":"https:\/\/www.italtel.com\/it\/wp-json\/wp\/v2\/posts\/82366\/revisions\/82379"}],"wp:featuredmedia":[{"embeddable":true,"href":"https:\/\/www.italtel.com\/it\/wp-json\/wp\/v2\/media\/46350"}],"wp:attachment":[{"href":"https:\/\/www.italtel.com\/it\/wp-json\/wp\/v2\/media?parent=82366"}],"wp:term":[{"taxonomy":"category","embeddable":true,"href":"https:\/\/www.italtel.com\/it\/wp-json\/wp\/v2\/categories?post=82366"},{"taxonomy":"post_tag","embeddable":true,"href":"https:\/\/www.italtel.com\/it\/wp-json\/wp\/v2\/tags?post=82366"}],"curies":[{"name":"wp","href":"https:\/\/api.w.org\/{rel}","templated":true}]}}