{"id":68343,"date":"2025-02-14T10:19:14","date_gmt":"2025-02-14T08:19:14","guid":{"rendered":"https:\/\/www.italtel.com\/the-board-of-directors-of-italtel-appoints-carlo-filangieri-as-new-ceo\/"},"modified":"2025-02-14T12:00:01","modified_gmt":"2025-02-14T10:00:01","slug":"the-board-of-directors-of-italtel-appoints-carlo-filangieri-as-new-ceo","status":"publish","type":"post","link":"https:\/\/www.italtel.com\/pt-br\/the-board-of-directors-of-italtel-appoints-carlo-filangieri-as-new-ceo\/","title":{"rendered":"O Conselho de Administra\u00e7\u00e3o da Italtel nomeia Carlo Filangieri como novo CEO"},"content":{"rendered":"\n<div class=\"row\"  id=\"row-1514348637\">\n\n\n\t<div id=\"col-486524978\" class=\"col medium-9 small-12 large-9\"  >\n\t\t\t\t<div class=\"col-inner\"  >\n\t\t\t\n\t\t\t\n\n\t<div id=\"text-2973267339\" class=\"text fontsize_18 color_black\">\n\t\t\n\n<p data-start=\"56\" data-end=\"484\"><strong>Mil\u00e3o, 14 de fevereiro de 2025 \u2013<\/strong> O Conselho de Administra\u00e7\u00e3o da Italtel, uma multinacional de Tecnologia da Informa\u00e7\u00e3o e Comunica\u00e7\u00e3o especializada em solu\u00e7\u00f5es e servi\u00e7os para a transforma\u00e7\u00e3o digital, nomeou Carlo Filangieri como o novo CEO da Italtel, sucedendo Benedetto Di Salvo, que liderou a empresa por tr\u00eas anos. A decis\u00e3o marca um passo importante na consolida\u00e7\u00e3o da posi\u00e7\u00e3o de lideran\u00e7a da empresa no mercado de TIC.<\/p>\n<p data-start=\"486\" data-end=\"851\">Carlo Filangieri, engenheiro eletr\u00f4nico, tem mais de 25 anos de experi\u00eancia profissional na ind\u00fastria, tendo ocupado cargos de lideran\u00e7a na It\u00e1lia e no exterior. Foi CEO da FiberCop de mar\u00e7o de 2021 a junho de 2024, contribuindo para a cria\u00e7\u00e3o do maior operador de telecomunica\u00e7\u00f5es por atacado da It\u00e1lia e para o desenvolvimento da rede nacional de fibra \u00f3tica.<\/p>\n<p data-start=\"853\" data-end=\"1149\">Na TIM, liderou a organiza\u00e7\u00e3o respons\u00e1vel pelo desenvolvimento e manuten\u00e7\u00e3o da rede de acesso (Open Access), a \u00e1rea de neg\u00f3cios do Mercado Atacado, gerando receitas de cerca de 2 bilh\u00f5es de euros, e a infraestrutura de TI, com o lan\u00e7amento dos primeiros servi\u00e7os de Cloud Computing na It\u00e1lia.<\/p>\n<p data-start=\"1151\" data-end=\"1411\">De 2012 a 2014, foi CTO da TIM Brasil, onde ajudou a melhorar os servi\u00e7os oferecidos pela empresa, com o lan\u00e7amento de um dos primeiros projetos de Active Sharing do mundo e o desenvolvimento do servi\u00e7o de fibra TIM Live nas principais cidades brasileiras.<\/p>\n<p data-start=\"1413\" data-end=\"1638\">Tamb\u00e9m atuou como diretor em diversos conselhos (TIM Brasil, Trentino NGN, Flash Fiber) e supervisionou diversos projetos de fus\u00f5es e aquisi\u00e7\u00f5es, incluindo a cis\u00e3o das torres no Brasil e a separa\u00e7\u00e3o da FiberCop na It\u00e1lia.<\/p>\n\t\t\t<\/div>\n\t\n<div class=\"row row-collapse\"  id=\"row-1975744587\">\n\n\n\t<div id=\"col-1629499492\" class=\"col medium-2 small-12 large-2\"  >\n\t\t\t\t<div class=\"col-inner\"  >\n\t\t\t\n\t\t\t\n\n\t<div class=\"img has-hover x md-x lg-x y md-y lg-y\" id=\"image_2098857680\">\n\t\t\t\t\t\t\t\t<div class=\"img-inner dark\" >\n\t\t\t<img loading=\"lazy\" decoding=\"async\" width=\"600\" height=\"600\" src=\"https:\/\/www.italtel.com\/wp-content\/uploads\/2025\/02\/Carlo_Filangier_cerchio.png\" class=\"attachment-original size-original\" alt=\"Carlo Filangieri\" srcset=\"https:\/\/www.italtel.com\/wp-content\/uploads\/2025\/02\/Carlo_Filangier_cerchio.png 600w, https:\/\/www.italtel.com\/wp-content\/uploads\/2025\/02\/Carlo_Filangier_cerchio-300x300.png 300w, https:\/\/www.italtel.com\/wp-content\/uploads\/2025\/02\/Carlo_Filangier_cerchio-150x150.png 150w\" sizes=\"auto, (max-width: 600px) 100vw, 600px\" \/>\t\t\t\t\t\t\n\t\t\t\t\t<\/div>\n\t\t\t\t\t\t\t\t\n<style>\n#image_2098857680 {\n  width: 100%;\n}\n<\/style>\n\t<\/div>\n\t\n\n\n\t\t<\/div>\n\t\t\t\t\t<\/div>\n\n\t\n\n\t<div id=\"col-1465274539\" class=\"col medium-10 small-12 large-10\"  >\n\t\t\t\t<div class=\"col-inner\"  >\n\t\t\t\n\t\t\t\n\n\t<div id=\"text-2661943953\" class=\"text fontsize_200\">\n\t\t\n\n<p style=\"color: #04c5fe;\">\u201c<\/p>\n\t\t\t<\/div>\n\t\n\t<div id=\"text-758906562\" class=\"text fontsize_18 color_black\">\n\t\t\n\n<p data-start=\"46\" data-end=\"530\"><em>&#8220;Tenho orgulho de assumir a lideran\u00e7a da Italtel, uma empresa que tem contribu\u00eddo de forma significativa para o crescimento industrial e tecnol\u00f3gico do pa\u00eds h\u00e1 mais de 100 anos e cujos valores compartilho em seu DNA: especializa\u00e7\u00e3o, inova\u00e7\u00e3o e foco no cliente&#8221;, <\/em>afirma <strong>Carlo Filangieri<\/strong>. <em>&#8220;Pretendo partir daqui e da experi\u00eancia relevante adquirida no contexto multinacional para consolidar e acelerar a digitaliza\u00e7\u00e3o e o desenvolvimento de nossos clientes na It\u00e1lia e no exterior.&#8221;<\/em><\/p>\n<p data-start=\"532\" data-end=\"582\" data-is-last-node=\"\">\u00a0<\/p>\n\t\t\t<\/div>\n\t\n\n\t\t<\/div>\n\t\t\t\t\n<style>\n#col-1465274539 > .col-inner {\n  padding: 0px 0px 0px 4rem;\n}\n<\/style>\n\t<\/div>\n\n\t\n\n<\/div>\n\t<div id=\"text-827404156\" class=\"text fontsize_18 color_black\">\n\t\t\n\n<p data-start=\"46\" data-end=\"469\">A Italtel possui capacidades de engenharia reconhecidas no mercado nos temas de design, desenvolvimento e implanta\u00e7\u00e3o de infraestrutura de rede e solu\u00e7\u00f5es tecnol\u00f3gicas inovadoras, um forte ecossistema de parceiros, capacidade de projetar e entregar servi\u00e7os avan\u00e7ados e gerenciados, e uma oferta que cobre os temas mais avan\u00e7ados de transforma\u00e7\u00e3o digital, como redes e 5G, nuvem h\u00edbrida, ciberseguran\u00e7a, automa\u00e7\u00e3o e IA.<\/p>\n<p data-start=\"471\" data-end=\"667\">O capital social da Italtel \u00e9 detido 71,38% pela Nextalia, por meio do fundo \u201cNextalia Credit Opportunities\u201d, e os 28,62% restantes pela Clessidra, por meio do fundo \u201cClessidra Restructuring\u201d.<\/p>\n\t\t\t<\/div>\n\t\n\n\t\t<\/div>\n\t\t\t\t\n<style>\n#col-486524978 > .col-inner {\n  padding: 6rem 11rem 0px 0px;\n}\n<\/style>\n\t<\/div>\n\n\t\n\n\t<div id=\"col-502563748\" class=\"col sibebar_col medium-3 small-12 large-3\"  >\n\t\t<div class=\"is-sticky-column\"><div class=\"is-sticky-column__inner\">\t\t<div class=\"col-inner\"  >\n\t\t\t\n\t\t\t\n\n\t<div id=\"text-1482603000\" class=\"text fontsize_16 color_black fontweight_500\">\n\t\t\n\n<p>KEYWORDS<\/p>\n\t\t\t<\/div>\n\t\n<div class=\"is-divider divider clearfix\" style=\"margin-top:2rem;margin-bottom:2rem;max-width:100%;height:1px;background-color:rgba(112, 112, 112, 0.302);\"><\/div>\n\n\t<div id=\"text-357962101\" class=\"text fontsize_18 color_black\">\n\t\t\n\n<p>LEADERSHIP<\/p>\n\t\t\t<\/div>\n\t\n<div class=\"is-divider divider clearfix\" style=\"margin-top:2rem;margin-bottom:2rem;max-width:100%;height:1px;background-color:rgba(112, 112, 112, 0.302);\"><\/div>\n\n\t<div id=\"text-573157524\" class=\"text fontsize_18 color_black\">\n\t\t\n\n<p>EXPERIENCE<\/p>\n\t\t\t<\/div>\n\t\n<div class=\"is-divider divider clearfix\" style=\"margin-top:2rem;margin-bottom:2rem;max-width:100%;height:1px;background-color:rgba(112, 112, 112, 0.302);\"><\/div>\n\n\t<div id=\"gap-268514006\" class=\"gap-element clearfix\" style=\"display:block; height:auto;\">\n\t\t\n<style>\n#gap-268514006 {\n  padding-top: 13rem;\n}\n<\/style>\n\t<\/div>\n\t\n\n\t<div id=\"text-338854356\" class=\"text fontsize_16 color_black fontweight_500\">\n\t\t\n\n<p>DOCUMENTS<\/p>\n\t\t\t<\/div>\n\t\n<div class=\"is-divider divider clearfix\" style=\"margin-top:2rem;margin-bottom:2rem;max-width:100%;height:1px;background-color:rgba(112, 112, 112, 0.302);\"><\/div>\n\n\t<div id=\"text-3367397823\" class=\"text fontsize_18 color_black\">\n\t\t\n\n<p><a href=\"https:\/\/www.italtel.com\/wp-content\/uploads\/2025\/02\/PR-Italtel-new-CEO-1.pdf\" target=\"_blank\" rel=\"noopener\">PRESS RELEASE<\/a> (ENGLISH)<\/p>\n\n\t\t\t<\/div>\n\t\n<div class=\"is-divider divider clearfix\" style=\"margin-top:2rem;margin-bottom:2rem;max-width:100%;height:1px;background-color:rgba(112, 112, 112, 0.302);\"><\/div>\n\n\t<div id=\"gap-870107888\" class=\"gap-element clearfix\" style=\"display:block; height:auto;\">\n\t\t\n<style>\n#gap-870107888 {\n  padding-top: 13rem;\n}\n<\/style>\n\t<\/div>\n\t\n\n\t<div id=\"text-114003210\" class=\"text fontsize_16 color_black fontweight_500\">\n\t\t\n\nSHARE THE PAGE\n\t\t\t<\/div>\n\t\n<div class=\"is-divider divider clearfix\" style=\"margin-top:2rem;margin-bottom:2rem;max-width:100%;height:1px;background-color:rgba(112, 112, 112, 0.302);\"><\/div>\n\n\t<div class=\"img has-hover socialshare_icon linkedin x md-x lg-x y md-y lg-y\" id=\"image_437720072\">\n\t\t\t\t\t\t\t\t<div class=\"img-inner dark\" >\n\t\t\t<img loading=\"lazy\" decoding=\"async\" width=\"1\" height=\"1\" src=\"https:\/\/www.italtel.com\/wp-content\/uploads\/2024\/09\/Linkedin-icon.svg\" class=\"attachment-large size-large\" alt=\"Linkedin-icon\" \/>\t\t\t\t\t\t\n\t\t\t\t\t<\/div>\n\t\t\t\t\t\t\t\t\n<style>\n#image_437720072 {\n  width: 100%;\n}\n<\/style>\n\t<\/div>\n\t\n\n\t<div class=\"img has-hover socialshare_icon instagram x md-x lg-x y md-y lg-y\" id=\"image_1098076079\">\n\t\t\t\t\t\t\t\t<div class=\"img-inner dark\" >\n\t\t\t<img loading=\"lazy\" decoding=\"async\" width=\"27\" height=\"27\" src=\"https:\/\/www.italtel.com\/wp-content\/uploads\/2024\/07\/Raggruppa-12942.png\" class=\"attachment-large size-large\" alt=\"Instagram icon\" \/>\t\t\t\t\t\t\n\t\t\t\t\t<\/div>\n\t\t\t\t\t\t\t\t\n<style>\n#image_1098076079 {\n  width: 100%;\n}\n<\/style>\n\t<\/div>\n\t\n\n\t<div class=\"img has-hover socialshare_icon ex x md-x lg-x y md-y lg-y\" id=\"image_499963693\">\n\t\t\t\t\t\t\t\t<div class=\"img-inner dark\" >\n\t\t\t<img loading=\"lazy\" decoding=\"async\" width=\"1\" height=\"1\" src=\"https:\/\/www.italtel.com\/wp-content\/uploads\/2024\/09\/X-icon.svg\" class=\"attachment-large size-large\" alt=\"X-icon\" \/>\t\t\t\t\t\t\n\t\t\t\t\t<\/div>\n\t\t\t\t\t\t\t\t\n<style>\n#image_499963693 {\n  width: 100%;\n}\n<\/style>\n\t<\/div>\n\t\n\n\n\t\t<\/div>\n\t\t<\/div><\/div>\t\t\n<style>\n#col-502563748 > .is-sticky-column > .is-sticky-column__inner > .col-inner {\n  padding: 6rem 0px 0px 0px;\n}\n<\/style>\n\t<\/div>\n\n\t\n\n<\/div>\n\n","protected":false},"excerpt":{"rendered":"","protected":false},"author":6,"featured_media":68279,"comment_status":"closed","ping_status":"closed","sticky":false,"template":"","format":"standard","meta":{"footnotes":""},"categories":[955],"tags":[956],"class_list":["post-68343","post","type-post","status-publish","format-standard","has-post-thumbnail","hentry","category-press-release-pt-br","tag-company-pt-br"],"yoast_head":"<!-- This site is optimized with the Yoast SEO plugin v27.4 - https:\/\/yoast.com\/product\/yoast-seo-wordpress\/ -->\n<title>O Conselho de Administra\u00e7\u00e3o da Italtel nomeia Carlo Filangieri como novo CEO - Italtel<\/title>\n<meta name=\"robots\" content=\"index, follow, max-snippet:-1, max-image-preview:large, max-video-preview:-1\" \/>\n<link rel=\"canonical\" href=\"https:\/\/www.italtel.com\/pt-br\/the-board-of-directors-of-italtel-appoints-carlo-filangieri-as-new-ceo\/\" \/>\n<meta property=\"og:locale\" content=\"pt_BR\" \/>\n<meta property=\"og:type\" content=\"article\" \/>\n<meta property=\"og:title\" content=\"O Conselho de Administra\u00e7\u00e3o da Italtel nomeia Carlo Filangieri como novo CEO - Italtel\" \/>\n<meta property=\"og:url\" content=\"https:\/\/www.italtel.com\/pt-br\/the-board-of-directors-of-italtel-appoints-carlo-filangieri-as-new-ceo\/\" \/>\n<meta property=\"og:site_name\" content=\"Italtel\" \/>\n<meta property=\"article:published_time\" content=\"2025-02-14T08:19:14+00:00\" \/>\n<meta property=\"article:modified_time\" content=\"2025-02-14T10:00:01+00:00\" \/>\n<meta property=\"og:image\" content=\"https:\/\/www.italtel.com\/wp-content\/uploads\/2025\/02\/Carlo_Filangieri_CEO-scaled.jpg\" \/>\n\t<meta property=\"og:image:width\" content=\"2560\" \/>\n\t<meta property=\"og:image:height\" content=\"1920\" \/>\n\t<meta property=\"og:image:type\" content=\"image\/jpeg\" \/>\n<meta name=\"author\" content=\"Daniela Fontana\" \/>\n<meta name=\"twitter:card\" content=\"summary_large_image\" \/>\n<meta name=\"twitter:creator\" content=\"@Italtel\" \/>\n<meta name=\"twitter:site\" content=\"@Italtel\" \/>\n<meta name=\"twitter:label1\" content=\"Escrito por\" \/>\n\t<meta name=\"twitter:data1\" content=\"Daniela Fontana\" \/>\n\t<meta name=\"twitter:label2\" content=\"Est. tempo de leitura\" \/>\n\t<meta name=\"twitter:data2\" content=\"1 minuto\" \/>\n<script type=\"application\/ld+json\" class=\"yoast-schema-graph\">{\"@context\":\"https:\\\/\\\/schema.org\",\"@graph\":[{\"@type\":\"Article\",\"@id\":\"https:\\\/\\\/www.italtel.com\\\/pt-br\\\/the-board-of-directors-of-italtel-appoints-carlo-filangieri-as-new-ceo\\\/#article\",\"isPartOf\":{\"@id\":\"https:\\\/\\\/www.italtel.com\\\/pt-br\\\/the-board-of-directors-of-italtel-appoints-carlo-filangieri-as-new-ceo\\\/\"},\"author\":{\"name\":\"Daniela Fontana\",\"@id\":\"https:\\\/\\\/www.italtel.com\\\/de\\\/#\\\/schema\\\/person\\\/38f315d5a978255f0cf320055bad5afe\"},\"headline\":\"O Conselho de Administra\u00e7\u00e3o da Italtel nomeia Carlo Filangieri como novo CEO\",\"datePublished\":\"2025-02-14T08:19:14+00:00\",\"dateModified\":\"2025-02-14T10:00:01+00:00\",\"mainEntityOfPage\":{\"@id\":\"https:\\\/\\\/www.italtel.com\\\/pt-br\\\/the-board-of-directors-of-italtel-appoints-carlo-filangieri-as-new-ceo\\\/\"},\"wordCount\":697,\"publisher\":{\"@id\":\"https:\\\/\\\/www.italtel.com\\\/de\\\/#organization\"},\"image\":{\"@id\":\"https:\\\/\\\/www.italtel.com\\\/pt-br\\\/the-board-of-directors-of-italtel-appoints-carlo-filangieri-as-new-ceo\\\/#primaryimage\"},\"thumbnailUrl\":\"https:\\\/\\\/www.italtel.com\\\/wp-content\\\/uploads\\\/2025\\\/02\\\/Carlo_Filangieri_CEO-scaled.jpg\",\"keywords\":[\"Company\"],\"articleSection\":[\"Press release\"],\"inLanguage\":\"pt-BR\"},{\"@type\":\"WebPage\",\"@id\":\"https:\\\/\\\/www.italtel.com\\\/pt-br\\\/the-board-of-directors-of-italtel-appoints-carlo-filangieri-as-new-ceo\\\/\",\"url\":\"https:\\\/\\\/www.italtel.com\\\/pt-br\\\/the-board-of-directors-of-italtel-appoints-carlo-filangieri-as-new-ceo\\\/\",\"name\":\"O Conselho de Administra\u00e7\u00e3o da Italtel nomeia Carlo Filangieri como novo CEO - Italtel\",\"isPartOf\":{\"@id\":\"https:\\\/\\\/www.italtel.com\\\/de\\\/#website\"},\"primaryImageOfPage\":{\"@id\":\"https:\\\/\\\/www.italtel.com\\\/pt-br\\\/the-board-of-directors-of-italtel-appoints-carlo-filangieri-as-new-ceo\\\/#primaryimage\"},\"image\":{\"@id\":\"https:\\\/\\\/www.italtel.com\\\/pt-br\\\/the-board-of-directors-of-italtel-appoints-carlo-filangieri-as-new-ceo\\\/#primaryimage\"},\"thumbnailUrl\":\"https:\\\/\\\/www.italtel.com\\\/wp-content\\\/uploads\\\/2025\\\/02\\\/Carlo_Filangieri_CEO-scaled.jpg\",\"datePublished\":\"2025-02-14T08:19:14+00:00\",\"dateModified\":\"2025-02-14T10:00:01+00:00\",\"breadcrumb\":{\"@id\":\"https:\\\/\\\/www.italtel.com\\\/pt-br\\\/the-board-of-directors-of-italtel-appoints-carlo-filangieri-as-new-ceo\\\/#breadcrumb\"},\"inLanguage\":\"pt-BR\",\"potentialAction\":[{\"@type\":\"ReadAction\",\"target\":[\"https:\\\/\\\/www.italtel.com\\\/pt-br\\\/the-board-of-directors-of-italtel-appoints-carlo-filangieri-as-new-ceo\\\/\"]}]},{\"@type\":\"ImageObject\",\"inLanguage\":\"pt-BR\",\"@id\":\"https:\\\/\\\/www.italtel.com\\\/pt-br\\\/the-board-of-directors-of-italtel-appoints-carlo-filangieri-as-new-ceo\\\/#primaryimage\",\"url\":\"https:\\\/\\\/www.italtel.com\\\/wp-content\\\/uploads\\\/2025\\\/02\\\/Carlo_Filangieri_CEO-scaled.jpg\",\"contentUrl\":\"https:\\\/\\\/www.italtel.com\\\/wp-content\\\/uploads\\\/2025\\\/02\\\/Carlo_Filangieri_CEO-scaled.jpg\",\"width\":2560,\"height\":1920,\"caption\":\"Carlo Filangieri CEO\"},{\"@type\":\"BreadcrumbList\",\"@id\":\"https:\\\/\\\/www.italtel.com\\\/pt-br\\\/the-board-of-directors-of-italtel-appoints-carlo-filangieri-as-new-ceo\\\/#breadcrumb\",\"itemListElement\":[{\"@type\":\"ListItem\",\"position\":1,\"name\":\"Home\",\"item\":\"https:\\\/\\\/www.italtel.com\\\/pt-br\\\/\"},{\"@type\":\"ListItem\",\"position\":2,\"name\":\"O Conselho de Administra\u00e7\u00e3o da Italtel nomeia Carlo Filangieri como novo CEO\"}]},{\"@type\":\"WebSite\",\"@id\":\"https:\\\/\\\/www.italtel.com\\\/de\\\/#website\",\"url\":\"https:\\\/\\\/www.italtel.com\\\/de\\\/\",\"name\":\"Italtel\",\"description\":\"Italtel Group&#039;s company website\",\"publisher\":{\"@id\":\"https:\\\/\\\/www.italtel.com\\\/de\\\/#organization\"},\"potentialAction\":[{\"@type\":\"SearchAction\",\"target\":{\"@type\":\"EntryPoint\",\"urlTemplate\":\"https:\\\/\\\/www.italtel.com\\\/de\\\/?s={search_term_string}\"},\"query-input\":{\"@type\":\"PropertyValueSpecification\",\"valueRequired\":true,\"valueName\":\"search_term_string\"}}],\"inLanguage\":\"pt-BR\"},{\"@type\":\"Organization\",\"@id\":\"https:\\\/\\\/www.italtel.com\\\/de\\\/#organization\",\"name\":\"Italtel S.p.A.\",\"url\":\"https:\\\/\\\/www.italtel.com\\\/de\\\/\",\"logo\":{\"@type\":\"ImageObject\",\"inLanguage\":\"pt-BR\",\"@id\":\"https:\\\/\\\/www.italtel.com\\\/de\\\/#\\\/schema\\\/logo\\\/image\\\/\",\"url\":\"https:\\\/\\\/www.italtel.com\\\/wp-content\\\/uploads\\\/2024\\\/11\\\/Italtel_logo.png\",\"contentUrl\":\"https:\\\/\\\/www.italtel.com\\\/wp-content\\\/uploads\\\/2024\\\/11\\\/Italtel_logo.png\",\"width\":591,\"height\":139,\"caption\":\"Italtel S.p.A.\"},\"image\":{\"@id\":\"https:\\\/\\\/www.italtel.com\\\/de\\\/#\\\/schema\\\/logo\\\/image\\\/\"},\"sameAs\":[\"https:\\\/\\\/x.com\\\/Italtel\",\"https:\\\/\\\/www.linkedin.com\\\/company\\\/italtel\\\/\",\"https:\\\/\\\/www.instagram.com\\\/italtel_hq\\\/\"]},{\"@type\":\"Person\",\"@id\":\"https:\\\/\\\/www.italtel.com\\\/de\\\/#\\\/schema\\\/person\\\/38f315d5a978255f0cf320055bad5afe\",\"name\":\"Daniela Fontana\",\"image\":{\"@type\":\"ImageObject\",\"inLanguage\":\"pt-BR\",\"@id\":\"https:\\\/\\\/secure.gravatar.com\\\/avatar\\\/834a03b0c73144a8ca36e17dc365b3fbadb34c9e44399b609a00f2231e694f6a?s=96&d=mm&r=g\",\"url\":\"https:\\\/\\\/secure.gravatar.com\\\/avatar\\\/834a03b0c73144a8ca36e17dc365b3fbadb34c9e44399b609a00f2231e694f6a?s=96&d=mm&r=g\",\"contentUrl\":\"https:\\\/\\\/secure.gravatar.com\\\/avatar\\\/834a03b0c73144a8ca36e17dc365b3fbadb34c9e44399b609a00f2231e694f6a?s=96&d=mm&r=g\",\"caption\":\"Daniela Fontana\"}}]}<\/script>\n<!-- \/ Yoast SEO plugin. -->","yoast_head_json":{"title":"O Conselho de Administra\u00e7\u00e3o da Italtel nomeia Carlo Filangieri como novo CEO - Italtel","robots":{"index":"index","follow":"follow","max-snippet":"max-snippet:-1","max-image-preview":"max-image-preview:large","max-video-preview":"max-video-preview:-1"},"canonical":"https:\/\/www.italtel.com\/pt-br\/the-board-of-directors-of-italtel-appoints-carlo-filangieri-as-new-ceo\/","og_locale":"pt_BR","og_type":"article","og_title":"O Conselho de Administra\u00e7\u00e3o da Italtel nomeia Carlo Filangieri como novo CEO - Italtel","og_url":"https:\/\/www.italtel.com\/pt-br\/the-board-of-directors-of-italtel-appoints-carlo-filangieri-as-new-ceo\/","og_site_name":"Italtel","article_published_time":"2025-02-14T08:19:14+00:00","article_modified_time":"2025-02-14T10:00:01+00:00","og_image":[{"width":2560,"height":1920,"url":"https:\/\/www.italtel.com\/wp-content\/uploads\/2025\/02\/Carlo_Filangieri_CEO-scaled.jpg","type":"image\/jpeg"}],"author":"Daniela Fontana","twitter_card":"summary_large_image","twitter_creator":"@Italtel","twitter_site":"@Italtel","twitter_misc":{"Escrito por":"Daniela Fontana","Est. tempo de leitura":"1 minuto"},"schema":{"@context":"https:\/\/schema.org","@graph":[{"@type":"Article","@id":"https:\/\/www.italtel.com\/pt-br\/the-board-of-directors-of-italtel-appoints-carlo-filangieri-as-new-ceo\/#article","isPartOf":{"@id":"https:\/\/www.italtel.com\/pt-br\/the-board-of-directors-of-italtel-appoints-carlo-filangieri-as-new-ceo\/"},"author":{"name":"Daniela Fontana","@id":"https:\/\/www.italtel.com\/de\/#\/schema\/person\/38f315d5a978255f0cf320055bad5afe"},"headline":"O Conselho de Administra\u00e7\u00e3o da Italtel nomeia Carlo Filangieri como novo CEO","datePublished":"2025-02-14T08:19:14+00:00","dateModified":"2025-02-14T10:00:01+00:00","mainEntityOfPage":{"@id":"https:\/\/www.italtel.com\/pt-br\/the-board-of-directors-of-italtel-appoints-carlo-filangieri-as-new-ceo\/"},"wordCount":697,"publisher":{"@id":"https:\/\/www.italtel.com\/de\/#organization"},"image":{"@id":"https:\/\/www.italtel.com\/pt-br\/the-board-of-directors-of-italtel-appoints-carlo-filangieri-as-new-ceo\/#primaryimage"},"thumbnailUrl":"https:\/\/www.italtel.com\/wp-content\/uploads\/2025\/02\/Carlo_Filangieri_CEO-scaled.jpg","keywords":["Company"],"articleSection":["Press release"],"inLanguage":"pt-BR"},{"@type":"WebPage","@id":"https:\/\/www.italtel.com\/pt-br\/the-board-of-directors-of-italtel-appoints-carlo-filangieri-as-new-ceo\/","url":"https:\/\/www.italtel.com\/pt-br\/the-board-of-directors-of-italtel-appoints-carlo-filangieri-as-new-ceo\/","name":"O Conselho de Administra\u00e7\u00e3o da Italtel nomeia Carlo Filangieri como novo CEO - Italtel","isPartOf":{"@id":"https:\/\/www.italtel.com\/de\/#website"},"primaryImageOfPage":{"@id":"https:\/\/www.italtel.com\/pt-br\/the-board-of-directors-of-italtel-appoints-carlo-filangieri-as-new-ceo\/#primaryimage"},"image":{"@id":"https:\/\/www.italtel.com\/pt-br\/the-board-of-directors-of-italtel-appoints-carlo-filangieri-as-new-ceo\/#primaryimage"},"thumbnailUrl":"https:\/\/www.italtel.com\/wp-content\/uploads\/2025\/02\/Carlo_Filangieri_CEO-scaled.jpg","datePublished":"2025-02-14T08:19:14+00:00","dateModified":"2025-02-14T10:00:01+00:00","breadcrumb":{"@id":"https:\/\/www.italtel.com\/pt-br\/the-board-of-directors-of-italtel-appoints-carlo-filangieri-as-new-ceo\/#breadcrumb"},"inLanguage":"pt-BR","potentialAction":[{"@type":"ReadAction","target":["https:\/\/www.italtel.com\/pt-br\/the-board-of-directors-of-italtel-appoints-carlo-filangieri-as-new-ceo\/"]}]},{"@type":"ImageObject","inLanguage":"pt-BR","@id":"https:\/\/www.italtel.com\/pt-br\/the-board-of-directors-of-italtel-appoints-carlo-filangieri-as-new-ceo\/#primaryimage","url":"https:\/\/www.italtel.com\/wp-content\/uploads\/2025\/02\/Carlo_Filangieri_CEO-scaled.jpg","contentUrl":"https:\/\/www.italtel.com\/wp-content\/uploads\/2025\/02\/Carlo_Filangieri_CEO-scaled.jpg","width":2560,"height":1920,"caption":"Carlo Filangieri CEO"},{"@type":"BreadcrumbList","@id":"https:\/\/www.italtel.com\/pt-br\/the-board-of-directors-of-italtel-appoints-carlo-filangieri-as-new-ceo\/#breadcrumb","itemListElement":[{"@type":"ListItem","position":1,"name":"Home","item":"https:\/\/www.italtel.com\/pt-br\/"},{"@type":"ListItem","position":2,"name":"O Conselho de Administra\u00e7\u00e3o da Italtel nomeia Carlo Filangieri como novo CEO"}]},{"@type":"WebSite","@id":"https:\/\/www.italtel.com\/de\/#website","url":"https:\/\/www.italtel.com\/de\/","name":"Italtel","description":"Italtel Group&#039;s company website","publisher":{"@id":"https:\/\/www.italtel.com\/de\/#organization"},"potentialAction":[{"@type":"SearchAction","target":{"@type":"EntryPoint","urlTemplate":"https:\/\/www.italtel.com\/de\/?s={search_term_string}"},"query-input":{"@type":"PropertyValueSpecification","valueRequired":true,"valueName":"search_term_string"}}],"inLanguage":"pt-BR"},{"@type":"Organization","@id":"https:\/\/www.italtel.com\/de\/#organization","name":"Italtel S.p.A.","url":"https:\/\/www.italtel.com\/de\/","logo":{"@type":"ImageObject","inLanguage":"pt-BR","@id":"https:\/\/www.italtel.com\/de\/#\/schema\/logo\/image\/","url":"https:\/\/www.italtel.com\/wp-content\/uploads\/2024\/11\/Italtel_logo.png","contentUrl":"https:\/\/www.italtel.com\/wp-content\/uploads\/2024\/11\/Italtel_logo.png","width":591,"height":139,"caption":"Italtel S.p.A."},"image":{"@id":"https:\/\/www.italtel.com\/de\/#\/schema\/logo\/image\/"},"sameAs":["https:\/\/x.com\/Italtel","https:\/\/www.linkedin.com\/company\/italtel\/","https:\/\/www.instagram.com\/italtel_hq\/"]},{"@type":"Person","@id":"https:\/\/www.italtel.com\/de\/#\/schema\/person\/38f315d5a978255f0cf320055bad5afe","name":"Daniela Fontana","image":{"@type":"ImageObject","inLanguage":"pt-BR","@id":"https:\/\/secure.gravatar.com\/avatar\/834a03b0c73144a8ca36e17dc365b3fbadb34c9e44399b609a00f2231e694f6a?s=96&d=mm&r=g","url":"https:\/\/secure.gravatar.com\/avatar\/834a03b0c73144a8ca36e17dc365b3fbadb34c9e44399b609a00f2231e694f6a?s=96&d=mm&r=g","contentUrl":"https:\/\/secure.gravatar.com\/avatar\/834a03b0c73144a8ca36e17dc365b3fbadb34c9e44399b609a00f2231e694f6a?s=96&d=mm&r=g","caption":"Daniela Fontana"}}]}},"_links":{"self":[{"href":"https:\/\/www.italtel.com\/pt-br\/wp-json\/wp\/v2\/posts\/68343","targetHints":{"allow":["GET"]}}],"collection":[{"href":"https:\/\/www.italtel.com\/pt-br\/wp-json\/wp\/v2\/posts"}],"about":[{"href":"https:\/\/www.italtel.com\/pt-br\/wp-json\/wp\/v2\/types\/post"}],"author":[{"embeddable":true,"href":"https:\/\/www.italtel.com\/pt-br\/wp-json\/wp\/v2\/users\/6"}],"replies":[{"embeddable":true,"href":"https:\/\/www.italtel.com\/pt-br\/wp-json\/wp\/v2\/comments?post=68343"}],"version-history":[{"count":4,"href":"https:\/\/www.italtel.com\/pt-br\/wp-json\/wp\/v2\/posts\/68343\/revisions"}],"predecessor-version":[{"id":68347,"href":"https:\/\/www.italtel.com\/pt-br\/wp-json\/wp\/v2\/posts\/68343\/revisions\/68347"}],"wp:featuredmedia":[{"embeddable":true,"href":"https:\/\/www.italtel.com\/pt-br\/wp-json\/wp\/v2\/media\/68279"}],"wp:attachment":[{"href":"https:\/\/www.italtel.com\/pt-br\/wp-json\/wp\/v2\/media?parent=68343"}],"wp:term":[{"taxonomy":"category","embeddable":true,"href":"https:\/\/www.italtel.com\/pt-br\/wp-json\/wp\/v2\/categories?post=68343"},{"taxonomy":"post_tag","embeddable":true,"href":"https:\/\/www.italtel.com\/pt-br\/wp-json\/wp\/v2\/tags?post=68343"}],"curies":[{"name":"wp","href":"https:\/\/api.w.org\/{rel}","templated":true}]}}