{"id":69677,"date":"2025-03-07T18:13:46","date_gmt":"2025-03-07T16:13:46","guid":{"rendered":"https:\/\/www.italtel.com\/celebrating-womens-voices-a-global-tribute-for-international-womens-day\/"},"modified":"2025-03-07T18:25:03","modified_gmt":"2025-03-07T16:25:03","slug":"celebrando-as-vozes-das-mulheres-uma-homenagem-global-para-o-dia-internacional-da-mulher","status":"publish","type":"post","link":"https:\/\/www.italtel.com\/pt-br\/celebrando-as-vozes-das-mulheres-uma-homenagem-global-para-o-dia-internacional-da-mulher\/","title":{"rendered":"Celebrando as vozes das mulheres: uma homenagem global para o Dia Internacional da Mulher"},"content":{"rendered":"\n<div class=\"row\"  id=\"row-1526147597\">\n\n\n\t<div id=\"col-1343975418\" class=\"col medium-9 small-12 large-9\"  >\n\t\t\t\t<div class=\"col-inner\"  >\n\t\t\t\n\t\t\t\n\n\t<div id=\"text-1487081495\" class=\"text fontsize_18 color_black\">\n\t\t\n\n<p data-start=\"3435\" data-end=\"3748\">Na Italtel, a diversidade n\u00e3o \u00e9 apenas um valor em que acreditamos \u2014 \u00e9 uma for\u00e7a que nos impulsiona para frente. Para celebrar o <strong data-start=\"3564\" data-end=\"3595\">Dia Internacional da Mulher<\/strong>, pedimos aos nossos colegas da It\u00e1lia, Espanha, Alemanha, Peru, Col\u00f4mbia e Brasil que compartilhassem seus pensamentos sobre o que significa ser mulher.<\/p>\n<p data-start=\"3750\" data-end=\"3998\">O resultado \u00e9 um v\u00eddeo emocionante que re\u00fane as perspectivas, emo\u00e7\u00f5es e experi\u00eancias \u00fanicas das mulheres que, todos os dias, contribuem para o futuro da Italtel. Suas vozes refletem a paix\u00e3o, o talento e a determina\u00e7\u00e3o que nos definem como empresa.<\/p>\n<p data-start=\"4000\" data-end=\"4231\">Acreditamos que a diversidade fortalece nossa comunidade, e estamos orgulhosos de dar espa\u00e7o \u00e0s hist\u00f3rias e vozes das nossas pessoas. Assista ao v\u00eddeo e ou\u00e7a diretamente de nossos colegas suas reflex\u00f5es sobre o poder de ser mulher.<\/p>\n<p data-start=\"4233\" data-end=\"4281\"><strong data-start=\"4236\" data-end=\"4281\">Assista ao v\u00eddeo agora e ou\u00e7a suas vozes.<\/strong><\/p>\n\t\t\t<\/div>\n\t\n<div class=\"video video-fit mb\" style=\"padding-top:56.25%;\"><iframe loading=\"lazy\" title=\"Our voices for March 8th\" width=\"1020\" height=\"574\" src=\"https:\/\/www.youtube.com\/embed\/yO_hpgLxTpY?feature=oembed\" frameborder=\"0\" allow=\"accelerometer; autoplay; clipboard-write; encrypted-media; gyroscope; picture-in-picture; web-share\" referrerpolicy=\"strict-origin-when-cross-origin\" allowfullscreen><\/iframe><\/div>\n\n\n\t\t<\/div>\n\t\t\t\t\n<style>\n#col-1343975418 > .col-inner {\n  padding: 6rem 11rem 0px 0px;\n}\n<\/style>\n\t<\/div>\n\n\t\n\n\t<div id=\"col-651663776\" class=\"col sibebar_col medium-3 small-12 large-3\"  >\n\t\t<div class=\"is-sticky-column\"><div class=\"is-sticky-column__inner\">\t\t<div class=\"col-inner\"  >\n\t\t\t\n\t\t\t\n\n\t<div id=\"text-2018528935\" class=\"text fontsize_16 color_black fontweight_500\">\n\t\t\n\nTECH KEYWORDS\n\t\t\t<\/div>\n\t\n<div class=\"is-divider divider clearfix\" style=\"margin-top:2rem;margin-bottom:2rem;max-width:100%;height:1px;background-color:rgba(112, 112, 112, 0.302);\"><\/div>\n\n\t<div id=\"text-4018829747\" class=\"text fontsize_18 color_black\">\n\t\t\n\n<p>INTERNATIONAL WOMEN&#8217;S DAY<\/p>\n\t\t\t<\/div>\n\t\n<div class=\"is-divider divider clearfix\" style=\"margin-top:2rem;margin-bottom:2rem;max-width:100%;height:1px;background-color:rgba(112, 112, 112, 0.302);\"><\/div>\n\n\t<div id=\"text-2954712438\" class=\"text fontsize_18 color_black\">\n\t\t\n\n<p>VOICES OF WOMEN<\/p>\n\t\t\t<\/div>\n\t\n<div class=\"is-divider divider clearfix\" style=\"margin-top:2rem;margin-bottom:2rem;max-width:100%;height:1px;background-color:rgba(112, 112, 112, 0.302);\"><\/div>\n\n\t<div id=\"text-1502748468\" class=\"text fontsize_18 color_black\">\n\t\t\n\n<p>GENDER PARITY<\/p>\n\t\t\t<\/div>\n\t\n\t<div id=\"gap-153908380\" class=\"gap-element clearfix\" style=\"display:block; height:auto;\">\n\t\t\n<style>\n#gap-153908380 {\n  padding-top: 13rem;\n}\n<\/style>\n\t<\/div>\n\t\n\n\t<div id=\"text-990985365\" class=\"text fontsize_16 color_black fontweight_500\">\n\t\t\n\nSHARE THE PAGE\n\t\t\t<\/div>\n\t\n<div class=\"is-divider divider clearfix\" style=\"margin-top:2rem;margin-bottom:2rem;max-width:100%;height:1px;background-color:rgba(112, 112, 112, 0.302);\"><\/div>\n\n\t<div class=\"img has-hover socialshare_icon linkedin x md-x lg-x y md-y lg-y\" id=\"image_288219905\">\n\t\t\t\t\t\t\t\t<div class=\"img-inner dark\" >\n\t\t\t<img loading=\"lazy\" decoding=\"async\" width=\"1\" height=\"1\" src=\"https:\/\/www.italtel.com\/wp-content\/uploads\/2024\/09\/Linkedin-icon.svg\" class=\"attachment-large size-large\" alt=\"Linkedin-icon\" \/>\t\t\t\t\t\t\n\t\t\t\t\t<\/div>\n\t\t\t\t\t\t\t\t\n<style>\n#image_288219905 {\n  width: 100%;\n}\n<\/style>\n\t<\/div>\n\t\n\n\t<div class=\"img has-hover socialshare_icon instagram x md-x lg-x y md-y lg-y\" id=\"image_1250896155\">\n\t\t\t\t\t\t\t\t<div class=\"img-inner dark\" >\n\t\t\t<img loading=\"lazy\" decoding=\"async\" width=\"27\" height=\"27\" src=\"https:\/\/www.italtel.com\/wp-content\/uploads\/2024\/07\/Raggruppa-12942.png\" class=\"attachment-large size-large\" alt=\"Instagram icon\" \/>\t\t\t\t\t\t\n\t\t\t\t\t<\/div>\n\t\t\t\t\t\t\t\t\n<style>\n#image_1250896155 {\n  width: 100%;\n}\n<\/style>\n\t<\/div>\n\t\n\n\t<div class=\"img has-hover socialshare_icon ex x md-x lg-x y md-y lg-y\" id=\"image_140994668\">\n\t\t\t\t\t\t\t\t<div class=\"img-inner dark\" >\n\t\t\t<img loading=\"lazy\" decoding=\"async\" width=\"1\" height=\"1\" src=\"https:\/\/www.italtel.com\/wp-content\/uploads\/2024\/09\/X-icon.svg\" class=\"attachment-large size-large\" alt=\"X-icon\" \/>\t\t\t\t\t\t\n\t\t\t\t\t<\/div>\n\t\t\t\t\t\t\t\t\n<style>\n#image_140994668 {\n  width: 100%;\n}\n<\/style>\n\t<\/div>\n\t\n\n\n\t\t<\/div>\n\t\t<\/div><\/div>\t\t\n<style>\n#col-651663776 > .is-sticky-column > .is-sticky-column__inner > .col-inner {\n  padding: 6rem 0px 0px 0px;\n}\n<\/style>\n\t<\/div>\n\n\t\n\n<\/div>\n\n","protected":false},"excerpt":{"rendered":"","protected":false},"author":6,"featured_media":69660,"comment_status":"closed","ping_status":"closed","sticky":false,"template":"","format":"standard","meta":{"footnotes":""},"categories":[847],"tags":[956,1029],"class_list":["post-69677","post","type-post","status-publish","format-standard","has-post-thumbnail","hentry","category-news-pt-br","tag-company-pt-br","tag-women-in-tech-pt-br"],"yoast_head":"<!-- This site is optimized with the Yoast SEO plugin v27.4 - https:\/\/yoast.com\/product\/yoast-seo-wordpress\/ -->\n<title>Celebrando as vozes das mulheres: uma homenagem global para o Dia Internacional da Mulher - Italtel<\/title>\n<meta name=\"robots\" content=\"index, follow, max-snippet:-1, max-image-preview:large, max-video-preview:-1\" \/>\n<link rel=\"canonical\" href=\"https:\/\/www.italtel.com\/pt-br\/celebrando-as-vozes-das-mulheres-uma-homenagem-global-para-o-dia-internacional-da-mulher\/\" \/>\n<meta property=\"og:locale\" content=\"pt_BR\" \/>\n<meta property=\"og:type\" content=\"article\" \/>\n<meta property=\"og:title\" content=\"Celebrando as vozes das mulheres: uma homenagem global para o Dia Internacional da Mulher - Italtel\" \/>\n<meta property=\"og:url\" content=\"https:\/\/www.italtel.com\/pt-br\/celebrando-as-vozes-das-mulheres-uma-homenagem-global-para-o-dia-internacional-da-mulher\/\" \/>\n<meta property=\"og:site_name\" content=\"Italtel\" \/>\n<meta property=\"article:published_time\" content=\"2025-03-07T16:13:46+00:00\" \/>\n<meta property=\"article:modified_time\" content=\"2025-03-07T16:25:03+00:00\" \/>\n<meta property=\"og:image\" content=\"https:\/\/www.italtel.com\/wp-content\/uploads\/2025\/03\/Vieo-International-Women-Day-Italtel.png\" \/>\n\t<meta property=\"og:image:width\" content=\"755\" \/>\n\t<meta property=\"og:image:height\" content=\"388\" \/>\n\t<meta property=\"og:image:type\" content=\"image\/png\" \/>\n<meta name=\"author\" content=\"Daniela Fontana\" \/>\n<meta name=\"twitter:card\" content=\"summary_large_image\" \/>\n<meta name=\"twitter:creator\" content=\"@Italtel\" \/>\n<meta name=\"twitter:site\" content=\"@Italtel\" \/>\n<meta name=\"twitter:label1\" content=\"Escrito por\" \/>\n\t<meta name=\"twitter:data1\" content=\"Daniela Fontana\" \/>\n\t<meta name=\"twitter:label2\" content=\"Est. tempo de leitura\" \/>\n\t<meta name=\"twitter:data2\" content=\"1 minuto\" \/>\n<script type=\"application\/ld+json\" class=\"yoast-schema-graph\">{\"@context\":\"https:\\\/\\\/schema.org\",\"@graph\":[{\"@type\":\"Article\",\"@id\":\"https:\\\/\\\/www.italtel.com\\\/pt-br\\\/celebrando-as-vozes-das-mulheres-uma-homenagem-global-para-o-dia-internacional-da-mulher\\\/#article\",\"isPartOf\":{\"@id\":\"https:\\\/\\\/www.italtel.com\\\/pt-br\\\/celebrando-as-vozes-das-mulheres-uma-homenagem-global-para-o-dia-internacional-da-mulher\\\/\"},\"author\":{\"name\":\"Daniela Fontana\",\"@id\":\"https:\\\/\\\/www.italtel.com\\\/de\\\/#\\\/schema\\\/person\\\/38f315d5a978255f0cf320055bad5afe\"},\"headline\":\"Celebrando as vozes das mulheres: uma homenagem global para o Dia Internacional da Mulher\",\"datePublished\":\"2025-03-07T16:13:46+00:00\",\"dateModified\":\"2025-03-07T16:25:03+00:00\",\"mainEntityOfPage\":{\"@id\":\"https:\\\/\\\/www.italtel.com\\\/pt-br\\\/celebrando-as-vozes-das-mulheres-uma-homenagem-global-para-o-dia-internacional-da-mulher\\\/\"},\"wordCount\":321,\"publisher\":{\"@id\":\"https:\\\/\\\/www.italtel.com\\\/de\\\/#organization\"},\"image\":{\"@id\":\"https:\\\/\\\/www.italtel.com\\\/pt-br\\\/celebrando-as-vozes-das-mulheres-uma-homenagem-global-para-o-dia-internacional-da-mulher\\\/#primaryimage\"},\"thumbnailUrl\":\"https:\\\/\\\/www.italtel.com\\\/wp-content\\\/uploads\\\/2025\\\/03\\\/Vieo-International-Women-Day-Italtel.png\",\"keywords\":[\"Company\",\"Women in Tech\"],\"articleSection\":[\"News\"],\"inLanguage\":\"pt-BR\"},{\"@type\":\"WebPage\",\"@id\":\"https:\\\/\\\/www.italtel.com\\\/pt-br\\\/celebrando-as-vozes-das-mulheres-uma-homenagem-global-para-o-dia-internacional-da-mulher\\\/\",\"url\":\"https:\\\/\\\/www.italtel.com\\\/pt-br\\\/celebrando-as-vozes-das-mulheres-uma-homenagem-global-para-o-dia-internacional-da-mulher\\\/\",\"name\":\"Celebrando as vozes das mulheres: uma homenagem global para o Dia Internacional da Mulher - Italtel\",\"isPartOf\":{\"@id\":\"https:\\\/\\\/www.italtel.com\\\/de\\\/#website\"},\"primaryImageOfPage\":{\"@id\":\"https:\\\/\\\/www.italtel.com\\\/pt-br\\\/celebrando-as-vozes-das-mulheres-uma-homenagem-global-para-o-dia-internacional-da-mulher\\\/#primaryimage\"},\"image\":{\"@id\":\"https:\\\/\\\/www.italtel.com\\\/pt-br\\\/celebrando-as-vozes-das-mulheres-uma-homenagem-global-para-o-dia-internacional-da-mulher\\\/#primaryimage\"},\"thumbnailUrl\":\"https:\\\/\\\/www.italtel.com\\\/wp-content\\\/uploads\\\/2025\\\/03\\\/Vieo-International-Women-Day-Italtel.png\",\"datePublished\":\"2025-03-07T16:13:46+00:00\",\"dateModified\":\"2025-03-07T16:25:03+00:00\",\"breadcrumb\":{\"@id\":\"https:\\\/\\\/www.italtel.com\\\/pt-br\\\/celebrando-as-vozes-das-mulheres-uma-homenagem-global-para-o-dia-internacional-da-mulher\\\/#breadcrumb\"},\"inLanguage\":\"pt-BR\",\"potentialAction\":[{\"@type\":\"ReadAction\",\"target\":[\"https:\\\/\\\/www.italtel.com\\\/pt-br\\\/celebrando-as-vozes-das-mulheres-uma-homenagem-global-para-o-dia-internacional-da-mulher\\\/\"]}]},{\"@type\":\"ImageObject\",\"inLanguage\":\"pt-BR\",\"@id\":\"https:\\\/\\\/www.italtel.com\\\/pt-br\\\/celebrando-as-vozes-das-mulheres-uma-homenagem-global-para-o-dia-internacional-da-mulher\\\/#primaryimage\",\"url\":\"https:\\\/\\\/www.italtel.com\\\/wp-content\\\/uploads\\\/2025\\\/03\\\/Vieo-International-Women-Day-Italtel.png\",\"contentUrl\":\"https:\\\/\\\/www.italtel.com\\\/wp-content\\\/uploads\\\/2025\\\/03\\\/Vieo-International-Women-Day-Italtel.png\",\"width\":755,\"height\":388,\"caption\":\"Vieo International Women Day Italtel\"},{\"@type\":\"BreadcrumbList\",\"@id\":\"https:\\\/\\\/www.italtel.com\\\/pt-br\\\/celebrando-as-vozes-das-mulheres-uma-homenagem-global-para-o-dia-internacional-da-mulher\\\/#breadcrumb\",\"itemListElement\":[{\"@type\":\"ListItem\",\"position\":1,\"name\":\"Home\",\"item\":\"https:\\\/\\\/www.italtel.com\\\/pt-br\\\/\"},{\"@type\":\"ListItem\",\"position\":2,\"name\":\"Celebrando as vozes das mulheres: uma homenagem global para o Dia Internacional da Mulher\"}]},{\"@type\":\"WebSite\",\"@id\":\"https:\\\/\\\/www.italtel.com\\\/de\\\/#website\",\"url\":\"https:\\\/\\\/www.italtel.com\\\/de\\\/\",\"name\":\"Italtel\",\"description\":\"Italtel Group&#039;s company website\",\"publisher\":{\"@id\":\"https:\\\/\\\/www.italtel.com\\\/de\\\/#organization\"},\"potentialAction\":[{\"@type\":\"SearchAction\",\"target\":{\"@type\":\"EntryPoint\",\"urlTemplate\":\"https:\\\/\\\/www.italtel.com\\\/de\\\/?s={search_term_string}\"},\"query-input\":{\"@type\":\"PropertyValueSpecification\",\"valueRequired\":true,\"valueName\":\"search_term_string\"}}],\"inLanguage\":\"pt-BR\"},{\"@type\":\"Organization\",\"@id\":\"https:\\\/\\\/www.italtel.com\\\/de\\\/#organization\",\"name\":\"Italtel S.p.A.\",\"url\":\"https:\\\/\\\/www.italtel.com\\\/de\\\/\",\"logo\":{\"@type\":\"ImageObject\",\"inLanguage\":\"pt-BR\",\"@id\":\"https:\\\/\\\/www.italtel.com\\\/de\\\/#\\\/schema\\\/logo\\\/image\\\/\",\"url\":\"https:\\\/\\\/www.italtel.com\\\/wp-content\\\/uploads\\\/2024\\\/11\\\/Italtel_logo.png\",\"contentUrl\":\"https:\\\/\\\/www.italtel.com\\\/wp-content\\\/uploads\\\/2024\\\/11\\\/Italtel_logo.png\",\"width\":591,\"height\":139,\"caption\":\"Italtel S.p.A.\"},\"image\":{\"@id\":\"https:\\\/\\\/www.italtel.com\\\/de\\\/#\\\/schema\\\/logo\\\/image\\\/\"},\"sameAs\":[\"https:\\\/\\\/x.com\\\/Italtel\",\"https:\\\/\\\/www.linkedin.com\\\/company\\\/italtel\\\/\",\"https:\\\/\\\/www.instagram.com\\\/italtel_hq\\\/\"]},{\"@type\":\"Person\",\"@id\":\"https:\\\/\\\/www.italtel.com\\\/de\\\/#\\\/schema\\\/person\\\/38f315d5a978255f0cf320055bad5afe\",\"name\":\"Daniela Fontana\",\"image\":{\"@type\":\"ImageObject\",\"inLanguage\":\"pt-BR\",\"@id\":\"https:\\\/\\\/secure.gravatar.com\\\/avatar\\\/834a03b0c73144a8ca36e17dc365b3fbadb34c9e44399b609a00f2231e694f6a?s=96&d=mm&r=g\",\"url\":\"https:\\\/\\\/secure.gravatar.com\\\/avatar\\\/834a03b0c73144a8ca36e17dc365b3fbadb34c9e44399b609a00f2231e694f6a?s=96&d=mm&r=g\",\"contentUrl\":\"https:\\\/\\\/secure.gravatar.com\\\/avatar\\\/834a03b0c73144a8ca36e17dc365b3fbadb34c9e44399b609a00f2231e694f6a?s=96&d=mm&r=g\",\"caption\":\"Daniela Fontana\"}}]}<\/script>\n<!-- \/ Yoast SEO plugin. -->","yoast_head_json":{"title":"Celebrando as vozes das mulheres: uma homenagem global para o Dia Internacional da Mulher - Italtel","robots":{"index":"index","follow":"follow","max-snippet":"max-snippet:-1","max-image-preview":"max-image-preview:large","max-video-preview":"max-video-preview:-1"},"canonical":"https:\/\/www.italtel.com\/pt-br\/celebrando-as-vozes-das-mulheres-uma-homenagem-global-para-o-dia-internacional-da-mulher\/","og_locale":"pt_BR","og_type":"article","og_title":"Celebrando as vozes das mulheres: uma homenagem global para o Dia Internacional da Mulher - Italtel","og_url":"https:\/\/www.italtel.com\/pt-br\/celebrando-as-vozes-das-mulheres-uma-homenagem-global-para-o-dia-internacional-da-mulher\/","og_site_name":"Italtel","article_published_time":"2025-03-07T16:13:46+00:00","article_modified_time":"2025-03-07T16:25:03+00:00","og_image":[{"width":755,"height":388,"url":"https:\/\/www.italtel.com\/wp-content\/uploads\/2025\/03\/Vieo-International-Women-Day-Italtel.png","type":"image\/png"}],"author":"Daniela Fontana","twitter_card":"summary_large_image","twitter_creator":"@Italtel","twitter_site":"@Italtel","twitter_misc":{"Escrito por":"Daniela Fontana","Est. tempo de leitura":"1 minuto"},"schema":{"@context":"https:\/\/schema.org","@graph":[{"@type":"Article","@id":"https:\/\/www.italtel.com\/pt-br\/celebrando-as-vozes-das-mulheres-uma-homenagem-global-para-o-dia-internacional-da-mulher\/#article","isPartOf":{"@id":"https:\/\/www.italtel.com\/pt-br\/celebrando-as-vozes-das-mulheres-uma-homenagem-global-para-o-dia-internacional-da-mulher\/"},"author":{"name":"Daniela Fontana","@id":"https:\/\/www.italtel.com\/de\/#\/schema\/person\/38f315d5a978255f0cf320055bad5afe"},"headline":"Celebrando as vozes das mulheres: uma homenagem global para o Dia Internacional da Mulher","datePublished":"2025-03-07T16:13:46+00:00","dateModified":"2025-03-07T16:25:03+00:00","mainEntityOfPage":{"@id":"https:\/\/www.italtel.com\/pt-br\/celebrando-as-vozes-das-mulheres-uma-homenagem-global-para-o-dia-internacional-da-mulher\/"},"wordCount":321,"publisher":{"@id":"https:\/\/www.italtel.com\/de\/#organization"},"image":{"@id":"https:\/\/www.italtel.com\/pt-br\/celebrando-as-vozes-das-mulheres-uma-homenagem-global-para-o-dia-internacional-da-mulher\/#primaryimage"},"thumbnailUrl":"https:\/\/www.italtel.com\/wp-content\/uploads\/2025\/03\/Vieo-International-Women-Day-Italtel.png","keywords":["Company","Women in Tech"],"articleSection":["News"],"inLanguage":"pt-BR"},{"@type":"WebPage","@id":"https:\/\/www.italtel.com\/pt-br\/celebrando-as-vozes-das-mulheres-uma-homenagem-global-para-o-dia-internacional-da-mulher\/","url":"https:\/\/www.italtel.com\/pt-br\/celebrando-as-vozes-das-mulheres-uma-homenagem-global-para-o-dia-internacional-da-mulher\/","name":"Celebrando as vozes das mulheres: uma homenagem global para o Dia Internacional da Mulher - Italtel","isPartOf":{"@id":"https:\/\/www.italtel.com\/de\/#website"},"primaryImageOfPage":{"@id":"https:\/\/www.italtel.com\/pt-br\/celebrando-as-vozes-das-mulheres-uma-homenagem-global-para-o-dia-internacional-da-mulher\/#primaryimage"},"image":{"@id":"https:\/\/www.italtel.com\/pt-br\/celebrando-as-vozes-das-mulheres-uma-homenagem-global-para-o-dia-internacional-da-mulher\/#primaryimage"},"thumbnailUrl":"https:\/\/www.italtel.com\/wp-content\/uploads\/2025\/03\/Vieo-International-Women-Day-Italtel.png","datePublished":"2025-03-07T16:13:46+00:00","dateModified":"2025-03-07T16:25:03+00:00","breadcrumb":{"@id":"https:\/\/www.italtel.com\/pt-br\/celebrando-as-vozes-das-mulheres-uma-homenagem-global-para-o-dia-internacional-da-mulher\/#breadcrumb"},"inLanguage":"pt-BR","potentialAction":[{"@type":"ReadAction","target":["https:\/\/www.italtel.com\/pt-br\/celebrando-as-vozes-das-mulheres-uma-homenagem-global-para-o-dia-internacional-da-mulher\/"]}]},{"@type":"ImageObject","inLanguage":"pt-BR","@id":"https:\/\/www.italtel.com\/pt-br\/celebrando-as-vozes-das-mulheres-uma-homenagem-global-para-o-dia-internacional-da-mulher\/#primaryimage","url":"https:\/\/www.italtel.com\/wp-content\/uploads\/2025\/03\/Vieo-International-Women-Day-Italtel.png","contentUrl":"https:\/\/www.italtel.com\/wp-content\/uploads\/2025\/03\/Vieo-International-Women-Day-Italtel.png","width":755,"height":388,"caption":"Vieo International Women Day Italtel"},{"@type":"BreadcrumbList","@id":"https:\/\/www.italtel.com\/pt-br\/celebrando-as-vozes-das-mulheres-uma-homenagem-global-para-o-dia-internacional-da-mulher\/#breadcrumb","itemListElement":[{"@type":"ListItem","position":1,"name":"Home","item":"https:\/\/www.italtel.com\/pt-br\/"},{"@type":"ListItem","position":2,"name":"Celebrando as vozes das mulheres: uma homenagem global para o Dia Internacional da Mulher"}]},{"@type":"WebSite","@id":"https:\/\/www.italtel.com\/de\/#website","url":"https:\/\/www.italtel.com\/de\/","name":"Italtel","description":"Italtel Group&#039;s company website","publisher":{"@id":"https:\/\/www.italtel.com\/de\/#organization"},"potentialAction":[{"@type":"SearchAction","target":{"@type":"EntryPoint","urlTemplate":"https:\/\/www.italtel.com\/de\/?s={search_term_string}"},"query-input":{"@type":"PropertyValueSpecification","valueRequired":true,"valueName":"search_term_string"}}],"inLanguage":"pt-BR"},{"@type":"Organization","@id":"https:\/\/www.italtel.com\/de\/#organization","name":"Italtel S.p.A.","url":"https:\/\/www.italtel.com\/de\/","logo":{"@type":"ImageObject","inLanguage":"pt-BR","@id":"https:\/\/www.italtel.com\/de\/#\/schema\/logo\/image\/","url":"https:\/\/www.italtel.com\/wp-content\/uploads\/2024\/11\/Italtel_logo.png","contentUrl":"https:\/\/www.italtel.com\/wp-content\/uploads\/2024\/11\/Italtel_logo.png","width":591,"height":139,"caption":"Italtel S.p.A."},"image":{"@id":"https:\/\/www.italtel.com\/de\/#\/schema\/logo\/image\/"},"sameAs":["https:\/\/x.com\/Italtel","https:\/\/www.linkedin.com\/company\/italtel\/","https:\/\/www.instagram.com\/italtel_hq\/"]},{"@type":"Person","@id":"https:\/\/www.italtel.com\/de\/#\/schema\/person\/38f315d5a978255f0cf320055bad5afe","name":"Daniela Fontana","image":{"@type":"ImageObject","inLanguage":"pt-BR","@id":"https:\/\/secure.gravatar.com\/avatar\/834a03b0c73144a8ca36e17dc365b3fbadb34c9e44399b609a00f2231e694f6a?s=96&d=mm&r=g","url":"https:\/\/secure.gravatar.com\/avatar\/834a03b0c73144a8ca36e17dc365b3fbadb34c9e44399b609a00f2231e694f6a?s=96&d=mm&r=g","contentUrl":"https:\/\/secure.gravatar.com\/avatar\/834a03b0c73144a8ca36e17dc365b3fbadb34c9e44399b609a00f2231e694f6a?s=96&d=mm&r=g","caption":"Daniela Fontana"}}]}},"_links":{"self":[{"href":"https:\/\/www.italtel.com\/pt-br\/wp-json\/wp\/v2\/posts\/69677","targetHints":{"allow":["GET"]}}],"collection":[{"href":"https:\/\/www.italtel.com\/pt-br\/wp-json\/wp\/v2\/posts"}],"about":[{"href":"https:\/\/www.italtel.com\/pt-br\/wp-json\/wp\/v2\/types\/post"}],"author":[{"embeddable":true,"href":"https:\/\/www.italtel.com\/pt-br\/wp-json\/wp\/v2\/users\/6"}],"replies":[{"embeddable":true,"href":"https:\/\/www.italtel.com\/pt-br\/wp-json\/wp\/v2\/comments?post=69677"}],"version-history":[{"count":2,"href":"https:\/\/www.italtel.com\/pt-br\/wp-json\/wp\/v2\/posts\/69677\/revisions"}],"predecessor-version":[{"id":69679,"href":"https:\/\/www.italtel.com\/pt-br\/wp-json\/wp\/v2\/posts\/69677\/revisions\/69679"}],"wp:featuredmedia":[{"embeddable":true,"href":"https:\/\/www.italtel.com\/pt-br\/wp-json\/wp\/v2\/media\/69660"}],"wp:attachment":[{"href":"https:\/\/www.italtel.com\/pt-br\/wp-json\/wp\/v2\/media?parent=69677"}],"wp:term":[{"taxonomy":"category","embeddable":true,"href":"https:\/\/www.italtel.com\/pt-br\/wp-json\/wp\/v2\/categories?post=69677"},{"taxonomy":"post_tag","embeddable":true,"href":"https:\/\/www.italtel.com\/pt-br\/wp-json\/wp\/v2\/tags?post=69677"}],"curies":[{"name":"wp","href":"https:\/\/api.w.org\/{rel}","templated":true}]}}