{"id":70668,"date":"2025-04-10T14:59:20","date_gmt":"2025-04-10T12:59:20","guid":{"rendered":"https:\/\/www.italtel.com\/italtel-announces-new-board-of-directors-teo-luzi-appointed-chairman-carlo-filangieri-confirmed-as-ceo\/"},"modified":"2025-04-10T15:29:52","modified_gmt":"2025-04-10T13:29:52","slug":"italtel-announces-new-board-of-directors-teo-luzi-appointed-chairman-carlo-filangieri-confirmed-as-ceo","status":"publish","type":"post","link":"https:\/\/www.italtel.com\/pt-br\/italtel-announces-new-board-of-directors-teo-luzi-appointed-chairman-carlo-filangieri-confirmed-as-ceo\/","title":{"rendered":"Italtel anuncia novo Conselho de Administra\u00e7\u00e3o: Teo Luzi nomeado Presidente, Carlo Filangieri confirmado como CEO"},"content":{"rendered":"\n<div class=\"row\"  id=\"row-91320215\">\n\n\n\t<div id=\"col-234432157\" class=\"col medium-9 small-12 large-9\"  >\n\t\t\t\t<div class=\"col-inner\"  >\n\t\t\t\n\t\t\t\n\n\t<div id=\"text-1393465978\" class=\"text fontsize_18 color_black\">\n\t\t\n\n<p class=\"\" data-start=\"72\" data-end=\"129\"><em>Benedetto Di Salvo, ex-CEO, \u00e9 nomeado Vice-Presidente<\/em><\/p>\n<p class=\"\" data-start=\"131\" data-end=\"216\"><em>Forte foco em transforma\u00e7\u00e3o digital, seguran\u00e7a de redes e crescimento sustent\u00e1vel<\/em><\/p>\n<p class=\"\" data-start=\"218\" data-end=\"585\"><strong>Mil\u00e3o, 10 de abril de 2025 \u2013<\/strong> A Assembleia de Acionistas da Italtel S.p.A. nomeou oficialmente o novo Conselho de Administra\u00e7\u00e3o para o tri\u00eanio 2025\u20132027. Esta decis\u00e3o estrat\u00e9gica marca uma renova\u00e7\u00e3o na governan\u00e7a da empresa, um elemento chave para alcan\u00e7ar os objetivos de crescimento e consolida\u00e7\u00e3o no din\u00e2mico mercado de Tecnologia da Informa\u00e7\u00e3o e Comunica\u00e7\u00e3o (TIC).<\/p>\n<p class=\"\" data-start=\"587\" data-end=\"851\">Teo Luzi, uma figura institucional de destaque e ex-Comandante-Geral do Corpo dos Carabineiros, foi nomeado Presidente. Ele sucede Claudio Calabi e traz \u00e0 gest\u00e3o da empresa uma significativa experi\u00eancia em seguran\u00e7a e na administra\u00e7\u00e3o de infraestruturas complexas.<\/p>\n<p class=\"\" data-start=\"853\" data-end=\"1038\">Carlo Filangieri foi confirmado como Diretor Executivo (CEO) e Diretor Geral, cargo que assumiu em fevereiro de 2025, com a miss\u00e3o de definir e implementar a nova estrat\u00e9gia industrial.<\/p>\n<p class=\"\" data-start=\"1040\" data-end=\"1234\">Os outros membros do Conselho de Administra\u00e7\u00e3o s\u00e3o Benedetto Di Salvo \u2014 ex-CEO e agora nomeado Vice-Presidente \u2014 al\u00e9m de Alberto Ferrarini, Leonardo Adessi, Alessandro Albano e Federico Ciccone.<\/p>\n<p class=\"\" data-start=\"1236\" data-end=\"1651\">A Italtel \u00e9 um player internacional no setor de TIC, com foco principal na concep\u00e7\u00e3o, implementa\u00e7\u00e3o e gest\u00e3o de servi\u00e7os e solu\u00e7\u00f5es digitais para uma ampla gama de setores industriais. A miss\u00e3o da empresa \u00e9 apoiar organiza\u00e7\u00f5es em sua jornada de transforma\u00e7\u00e3o digital, fornecendo tecnologias avan\u00e7adas e solu\u00e7\u00f5es inovadoras para ajud\u00e1-las a alcan\u00e7ar seus objetivos de neg\u00f3cios e oferecer servi\u00e7os modernos e seguros.<\/p>\n\t\t\t<\/div>\n\t\n<div class=\"row row-collapse\"  id=\"row-53690492\">\n\n\n\t<div id=\"col-1472621667\" class=\"col medium-2 small-12 large-2\"  >\n\t\t\t\t<div class=\"col-inner\"  >\n\t\t\t\n\t\t\t\n\n\t<div class=\"img has-hover x md-x lg-x y md-y lg-y\" id=\"image_1537510427\">\n\t\t\t\t\t\t\t\t<div class=\"img-inner dark\" >\n\t\t\t<img loading=\"lazy\" decoding=\"async\" width=\"1668\" height=\"1668\" src=\"https:\/\/www.italtel.com\/wp-content\/uploads\/2025\/04\/Teo-luzi@2x.webp\" class=\"attachment-original size-original\" alt=\"\" srcset=\"https:\/\/www.italtel.com\/wp-content\/uploads\/2025\/04\/Teo-luzi@2x.webp 1668w, https:\/\/www.italtel.com\/wp-content\/uploads\/2025\/04\/Teo-luzi@2x-300x300.webp 300w, https:\/\/www.italtel.com\/wp-content\/uploads\/2025\/04\/Teo-luzi@2x-1024x1024.webp 1024w, https:\/\/www.italtel.com\/wp-content\/uploads\/2025\/04\/Teo-luzi@2x-150x150.webp 150w, https:\/\/www.italtel.com\/wp-content\/uploads\/2025\/04\/Teo-luzi@2x-768x768.webp 768w, https:\/\/www.italtel.com\/wp-content\/uploads\/2025\/04\/Teo-luzi@2x-1536x1536.webp 1536w\" sizes=\"auto, (max-width: 1668px) 100vw, 1668px\" \/>\t\t\t\t\t\t\n\t\t\t\t\t<\/div>\n\t\t\t\t\t\t\t\t\n<style>\n#image_1537510427 {\n  width: 100%;\n}\n<\/style>\n\t<\/div>\n\t\n\n\n\t\t<\/div>\n\t\t\t\t\t<\/div>\n\n\t\n\n\t<div id=\"col-702582161\" class=\"col medium-10 small-12 large-10\"  >\n\t\t\t\t<div class=\"col-inner\"  >\n\t\t\t\n\t\t\t\n\n\t<div id=\"text-133612932\" class=\"text fontsize_200\">\n\t\t\n\n<p style=\"color: #04c5fe;\">\u201c<\/p>\n\t\t\t<\/div>\n\t\n\t<div id=\"text-1000521976\" class=\"text fontsize_18 color_black\">\n\t\t\n\n<p class=\"\" data-start=\"75\" data-end=\"648\"><strong data-start=\"75\" data-end=\"110\">O Presidente Teo Luzi declarou: <\/strong>\u201c<em>Assumo o cargo de Presidente da Italtel com um profundo senso de dever e genu\u00edno entusiasmo, plenamente consciente do papel crucial que a empresa desempenha h\u00e1 mais de um s\u00e9culo \u2014 e continua a desempenhar \u2014 no desenvolvimento industrial e tecnol\u00f3gico da It\u00e1lia. Em um contexto macroecon\u00f4mico em constante evolu\u00e7\u00e3o, marcado pela crescente digitaliza\u00e7\u00e3o e pela transi\u00e7\u00e3o energ\u00e9tica, acredito que a contribui\u00e7\u00e3o da Italtel \u00e9 vital para fornecer infraestruturas tecnol\u00f3gicas resilientes e seguras, que est\u00e3o no centro da economia digital.\u00a0Nossa vis\u00e3o estrat\u00e9gica est\u00e1 centrada na inova\u00e7\u00e3o tecnol\u00f3gica como motor do crescimento sustent\u00e1vel de todo o pa\u00eds. Colocaremos um foco especial na seguran\u00e7a das infraestruturas e no acesso universal \u00e0s redes e aos servi\u00e7os digitais. A Italtel est\u00e1 comprometida em colaborar ativamente com institui\u00e7\u00f5es, operadores do setor e empresas para garantir que a infraestrutura digital do pa\u00eds continue sendo de ponta, eficiente e ambientalmente sustent\u00e1vel.<\/em>\u201d<\/p>\n\t\t\t<\/div>\n\t\n\n\t\t<\/div>\n\t\t\t\t\n<style>\n#col-702582161 > .col-inner {\n  padding: 0px 0px 0px 4rem;\n}\n<\/style>\n\t<\/div>\n\n\t\n\n<\/div>\n<div class=\"row row-collapse\"  id=\"row-1891662422\">\n\n\n\t<div id=\"col-480669793\" class=\"col medium-2 small-12 large-2\"  >\n\t\t\t\t<div class=\"col-inner\"  >\n\t\t\t\n\t\t\t\n\n\t<div class=\"img has-hover x md-x lg-x y md-y lg-y\" id=\"image_856293447\">\n\t\t\t\t\t\t\t\t<div class=\"img-inner dark\" >\n\t\t\t<img loading=\"lazy\" decoding=\"async\" width=\"600\" height=\"600\" src=\"https:\/\/www.italtel.com\/wp-content\/uploads\/2025\/02\/Carlo_Filangier_cerchio.png\" class=\"attachment-original size-original\" alt=\"Carlo Filangieri\" srcset=\"https:\/\/www.italtel.com\/wp-content\/uploads\/2025\/02\/Carlo_Filangier_cerchio.png 600w, https:\/\/www.italtel.com\/wp-content\/uploads\/2025\/02\/Carlo_Filangier_cerchio-300x300.png 300w, https:\/\/www.italtel.com\/wp-content\/uploads\/2025\/02\/Carlo_Filangier_cerchio-150x150.png 150w\" sizes=\"auto, (max-width: 600px) 100vw, 600px\" \/>\t\t\t\t\t\t\n\t\t\t\t\t<\/div>\n\t\t\t\t\t\t\t\t\n<style>\n#image_856293447 {\n  width: 100%;\n}\n<\/style>\n\t<\/div>\n\t\n\n\n\t\t<\/div>\n\t\t\t\t\t<\/div>\n\n\t\n\n\t<div id=\"col-820019411\" class=\"col medium-10 small-12 large-10\"  >\n\t\t\t\t<div class=\"col-inner\"  >\n\t\t\t\n\t\t\t\n\n\t<div id=\"text-2572889176\" class=\"text fontsize_200\">\n\t\t\n\n<p style=\"color: #04c5fe;\">\u201c<\/p>\n\t\t\t<\/div>\n\t\n\t<div id=\"text-3998271635\" class=\"text fontsize_18 color_black\">\n\t\t\n\n<p class=\"\" data-start=\"96\" data-end=\"601\"><strong data-start=\"96\" data-end=\"132\">O CEO Carlo Filangieri comentou: <\/strong>\u201c<em>Gostaria de agradecer ao ex-Presidente Claudio Calabi pela valiosa contribui\u00e7\u00e3o prestada \u00e0 empresa nos \u00faltimos anos e dar as boas-vindas a Teo Luzi, cuja experi\u00eancia ser\u00e1 um ativo precioso para a Italtel. Estou muito confiante em rela\u00e7\u00e3o ao futuro. Nestes primeiros meses, encontrei dentro da empresa uma forte paix\u00e3o e grande compet\u00eancia; temos uma rela\u00e7\u00e3o construtiva com nossos acionistas e \u2014 o mais importante \u2014 estamos recebendo um retorno positivo do mercado.\u00a0Os dados preliminares desta primeira fase do ano est\u00e3o alinhados com o nosso or\u00e7amento, e esperamos melhor\u00e1-los ao longo do tempo com as a\u00e7\u00f5es adicionais que estamos implementando. Nosso plano industrial prev\u00ea uma expans\u00e3o estrat\u00e9gica em \u00e1reas de neg\u00f3cios e mercados verticais como Administra\u00e7\u00e3o P\u00fablica, Utilities, Transporte, Manufatura, Bancos e Seguros, mantendo ao mesmo tempo nosso papel distintivo como parceiro estrat\u00e9gico para os operadores de telecomunica\u00e7\u00f5es, tanto na It\u00e1lia quanto no exterior, onde geramos mais de 45% das receitas.\u00a0Al\u00e9m de ampliar nosso portf\u00f3lio de solu\u00e7\u00f5es e servi\u00e7os digitais \u2014 aproveitando as compet\u00eancias e capacidades de desenvolvimento dos nossos engenheiros \u2014 estaremos ao lado de nossos clientes na gest\u00e3o de infraestruturas cr\u00edticas por meio do nosso Global Digital Operation Center, que opera 24 horas por dia, 7 dias por semana, em tr\u00eas pa\u00edses. Nosso objetivo \u00e9 apoiar a transforma\u00e7\u00e3o digital de empresas privadas e administra\u00e7\u00f5es p\u00fablicas em todos os mercados onde atuamos, contribuindo para seu crescimento, efici\u00eancia e competitividade<\/em>.\u201d<\/p>\n\t\t\t<\/div>\n\t\n\n\t\t<\/div>\n\t\t\t\t\n<style>\n#col-820019411 > .col-inner {\n  padding: 0px 0px 0px 4rem;\n}\n<\/style>\n\t<\/div>\n\n\t\n\n<\/div>\n\n\t\t<\/div>\n\t\t\t\t\n<style>\n#col-234432157 > .col-inner {\n  padding: 6rem 11rem 0px 0px;\n}\n<\/style>\n\t<\/div>\n\n\t\n\n\t<div id=\"col-1039117586\" class=\"col sibebar_col medium-3 small-12 large-3\"  >\n\t\t<div class=\"is-sticky-column\"><div class=\"is-sticky-column__inner\">\t\t<div class=\"col-inner\"  >\n\t\t\t\n\t\t\t\n\n\t<div id=\"text-2123390706\" class=\"text fontsize_16 color_black fontweight_500\">\n\t\t\n\n<p>KEYWORDS<\/p>\n\t\t\t<\/div>\n\t\n<div class=\"is-divider divider clearfix\" style=\"margin-top:2rem;margin-bottom:2rem;max-width:100%;height:1px;background-color:rgba(112, 112, 112, 0.302);\"><\/div>\n\n\t<div id=\"text-1718684233\" class=\"text fontsize_18 color_black\">\n\t\t\n\n<p>LEADERSHIP<\/p>\n\t\t\t<\/div>\n\t\n<div class=\"is-divider divider clearfix\" style=\"margin-top:2rem;margin-bottom:2rem;max-width:100%;height:1px;background-color:rgba(112, 112, 112, 0.302);\"><\/div>\n\n\t<div id=\"text-1647591550\" class=\"text fontsize_18 color_black\">\n\t\t\n\n<p>HIGH PROFILE INSTITUTIONAL FIGURE<\/p>\n\t\t\t<\/div>\n\t\n<div class=\"is-divider divider clearfix\" style=\"margin-top:2rem;margin-bottom:2rem;max-width:100%;height:1px;background-color:rgba(112, 112, 112, 0.302);\"><\/div>\n\n\t<div id=\"text-2051831503\" class=\"text fontsize_18 color_black\">\n\t\t\n\n<p>EXPERIENCE<\/p>\n\t\t\t<\/div>\n\t\n<div class=\"is-divider divider clearfix\" style=\"margin-top:2rem;margin-bottom:2rem;max-width:100%;height:1px;background-color:rgba(112, 112, 112, 0.302);\"><\/div>\n\n\t<div id=\"gap-229533971\" class=\"gap-element clearfix\" style=\"display:block; height:auto;\">\n\t\t\n<style>\n#gap-229533971 {\n  padding-top: 13rem;\n}\n<\/style>\n\t<\/div>\n\t\n\n\t<div id=\"text-2761705848\" class=\"text fontsize_16 color_black fontweight_500\">\n\t\t\n\n<p>DOCUMENTS<\/p>\n\t\t\t<\/div>\n\t\n<div class=\"is-divider divider clearfix\" style=\"margin-top:2rem;margin-bottom:2rem;max-width:100%;height:1px;background-color:rgba(112, 112, 112, 0.302);\"><\/div>\n\n\t<div id=\"text-3957453375\" class=\"text fontsize_18 color_black\">\n\t\t\n\n<p><a href=\"https:\/\/www.italtel.com\/wp-content\/uploads\/2025\/04\/PR-Italtel-new-BoD.pdf\" target=\"_blank\" rel=\"noopener\">PRESS RELEASE (ENGLISH)<\/a><\/p>\n\n\t\t\t<\/div>\n\t\n<div class=\"is-divider divider clearfix\" style=\"margin-top:2rem;margin-bottom:2rem;max-width:100%;height:1px;background-color:rgba(112, 112, 112, 0.302);\"><\/div>\n\n\t<div id=\"gap-378787153\" class=\"gap-element clearfix\" style=\"display:block; height:auto;\">\n\t\t\n<style>\n#gap-378787153 {\n  padding-top: 13rem;\n}\n<\/style>\n\t<\/div>\n\t\n\n\t<div id=\"text-685238227\" class=\"text fontsize_16 color_black fontweight_500\">\n\t\t\n\nSHARE THE PAGE\n\t\t\t<\/div>\n\t\n<div class=\"is-divider divider clearfix\" style=\"margin-top:2rem;margin-bottom:2rem;max-width:100%;height:1px;background-color:rgba(112, 112, 112, 0.302);\"><\/div>\n\n\t<div class=\"img has-hover socialshare_icon linkedin x md-x lg-x y md-y lg-y\" id=\"image_65961456\">\n\t\t\t\t\t\t\t\t<div class=\"img-inner dark\" >\n\t\t\t<img loading=\"lazy\" decoding=\"async\" width=\"1\" height=\"1\" src=\"https:\/\/www.italtel.com\/wp-content\/uploads\/2024\/09\/Linkedin-icon.svg\" class=\"attachment-large size-large\" alt=\"Linkedin-icon\" \/>\t\t\t\t\t\t\n\t\t\t\t\t<\/div>\n\t\t\t\t\t\t\t\t\n<style>\n#image_65961456 {\n  width: 100%;\n}\n<\/style>\n\t<\/div>\n\t\n\n\t<div class=\"img has-hover socialshare_icon instagram x md-x lg-x y md-y lg-y\" id=\"image_1608497165\">\n\t\t\t\t\t\t\t\t<div class=\"img-inner dark\" >\n\t\t\t<img loading=\"lazy\" decoding=\"async\" width=\"27\" height=\"27\" src=\"https:\/\/www.italtel.com\/wp-content\/uploads\/2024\/07\/Raggruppa-12942.png\" class=\"attachment-large size-large\" alt=\"Instagram icon\" \/>\t\t\t\t\t\t\n\t\t\t\t\t<\/div>\n\t\t\t\t\t\t\t\t\n<style>\n#image_1608497165 {\n  width: 100%;\n}\n<\/style>\n\t<\/div>\n\t\n\n\t<div class=\"img has-hover socialshare_icon ex x md-x lg-x y md-y lg-y\" id=\"image_1501043049\">\n\t\t\t\t\t\t\t\t<div class=\"img-inner dark\" >\n\t\t\t<img loading=\"lazy\" decoding=\"async\" width=\"1\" height=\"1\" src=\"https:\/\/www.italtel.com\/wp-content\/uploads\/2024\/09\/X-icon.svg\" class=\"attachment-large size-large\" alt=\"X-icon\" \/>\t\t\t\t\t\t\n\t\t\t\t\t<\/div>\n\t\t\t\t\t\t\t\t\n<style>\n#image_1501043049 {\n  width: 100%;\n}\n<\/style>\n\t<\/div>\n\t\n\n\n\t\t<\/div>\n\t\t<\/div><\/div>\t\t\n<style>\n#col-1039117586 > .is-sticky-column > .is-sticky-column__inner > .col-inner {\n  padding: 6rem 0px 0px 0px;\n}\n<\/style>\n\t<\/div>\n\n\t\n\n<\/div>\n\n","protected":false},"excerpt":{"rendered":"","protected":false},"author":6,"featured_media":70589,"comment_status":"closed","ping_status":"closed","sticky":false,"template":"","format":"standard","meta":{"footnotes":""},"categories":[955],"tags":[956],"class_list":["post-70668","post","type-post","status-publish","format-standard","has-post-thumbnail","hentry","category-press-release-pt-br","tag-company-pt-br"],"yoast_head":"<!-- This site is optimized with the Yoast SEO plugin v27.4 - https:\/\/yoast.com\/product\/yoast-seo-wordpress\/ -->\n<title>Italtel anuncia novo Conselho de Administra\u00e7\u00e3o: Teo Luzi nomeado Presidente, Carlo Filangieri confirmado como CEO - Italtel<\/title>\n<meta name=\"robots\" content=\"index, follow, max-snippet:-1, max-image-preview:large, max-video-preview:-1\" \/>\n<link rel=\"canonical\" href=\"https:\/\/www.italtel.com\/pt-br\/italtel-announces-new-board-of-directors-teo-luzi-appointed-chairman-carlo-filangieri-confirmed-as-ceo\/\" \/>\n<meta property=\"og:locale\" content=\"pt_BR\" \/>\n<meta property=\"og:type\" content=\"article\" \/>\n<meta property=\"og:title\" content=\"Italtel anuncia novo Conselho de Administra\u00e7\u00e3o: Teo Luzi nomeado Presidente, Carlo Filangieri confirmado como CEO - Italtel\" \/>\n<meta property=\"og:url\" content=\"https:\/\/www.italtel.com\/pt-br\/italtel-announces-new-board-of-directors-teo-luzi-appointed-chairman-carlo-filangieri-confirmed-as-ceo\/\" \/>\n<meta property=\"og:site_name\" content=\"Italtel\" \/>\n<meta property=\"article:published_time\" content=\"2025-04-10T12:59:20+00:00\" \/>\n<meta property=\"article:modified_time\" content=\"2025-04-10T13:29:52+00:00\" \/>\n<meta property=\"og:image\" content=\"https:\/\/www.italtel.com\/wp-content\/uploads\/2025\/04\/teoluzi_-scaled.webp\" \/>\n\t<meta property=\"og:image:width\" content=\"2560\" \/>\n\t<meta property=\"og:image:height\" content=\"1439\" \/>\n\t<meta property=\"og:image:type\" content=\"image\/webp\" \/>\n<meta name=\"author\" content=\"Daniela Fontana\" \/>\n<meta name=\"twitter:card\" content=\"summary_large_image\" \/>\n<meta name=\"twitter:creator\" content=\"@Italtel\" \/>\n<meta name=\"twitter:site\" content=\"@Italtel\" \/>\n<meta name=\"twitter:label1\" content=\"Escrito por\" \/>\n\t<meta name=\"twitter:data1\" content=\"Daniela Fontana\" \/>\n\t<meta name=\"twitter:label2\" content=\"Est. tempo de leitura\" \/>\n\t<meta name=\"twitter:data2\" content=\"4 minutos\" \/>\n<script type=\"application\/ld+json\" class=\"yoast-schema-graph\">{\"@context\":\"https:\\\/\\\/schema.org\",\"@graph\":[{\"@type\":\"Article\",\"@id\":\"https:\\\/\\\/www.italtel.com\\\/pt-br\\\/italtel-announces-new-board-of-directors-teo-luzi-appointed-chairman-carlo-filangieri-confirmed-as-ceo\\\/#article\",\"isPartOf\":{\"@id\":\"https:\\\/\\\/www.italtel.com\\\/pt-br\\\/italtel-announces-new-board-of-directors-teo-luzi-appointed-chairman-carlo-filangieri-confirmed-as-ceo\\\/\"},\"author\":{\"name\":\"Daniela Fontana\",\"@id\":\"https:\\\/\\\/www.italtel.com\\\/de\\\/#\\\/schema\\\/person\\\/38f315d5a978255f0cf320055bad5afe\"},\"headline\":\"Italtel anuncia novo Conselho de Administra\u00e7\u00e3o: Teo Luzi nomeado Presidente, Carlo Filangieri confirmado como CEO\",\"datePublished\":\"2025-04-10T12:59:20+00:00\",\"dateModified\":\"2025-04-10T13:29:52+00:00\",\"mainEntityOfPage\":{\"@id\":\"https:\\\/\\\/www.italtel.com\\\/pt-br\\\/italtel-announces-new-board-of-directors-teo-luzi-appointed-chairman-carlo-filangieri-confirmed-as-ceo\\\/\"},\"wordCount\":986,\"publisher\":{\"@id\":\"https:\\\/\\\/www.italtel.com\\\/de\\\/#organization\"},\"image\":{\"@id\":\"https:\\\/\\\/www.italtel.com\\\/pt-br\\\/italtel-announces-new-board-of-directors-teo-luzi-appointed-chairman-carlo-filangieri-confirmed-as-ceo\\\/#primaryimage\"},\"thumbnailUrl\":\"https:\\\/\\\/www.italtel.com\\\/wp-content\\\/uploads\\\/2025\\\/04\\\/teoluzi_-scaled.webp\",\"keywords\":[\"Company\"],\"articleSection\":[\"Press release\"],\"inLanguage\":\"pt-BR\"},{\"@type\":\"WebPage\",\"@id\":\"https:\\\/\\\/www.italtel.com\\\/pt-br\\\/italtel-announces-new-board-of-directors-teo-luzi-appointed-chairman-carlo-filangieri-confirmed-as-ceo\\\/\",\"url\":\"https:\\\/\\\/www.italtel.com\\\/pt-br\\\/italtel-announces-new-board-of-directors-teo-luzi-appointed-chairman-carlo-filangieri-confirmed-as-ceo\\\/\",\"name\":\"Italtel anuncia novo Conselho de Administra\u00e7\u00e3o: Teo Luzi nomeado Presidente, Carlo Filangieri confirmado como CEO - Italtel\",\"isPartOf\":{\"@id\":\"https:\\\/\\\/www.italtel.com\\\/de\\\/#website\"},\"primaryImageOfPage\":{\"@id\":\"https:\\\/\\\/www.italtel.com\\\/pt-br\\\/italtel-announces-new-board-of-directors-teo-luzi-appointed-chairman-carlo-filangieri-confirmed-as-ceo\\\/#primaryimage\"},\"image\":{\"@id\":\"https:\\\/\\\/www.italtel.com\\\/pt-br\\\/italtel-announces-new-board-of-directors-teo-luzi-appointed-chairman-carlo-filangieri-confirmed-as-ceo\\\/#primaryimage\"},\"thumbnailUrl\":\"https:\\\/\\\/www.italtel.com\\\/wp-content\\\/uploads\\\/2025\\\/04\\\/teoluzi_-scaled.webp\",\"datePublished\":\"2025-04-10T12:59:20+00:00\",\"dateModified\":\"2025-04-10T13:29:52+00:00\",\"breadcrumb\":{\"@id\":\"https:\\\/\\\/www.italtel.com\\\/pt-br\\\/italtel-announces-new-board-of-directors-teo-luzi-appointed-chairman-carlo-filangieri-confirmed-as-ceo\\\/#breadcrumb\"},\"inLanguage\":\"pt-BR\",\"potentialAction\":[{\"@type\":\"ReadAction\",\"target\":[\"https:\\\/\\\/www.italtel.com\\\/pt-br\\\/italtel-announces-new-board-of-directors-teo-luzi-appointed-chairman-carlo-filangieri-confirmed-as-ceo\\\/\"]}]},{\"@type\":\"ImageObject\",\"inLanguage\":\"pt-BR\",\"@id\":\"https:\\\/\\\/www.italtel.com\\\/pt-br\\\/italtel-announces-new-board-of-directors-teo-luzi-appointed-chairman-carlo-filangieri-confirmed-as-ceo\\\/#primaryimage\",\"url\":\"https:\\\/\\\/www.italtel.com\\\/wp-content\\\/uploads\\\/2025\\\/04\\\/teoluzi_-scaled.webp\",\"contentUrl\":\"https:\\\/\\\/www.italtel.com\\\/wp-content\\\/uploads\\\/2025\\\/04\\\/teoluzi_-scaled.webp\",\"width\":2560,\"height\":1439,\"caption\":\"Teo Luzi, Chairman at Italtel\"},{\"@type\":\"BreadcrumbList\",\"@id\":\"https:\\\/\\\/www.italtel.com\\\/pt-br\\\/italtel-announces-new-board-of-directors-teo-luzi-appointed-chairman-carlo-filangieri-confirmed-as-ceo\\\/#breadcrumb\",\"itemListElement\":[{\"@type\":\"ListItem\",\"position\":1,\"name\":\"Home\",\"item\":\"https:\\\/\\\/www.italtel.com\\\/pt-br\\\/\"},{\"@type\":\"ListItem\",\"position\":2,\"name\":\"Italtel anuncia novo Conselho de Administra\u00e7\u00e3o: Teo Luzi nomeado Presidente, Carlo Filangieri confirmado como CEO\"}]},{\"@type\":\"WebSite\",\"@id\":\"https:\\\/\\\/www.italtel.com\\\/de\\\/#website\",\"url\":\"https:\\\/\\\/www.italtel.com\\\/de\\\/\",\"name\":\"Italtel\",\"description\":\"Italtel Group&#039;s company website\",\"publisher\":{\"@id\":\"https:\\\/\\\/www.italtel.com\\\/de\\\/#organization\"},\"potentialAction\":[{\"@type\":\"SearchAction\",\"target\":{\"@type\":\"EntryPoint\",\"urlTemplate\":\"https:\\\/\\\/www.italtel.com\\\/de\\\/?s={search_term_string}\"},\"query-input\":{\"@type\":\"PropertyValueSpecification\",\"valueRequired\":true,\"valueName\":\"search_term_string\"}}],\"inLanguage\":\"pt-BR\"},{\"@type\":\"Organization\",\"@id\":\"https:\\\/\\\/www.italtel.com\\\/de\\\/#organization\",\"name\":\"Italtel S.p.A.\",\"url\":\"https:\\\/\\\/www.italtel.com\\\/de\\\/\",\"logo\":{\"@type\":\"ImageObject\",\"inLanguage\":\"pt-BR\",\"@id\":\"https:\\\/\\\/www.italtel.com\\\/de\\\/#\\\/schema\\\/logo\\\/image\\\/\",\"url\":\"https:\\\/\\\/www.italtel.com\\\/wp-content\\\/uploads\\\/2024\\\/11\\\/Italtel_logo.png\",\"contentUrl\":\"https:\\\/\\\/www.italtel.com\\\/wp-content\\\/uploads\\\/2024\\\/11\\\/Italtel_logo.png\",\"width\":591,\"height\":139,\"caption\":\"Italtel S.p.A.\"},\"image\":{\"@id\":\"https:\\\/\\\/www.italtel.com\\\/de\\\/#\\\/schema\\\/logo\\\/image\\\/\"},\"sameAs\":[\"https:\\\/\\\/x.com\\\/Italtel\",\"https:\\\/\\\/www.linkedin.com\\\/company\\\/italtel\\\/\",\"https:\\\/\\\/www.instagram.com\\\/italtel_hq\\\/\"]},{\"@type\":\"Person\",\"@id\":\"https:\\\/\\\/www.italtel.com\\\/de\\\/#\\\/schema\\\/person\\\/38f315d5a978255f0cf320055bad5afe\",\"name\":\"Daniela Fontana\",\"image\":{\"@type\":\"ImageObject\",\"inLanguage\":\"pt-BR\",\"@id\":\"https:\\\/\\\/secure.gravatar.com\\\/avatar\\\/834a03b0c73144a8ca36e17dc365b3fbadb34c9e44399b609a00f2231e694f6a?s=96&d=mm&r=g\",\"url\":\"https:\\\/\\\/secure.gravatar.com\\\/avatar\\\/834a03b0c73144a8ca36e17dc365b3fbadb34c9e44399b609a00f2231e694f6a?s=96&d=mm&r=g\",\"contentUrl\":\"https:\\\/\\\/secure.gravatar.com\\\/avatar\\\/834a03b0c73144a8ca36e17dc365b3fbadb34c9e44399b609a00f2231e694f6a?s=96&d=mm&r=g\",\"caption\":\"Daniela Fontana\"}}]}<\/script>\n<!-- \/ Yoast SEO plugin. -->","yoast_head_json":{"title":"Italtel anuncia novo Conselho de Administra\u00e7\u00e3o: Teo Luzi nomeado Presidente, Carlo Filangieri confirmado como CEO - Italtel","robots":{"index":"index","follow":"follow","max-snippet":"max-snippet:-1","max-image-preview":"max-image-preview:large","max-video-preview":"max-video-preview:-1"},"canonical":"https:\/\/www.italtel.com\/pt-br\/italtel-announces-new-board-of-directors-teo-luzi-appointed-chairman-carlo-filangieri-confirmed-as-ceo\/","og_locale":"pt_BR","og_type":"article","og_title":"Italtel anuncia novo Conselho de Administra\u00e7\u00e3o: Teo Luzi nomeado Presidente, Carlo Filangieri confirmado como CEO - Italtel","og_url":"https:\/\/www.italtel.com\/pt-br\/italtel-announces-new-board-of-directors-teo-luzi-appointed-chairman-carlo-filangieri-confirmed-as-ceo\/","og_site_name":"Italtel","article_published_time":"2025-04-10T12:59:20+00:00","article_modified_time":"2025-04-10T13:29:52+00:00","og_image":[{"width":2560,"height":1439,"url":"https:\/\/www.italtel.com\/wp-content\/uploads\/2025\/04\/teoluzi_-scaled.webp","type":"image\/webp"}],"author":"Daniela Fontana","twitter_card":"summary_large_image","twitter_creator":"@Italtel","twitter_site":"@Italtel","twitter_misc":{"Escrito por":"Daniela Fontana","Est. tempo de leitura":"4 minutos"},"schema":{"@context":"https:\/\/schema.org","@graph":[{"@type":"Article","@id":"https:\/\/www.italtel.com\/pt-br\/italtel-announces-new-board-of-directors-teo-luzi-appointed-chairman-carlo-filangieri-confirmed-as-ceo\/#article","isPartOf":{"@id":"https:\/\/www.italtel.com\/pt-br\/italtel-announces-new-board-of-directors-teo-luzi-appointed-chairman-carlo-filangieri-confirmed-as-ceo\/"},"author":{"name":"Daniela Fontana","@id":"https:\/\/www.italtel.com\/de\/#\/schema\/person\/38f315d5a978255f0cf320055bad5afe"},"headline":"Italtel anuncia novo Conselho de Administra\u00e7\u00e3o: Teo Luzi nomeado Presidente, Carlo Filangieri confirmado como CEO","datePublished":"2025-04-10T12:59:20+00:00","dateModified":"2025-04-10T13:29:52+00:00","mainEntityOfPage":{"@id":"https:\/\/www.italtel.com\/pt-br\/italtel-announces-new-board-of-directors-teo-luzi-appointed-chairman-carlo-filangieri-confirmed-as-ceo\/"},"wordCount":986,"publisher":{"@id":"https:\/\/www.italtel.com\/de\/#organization"},"image":{"@id":"https:\/\/www.italtel.com\/pt-br\/italtel-announces-new-board-of-directors-teo-luzi-appointed-chairman-carlo-filangieri-confirmed-as-ceo\/#primaryimage"},"thumbnailUrl":"https:\/\/www.italtel.com\/wp-content\/uploads\/2025\/04\/teoluzi_-scaled.webp","keywords":["Company"],"articleSection":["Press release"],"inLanguage":"pt-BR"},{"@type":"WebPage","@id":"https:\/\/www.italtel.com\/pt-br\/italtel-announces-new-board-of-directors-teo-luzi-appointed-chairman-carlo-filangieri-confirmed-as-ceo\/","url":"https:\/\/www.italtel.com\/pt-br\/italtel-announces-new-board-of-directors-teo-luzi-appointed-chairman-carlo-filangieri-confirmed-as-ceo\/","name":"Italtel anuncia novo Conselho de Administra\u00e7\u00e3o: Teo Luzi nomeado Presidente, Carlo Filangieri confirmado como CEO - Italtel","isPartOf":{"@id":"https:\/\/www.italtel.com\/de\/#website"},"primaryImageOfPage":{"@id":"https:\/\/www.italtel.com\/pt-br\/italtel-announces-new-board-of-directors-teo-luzi-appointed-chairman-carlo-filangieri-confirmed-as-ceo\/#primaryimage"},"image":{"@id":"https:\/\/www.italtel.com\/pt-br\/italtel-announces-new-board-of-directors-teo-luzi-appointed-chairman-carlo-filangieri-confirmed-as-ceo\/#primaryimage"},"thumbnailUrl":"https:\/\/www.italtel.com\/wp-content\/uploads\/2025\/04\/teoluzi_-scaled.webp","datePublished":"2025-04-10T12:59:20+00:00","dateModified":"2025-04-10T13:29:52+00:00","breadcrumb":{"@id":"https:\/\/www.italtel.com\/pt-br\/italtel-announces-new-board-of-directors-teo-luzi-appointed-chairman-carlo-filangieri-confirmed-as-ceo\/#breadcrumb"},"inLanguage":"pt-BR","potentialAction":[{"@type":"ReadAction","target":["https:\/\/www.italtel.com\/pt-br\/italtel-announces-new-board-of-directors-teo-luzi-appointed-chairman-carlo-filangieri-confirmed-as-ceo\/"]}]},{"@type":"ImageObject","inLanguage":"pt-BR","@id":"https:\/\/www.italtel.com\/pt-br\/italtel-announces-new-board-of-directors-teo-luzi-appointed-chairman-carlo-filangieri-confirmed-as-ceo\/#primaryimage","url":"https:\/\/www.italtel.com\/wp-content\/uploads\/2025\/04\/teoluzi_-scaled.webp","contentUrl":"https:\/\/www.italtel.com\/wp-content\/uploads\/2025\/04\/teoluzi_-scaled.webp","width":2560,"height":1439,"caption":"Teo Luzi, Chairman at Italtel"},{"@type":"BreadcrumbList","@id":"https:\/\/www.italtel.com\/pt-br\/italtel-announces-new-board-of-directors-teo-luzi-appointed-chairman-carlo-filangieri-confirmed-as-ceo\/#breadcrumb","itemListElement":[{"@type":"ListItem","position":1,"name":"Home","item":"https:\/\/www.italtel.com\/pt-br\/"},{"@type":"ListItem","position":2,"name":"Italtel anuncia novo Conselho de Administra\u00e7\u00e3o: Teo Luzi nomeado Presidente, Carlo Filangieri confirmado como CEO"}]},{"@type":"WebSite","@id":"https:\/\/www.italtel.com\/de\/#website","url":"https:\/\/www.italtel.com\/de\/","name":"Italtel","description":"Italtel Group&#039;s company website","publisher":{"@id":"https:\/\/www.italtel.com\/de\/#organization"},"potentialAction":[{"@type":"SearchAction","target":{"@type":"EntryPoint","urlTemplate":"https:\/\/www.italtel.com\/de\/?s={search_term_string}"},"query-input":{"@type":"PropertyValueSpecification","valueRequired":true,"valueName":"search_term_string"}}],"inLanguage":"pt-BR"},{"@type":"Organization","@id":"https:\/\/www.italtel.com\/de\/#organization","name":"Italtel S.p.A.","url":"https:\/\/www.italtel.com\/de\/","logo":{"@type":"ImageObject","inLanguage":"pt-BR","@id":"https:\/\/www.italtel.com\/de\/#\/schema\/logo\/image\/","url":"https:\/\/www.italtel.com\/wp-content\/uploads\/2024\/11\/Italtel_logo.png","contentUrl":"https:\/\/www.italtel.com\/wp-content\/uploads\/2024\/11\/Italtel_logo.png","width":591,"height":139,"caption":"Italtel S.p.A."},"image":{"@id":"https:\/\/www.italtel.com\/de\/#\/schema\/logo\/image\/"},"sameAs":["https:\/\/x.com\/Italtel","https:\/\/www.linkedin.com\/company\/italtel\/","https:\/\/www.instagram.com\/italtel_hq\/"]},{"@type":"Person","@id":"https:\/\/www.italtel.com\/de\/#\/schema\/person\/38f315d5a978255f0cf320055bad5afe","name":"Daniela Fontana","image":{"@type":"ImageObject","inLanguage":"pt-BR","@id":"https:\/\/secure.gravatar.com\/avatar\/834a03b0c73144a8ca36e17dc365b3fbadb34c9e44399b609a00f2231e694f6a?s=96&d=mm&r=g","url":"https:\/\/secure.gravatar.com\/avatar\/834a03b0c73144a8ca36e17dc365b3fbadb34c9e44399b609a00f2231e694f6a?s=96&d=mm&r=g","contentUrl":"https:\/\/secure.gravatar.com\/avatar\/834a03b0c73144a8ca36e17dc365b3fbadb34c9e44399b609a00f2231e694f6a?s=96&d=mm&r=g","caption":"Daniela Fontana"}}]}},"_links":{"self":[{"href":"https:\/\/www.italtel.com\/pt-br\/wp-json\/wp\/v2\/posts\/70668","targetHints":{"allow":["GET"]}}],"collection":[{"href":"https:\/\/www.italtel.com\/pt-br\/wp-json\/wp\/v2\/posts"}],"about":[{"href":"https:\/\/www.italtel.com\/pt-br\/wp-json\/wp\/v2\/types\/post"}],"author":[{"embeddable":true,"href":"https:\/\/www.italtel.com\/pt-br\/wp-json\/wp\/v2\/users\/6"}],"replies":[{"embeddable":true,"href":"https:\/\/www.italtel.com\/pt-br\/wp-json\/wp\/v2\/comments?post=70668"}],"version-history":[{"count":3,"href":"https:\/\/www.italtel.com\/pt-br\/wp-json\/wp\/v2\/posts\/70668\/revisions"}],"predecessor-version":[{"id":70671,"href":"https:\/\/www.italtel.com\/pt-br\/wp-json\/wp\/v2\/posts\/70668\/revisions\/70671"}],"wp:featuredmedia":[{"embeddable":true,"href":"https:\/\/www.italtel.com\/pt-br\/wp-json\/wp\/v2\/media\/70589"}],"wp:attachment":[{"href":"https:\/\/www.italtel.com\/pt-br\/wp-json\/wp\/v2\/media?parent=70668"}],"wp:term":[{"taxonomy":"category","embeddable":true,"href":"https:\/\/www.italtel.com\/pt-br\/wp-json\/wp\/v2\/categories?post=70668"},{"taxonomy":"post_tag","embeddable":true,"href":"https:\/\/www.italtel.com\/pt-br\/wp-json\/wp\/v2\/tags?post=70668"}],"curies":[{"name":"wp","href":"https:\/\/api.w.org\/{rel}","templated":true}]}}