{"id":74543,"date":"2025-05-21T11:07:25","date_gmt":"2025-05-21T09:07:25","guid":{"rendered":"https:\/\/www.italtel.com\/may-21st-international-day-for-cultural-diversity-dialogue-and-development\/"},"modified":"2025-05-21T11:18:32","modified_gmt":"2025-05-21T09:18:32","slug":"21-de-maio-dia-mundial-da-diversidade-cultural-para-o-dialogo-e-o-desenvolvimento","status":"publish","type":"post","link":"https:\/\/www.italtel.com\/pt-br\/21-de-maio-dia-mundial-da-diversidade-cultural-para-o-dialogo-e-o-desenvolvimento\/","title":{"rendered":"21 de maio: Dia Mundial da Diversidade Cultural para o Di\u00e1logo e o Desenvolvimento"},"content":{"rendered":"\n<div class=\"row\"  id=\"row-705543977\">\n\n\n\t<div id=\"col-2135491969\" class=\"col medium-9 small-12 large-9\"  >\n\t\t\t\t<div class=\"col-inner\"  >\n\t\t\t\n\t\t\t\n\n\t<div id=\"text-1145247282\" class=\"text fontsize_18 color_black\">\n\t\t\n\n<p class=\"\" data-start=\"3994\" data-end=\"4283\">Na Italtel, a diversidade cultural n\u00e3o \u00e9 apenas um valor: \u00e9 parte fundamental da nossa identidade. Nossos times, na It\u00e1lia e ao redor do mundo, re\u00fanem pessoas de 22 nacionalidades diferentes, que trazem consigo perspectivas, habilidades e vis\u00f5es que enriquecem nossa empresa todos os dias.<\/p>\n<p class=\"\" data-start=\"4285\" data-end=\"4448\">Acreditamos que o di\u00e1logo entre culturas \u00e9 uma for\u00e7a poderosa para a inova\u00e7\u00e3o e a coes\u00e3o, capaz de transformar diferen\u00e7as em oportunidades de crescimento conjunto.<\/p>\n<p class=\"\" data-start=\"4450\" data-end=\"4639\">Esse princ\u00edpio tamb\u00e9m orienta nossas a\u00e7\u00f5es na \u00e1rea de ESG, com iniciativas concretas voltadas ao bem-estar, \u00e0 equidade e \u00e0 participa\u00e7\u00e3o ativa de todas as pessoas que fazem parte da Italtel.<\/p>\n<p class=\"\" data-start=\"4641\" data-end=\"4722\">Porque s\u00f3 valorizando cada voz podemos construir um futuro realmente sustent\u00e1vel.<\/p>\n\t\t\t<\/div>\n\t\n<div class=\"video video-fit mb\" style=\"padding-top:56.25%;\"><iframe loading=\"lazy\" title=\"International Day for Cultural Diversity, Dialogue and Development\" width=\"1020\" height=\"574\" src=\"https:\/\/www.youtube.com\/embed\/GScUyc62FKg?feature=oembed\" frameborder=\"0\" allow=\"accelerometer; autoplay; clipboard-write; encrypted-media; gyroscope; picture-in-picture; web-share\" referrerpolicy=\"strict-origin-when-cross-origin\" allowfullscreen><\/iframe><\/div>\n\n\n\t\t<\/div>\n\t\t\t\t\n<style>\n#col-2135491969 > .col-inner {\n  padding: 6rem 11rem 0px 0px;\n}\n<\/style>\n\t<\/div>\n\n\t\n\n\t<div id=\"col-1936434739\" class=\"col sibebar_col medium-3 small-12 large-3\"  >\n\t\t<div class=\"is-sticky-column\"><div class=\"is-sticky-column__inner\">\t\t<div class=\"col-inner\"  >\n\t\t\t\n\t\t\t\n\n\t<div id=\"text-944632349\" class=\"text fontsize_16 color_black fontweight_500\">\n\t\t\n\nTECH KEYWORDS\n\t\t\t<\/div>\n\t\n<div class=\"is-divider divider clearfix\" style=\"margin-top:2rem;margin-bottom:2rem;max-width:100%;height:1px;background-color:rgba(112, 112, 112, 0.302);\"><\/div>\n\n\t<div id=\"text-936546338\" class=\"text fontsize_18 color_black\">\n\t\t\n\n<p>DIVERSITY &amp; INCLUSION<\/p>\n\t\t\t<\/div>\n\t\n<div class=\"is-divider divider clearfix\" style=\"margin-top:2rem;margin-bottom:2rem;max-width:100%;height:1px;background-color:rgba(112, 112, 112, 0.302);\"><\/div>\n\n\t<div id=\"text-3110549889\" class=\"text fontsize_18 color_black\">\n\t\t\n\n<p>CULTURAL DIVERSITY<\/p>\n\t\t\t<\/div>\n\t\n<div class=\"is-divider divider clearfix\" style=\"margin-top:2rem;margin-bottom:2rem;max-width:100%;height:1px;background-color:rgba(112, 112, 112, 0.302);\"><\/div>\n\n\t<div id=\"text-4286576826\" class=\"text fontsize_18 color_black\">\n\t\t\n\n<p>INTERCULTURAL DIALOGUE<\/p>\n\t\t\t<\/div>\n\t\n\t<div id=\"gap-571271682\" class=\"gap-element clearfix\" style=\"display:block; height:auto;\">\n\t\t\n<style>\n#gap-571271682 {\n  padding-top: 13rem;\n}\n<\/style>\n\t<\/div>\n\t\n\n\t<div id=\"text-2718640851\" class=\"text fontsize_16 color_black fontweight_500\">\n\t\t\n\nSHARE THE PAGE\n\t\t\t<\/div>\n\t\n<div class=\"is-divider divider clearfix\" style=\"margin-top:2rem;margin-bottom:2rem;max-width:100%;height:1px;background-color:rgba(112, 112, 112, 0.302);\"><\/div>\n\n\t<div class=\"img has-hover socialshare_icon linkedin x md-x lg-x y md-y lg-y\" id=\"image_544478765\">\n\t\t\t\t\t\t\t\t<div class=\"img-inner dark\" >\n\t\t\t<img loading=\"lazy\" decoding=\"async\" width=\"1\" height=\"1\" src=\"https:\/\/www.italtel.com\/wp-content\/uploads\/2024\/09\/Linkedin-icon.svg\" class=\"attachment-large size-large\" alt=\"Linkedin-icon\" \/>\t\t\t\t\t\t\n\t\t\t\t\t<\/div>\n\t\t\t\t\t\t\t\t\n<style>\n#image_544478765 {\n  width: 100%;\n}\n<\/style>\n\t<\/div>\n\t\n\n\t<div class=\"img has-hover socialshare_icon instagram x md-x lg-x y md-y lg-y\" id=\"image_163678283\">\n\t\t\t\t\t\t\t\t<div class=\"img-inner dark\" >\n\t\t\t<img loading=\"lazy\" decoding=\"async\" width=\"27\" height=\"27\" src=\"https:\/\/www.italtel.com\/wp-content\/uploads\/2024\/07\/Raggruppa-12942.png\" class=\"attachment-large size-large\" alt=\"Instagram icon\" \/>\t\t\t\t\t\t\n\t\t\t\t\t<\/div>\n\t\t\t\t\t\t\t\t\n<style>\n#image_163678283 {\n  width: 100%;\n}\n<\/style>\n\t<\/div>\n\t\n\n\t<div class=\"img has-hover socialshare_icon ex x md-x lg-x y md-y lg-y\" id=\"image_1479881381\">\n\t\t\t\t\t\t\t\t<div class=\"img-inner dark\" >\n\t\t\t<img loading=\"lazy\" decoding=\"async\" width=\"1\" height=\"1\" src=\"https:\/\/www.italtel.com\/wp-content\/uploads\/2024\/09\/X-icon.svg\" class=\"attachment-large size-large\" alt=\"X-icon\" \/>\t\t\t\t\t\t\n\t\t\t\t\t<\/div>\n\t\t\t\t\t\t\t\t\n<style>\n#image_1479881381 {\n  width: 100%;\n}\n<\/style>\n\t<\/div>\n\t\n\n\n\t\t<\/div>\n\t\t<\/div><\/div>\t\t\n<style>\n#col-1936434739 > .is-sticky-column > .is-sticky-column__inner > .col-inner {\n  padding: 6rem 0px 0px 0px;\n}\n<\/style>\n\t<\/div>\n\n\t\n\n<\/div>\n\n","protected":false},"excerpt":{"rendered":"","protected":false},"author":6,"featured_media":74508,"comment_status":"closed","ping_status":"closed","sticky":false,"template":"","format":"standard","meta":{"footnotes":""},"categories":[847],"tags":[956,1060],"class_list":["post-74543","post","type-post","status-publish","format-standard","has-post-thumbnail","hentry","category-news-pt-br","tag-company-pt-br","tag-diversity-inclusion-2-pt-br"],"yoast_head":"<!-- This site is optimized with the Yoast SEO plugin v27.4 - https:\/\/yoast.com\/product\/yoast-seo-wordpress\/ -->\n<title>21 de maio: Dia Mundial da Diversidade Cultural para o Di\u00e1logo e o Desenvolvimento - Italtel<\/title>\n<meta name=\"robots\" content=\"index, follow, max-snippet:-1, max-image-preview:large, max-video-preview:-1\" \/>\n<link rel=\"canonical\" href=\"https:\/\/www.italtel.com\/pt-br\/21-de-maio-dia-mundial-da-diversidade-cultural-para-o-dialogo-e-o-desenvolvimento\/\" \/>\n<meta property=\"og:locale\" content=\"pt_BR\" \/>\n<meta property=\"og:type\" content=\"article\" \/>\n<meta property=\"og:title\" content=\"21 de maio: Dia Mundial da Diversidade Cultural para o Di\u00e1logo e o Desenvolvimento - Italtel\" \/>\n<meta property=\"og:url\" content=\"https:\/\/www.italtel.com\/pt-br\/21-de-maio-dia-mundial-da-diversidade-cultural-para-o-dialogo-e-o-desenvolvimento\/\" \/>\n<meta property=\"og:site_name\" content=\"Italtel\" \/>\n<meta property=\"article:published_time\" content=\"2025-05-21T09:07:25+00:00\" \/>\n<meta property=\"article:modified_time\" content=\"2025-05-21T09:18:32+00:00\" \/>\n<meta property=\"og:image\" content=\"https:\/\/www.italtel.com\/wp-content\/uploads\/2025\/05\/diversity-scaled.webp\" \/>\n\t<meta property=\"og:image:width\" content=\"2560\" \/>\n\t<meta property=\"og:image:height\" content=\"1707\" \/>\n\t<meta property=\"og:image:type\" content=\"image\/webp\" \/>\n<meta name=\"author\" content=\"Daniela Fontana\" \/>\n<meta name=\"twitter:card\" content=\"summary_large_image\" \/>\n<meta name=\"twitter:creator\" content=\"@Italtel\" \/>\n<meta name=\"twitter:site\" content=\"@Italtel\" \/>\n<meta name=\"twitter:label1\" content=\"Escrito por\" \/>\n\t<meta name=\"twitter:data1\" content=\"Daniela Fontana\" \/>\n\t<meta name=\"twitter:label2\" content=\"Est. tempo de leitura\" \/>\n\t<meta name=\"twitter:data2\" content=\"2 minutos\" \/>\n<script type=\"application\/ld+json\" class=\"yoast-schema-graph\">{\"@context\":\"https:\\\/\\\/schema.org\",\"@graph\":[{\"@type\":\"Article\",\"@id\":\"https:\\\/\\\/www.italtel.com\\\/pt-br\\\/21-de-maio-dia-mundial-da-diversidade-cultural-para-o-dialogo-e-o-desenvolvimento\\\/#article\",\"isPartOf\":{\"@id\":\"https:\\\/\\\/www.italtel.com\\\/pt-br\\\/21-de-maio-dia-mundial-da-diversidade-cultural-para-o-dialogo-e-o-desenvolvimento\\\/\"},\"author\":{\"name\":\"Daniela Fontana\",\"@id\":\"https:\\\/\\\/www.italtel.com\\\/de\\\/#\\\/schema\\\/person\\\/38f315d5a978255f0cf320055bad5afe\"},\"headline\":\"21 de maio: Dia Mundial da Diversidade Cultural para o Di\u00e1logo e o Desenvolvimento\",\"datePublished\":\"2025-05-21T09:07:25+00:00\",\"dateModified\":\"2025-05-21T09:18:32+00:00\",\"mainEntityOfPage\":{\"@id\":\"https:\\\/\\\/www.italtel.com\\\/pt-br\\\/21-de-maio-dia-mundial-da-diversidade-cultural-para-o-dialogo-e-o-desenvolvimento\\\/\"},\"wordCount\":289,\"publisher\":{\"@id\":\"https:\\\/\\\/www.italtel.com\\\/de\\\/#organization\"},\"image\":{\"@id\":\"https:\\\/\\\/www.italtel.com\\\/pt-br\\\/21-de-maio-dia-mundial-da-diversidade-cultural-para-o-dialogo-e-o-desenvolvimento\\\/#primaryimage\"},\"thumbnailUrl\":\"https:\\\/\\\/www.italtel.com\\\/wp-content\\\/uploads\\\/2025\\\/05\\\/diversity-scaled.webp\",\"keywords\":[\"Company\",\"Diversity &amp; Inclusion\"],\"articleSection\":[\"News\"],\"inLanguage\":\"pt-BR\"},{\"@type\":\"WebPage\",\"@id\":\"https:\\\/\\\/www.italtel.com\\\/pt-br\\\/21-de-maio-dia-mundial-da-diversidade-cultural-para-o-dialogo-e-o-desenvolvimento\\\/\",\"url\":\"https:\\\/\\\/www.italtel.com\\\/pt-br\\\/21-de-maio-dia-mundial-da-diversidade-cultural-para-o-dialogo-e-o-desenvolvimento\\\/\",\"name\":\"21 de maio: Dia Mundial da Diversidade Cultural para o Di\u00e1logo e o Desenvolvimento - Italtel\",\"isPartOf\":{\"@id\":\"https:\\\/\\\/www.italtel.com\\\/de\\\/#website\"},\"primaryImageOfPage\":{\"@id\":\"https:\\\/\\\/www.italtel.com\\\/pt-br\\\/21-de-maio-dia-mundial-da-diversidade-cultural-para-o-dialogo-e-o-desenvolvimento\\\/#primaryimage\"},\"image\":{\"@id\":\"https:\\\/\\\/www.italtel.com\\\/pt-br\\\/21-de-maio-dia-mundial-da-diversidade-cultural-para-o-dialogo-e-o-desenvolvimento\\\/#primaryimage\"},\"thumbnailUrl\":\"https:\\\/\\\/www.italtel.com\\\/wp-content\\\/uploads\\\/2025\\\/05\\\/diversity-scaled.webp\",\"datePublished\":\"2025-05-21T09:07:25+00:00\",\"dateModified\":\"2025-05-21T09:18:32+00:00\",\"breadcrumb\":{\"@id\":\"https:\\\/\\\/www.italtel.com\\\/pt-br\\\/21-de-maio-dia-mundial-da-diversidade-cultural-para-o-dialogo-e-o-desenvolvimento\\\/#breadcrumb\"},\"inLanguage\":\"pt-BR\",\"potentialAction\":[{\"@type\":\"ReadAction\",\"target\":[\"https:\\\/\\\/www.italtel.com\\\/pt-br\\\/21-de-maio-dia-mundial-da-diversidade-cultural-para-o-dialogo-e-o-desenvolvimento\\\/\"]}]},{\"@type\":\"ImageObject\",\"inLanguage\":\"pt-BR\",\"@id\":\"https:\\\/\\\/www.italtel.com\\\/pt-br\\\/21-de-maio-dia-mundial-da-diversidade-cultural-para-o-dialogo-e-o-desenvolvimento\\\/#primaryimage\",\"url\":\"https:\\\/\\\/www.italtel.com\\\/wp-content\\\/uploads\\\/2025\\\/05\\\/diversity-scaled.webp\",\"contentUrl\":\"https:\\\/\\\/www.italtel.com\\\/wp-content\\\/uploads\\\/2025\\\/05\\\/diversity-scaled.webp\",\"width\":2560,\"height\":1707,\"caption\":\"May 21st: International Day for Cultural Diversity, Dialogue and Development\"},{\"@type\":\"BreadcrumbList\",\"@id\":\"https:\\\/\\\/www.italtel.com\\\/pt-br\\\/21-de-maio-dia-mundial-da-diversidade-cultural-para-o-dialogo-e-o-desenvolvimento\\\/#breadcrumb\",\"itemListElement\":[{\"@type\":\"ListItem\",\"position\":1,\"name\":\"Home\",\"item\":\"https:\\\/\\\/www.italtel.com\\\/pt-br\\\/\"},{\"@type\":\"ListItem\",\"position\":2,\"name\":\"21 de maio: Dia Mundial da Diversidade Cultural para o Di\u00e1logo e o Desenvolvimento\"}]},{\"@type\":\"WebSite\",\"@id\":\"https:\\\/\\\/www.italtel.com\\\/de\\\/#website\",\"url\":\"https:\\\/\\\/www.italtel.com\\\/de\\\/\",\"name\":\"Italtel\",\"description\":\"Italtel Group&#039;s company website\",\"publisher\":{\"@id\":\"https:\\\/\\\/www.italtel.com\\\/de\\\/#organization\"},\"potentialAction\":[{\"@type\":\"SearchAction\",\"target\":{\"@type\":\"EntryPoint\",\"urlTemplate\":\"https:\\\/\\\/www.italtel.com\\\/de\\\/?s={search_term_string}\"},\"query-input\":{\"@type\":\"PropertyValueSpecification\",\"valueRequired\":true,\"valueName\":\"search_term_string\"}}],\"inLanguage\":\"pt-BR\"},{\"@type\":\"Organization\",\"@id\":\"https:\\\/\\\/www.italtel.com\\\/de\\\/#organization\",\"name\":\"Italtel S.p.A.\",\"url\":\"https:\\\/\\\/www.italtel.com\\\/de\\\/\",\"logo\":{\"@type\":\"ImageObject\",\"inLanguage\":\"pt-BR\",\"@id\":\"https:\\\/\\\/www.italtel.com\\\/de\\\/#\\\/schema\\\/logo\\\/image\\\/\",\"url\":\"https:\\\/\\\/www.italtel.com\\\/wp-content\\\/uploads\\\/2024\\\/11\\\/Italtel_logo.png\",\"contentUrl\":\"https:\\\/\\\/www.italtel.com\\\/wp-content\\\/uploads\\\/2024\\\/11\\\/Italtel_logo.png\",\"width\":591,\"height\":139,\"caption\":\"Italtel S.p.A.\"},\"image\":{\"@id\":\"https:\\\/\\\/www.italtel.com\\\/de\\\/#\\\/schema\\\/logo\\\/image\\\/\"},\"sameAs\":[\"https:\\\/\\\/x.com\\\/Italtel\",\"https:\\\/\\\/www.linkedin.com\\\/company\\\/italtel\\\/\",\"https:\\\/\\\/www.instagram.com\\\/italtel_hq\\\/\"]},{\"@type\":\"Person\",\"@id\":\"https:\\\/\\\/www.italtel.com\\\/de\\\/#\\\/schema\\\/person\\\/38f315d5a978255f0cf320055bad5afe\",\"name\":\"Daniela Fontana\",\"image\":{\"@type\":\"ImageObject\",\"inLanguage\":\"pt-BR\",\"@id\":\"https:\\\/\\\/secure.gravatar.com\\\/avatar\\\/834a03b0c73144a8ca36e17dc365b3fbadb34c9e44399b609a00f2231e694f6a?s=96&d=mm&r=g\",\"url\":\"https:\\\/\\\/secure.gravatar.com\\\/avatar\\\/834a03b0c73144a8ca36e17dc365b3fbadb34c9e44399b609a00f2231e694f6a?s=96&d=mm&r=g\",\"contentUrl\":\"https:\\\/\\\/secure.gravatar.com\\\/avatar\\\/834a03b0c73144a8ca36e17dc365b3fbadb34c9e44399b609a00f2231e694f6a?s=96&d=mm&r=g\",\"caption\":\"Daniela Fontana\"}}]}<\/script>\n<!-- \/ Yoast SEO plugin. -->","yoast_head_json":{"title":"21 de maio: Dia Mundial da Diversidade Cultural para o Di\u00e1logo e o Desenvolvimento - Italtel","robots":{"index":"index","follow":"follow","max-snippet":"max-snippet:-1","max-image-preview":"max-image-preview:large","max-video-preview":"max-video-preview:-1"},"canonical":"https:\/\/www.italtel.com\/pt-br\/21-de-maio-dia-mundial-da-diversidade-cultural-para-o-dialogo-e-o-desenvolvimento\/","og_locale":"pt_BR","og_type":"article","og_title":"21 de maio: Dia Mundial da Diversidade Cultural para o Di\u00e1logo e o Desenvolvimento - Italtel","og_url":"https:\/\/www.italtel.com\/pt-br\/21-de-maio-dia-mundial-da-diversidade-cultural-para-o-dialogo-e-o-desenvolvimento\/","og_site_name":"Italtel","article_published_time":"2025-05-21T09:07:25+00:00","article_modified_time":"2025-05-21T09:18:32+00:00","og_image":[{"width":2560,"height":1707,"url":"https:\/\/www.italtel.com\/wp-content\/uploads\/2025\/05\/diversity-scaled.webp","type":"image\/webp"}],"author":"Daniela Fontana","twitter_card":"summary_large_image","twitter_creator":"@Italtel","twitter_site":"@Italtel","twitter_misc":{"Escrito por":"Daniela Fontana","Est. tempo de leitura":"2 minutos"},"schema":{"@context":"https:\/\/schema.org","@graph":[{"@type":"Article","@id":"https:\/\/www.italtel.com\/pt-br\/21-de-maio-dia-mundial-da-diversidade-cultural-para-o-dialogo-e-o-desenvolvimento\/#article","isPartOf":{"@id":"https:\/\/www.italtel.com\/pt-br\/21-de-maio-dia-mundial-da-diversidade-cultural-para-o-dialogo-e-o-desenvolvimento\/"},"author":{"name":"Daniela Fontana","@id":"https:\/\/www.italtel.com\/de\/#\/schema\/person\/38f315d5a978255f0cf320055bad5afe"},"headline":"21 de maio: Dia Mundial da Diversidade Cultural para o Di\u00e1logo e o Desenvolvimento","datePublished":"2025-05-21T09:07:25+00:00","dateModified":"2025-05-21T09:18:32+00:00","mainEntityOfPage":{"@id":"https:\/\/www.italtel.com\/pt-br\/21-de-maio-dia-mundial-da-diversidade-cultural-para-o-dialogo-e-o-desenvolvimento\/"},"wordCount":289,"publisher":{"@id":"https:\/\/www.italtel.com\/de\/#organization"},"image":{"@id":"https:\/\/www.italtel.com\/pt-br\/21-de-maio-dia-mundial-da-diversidade-cultural-para-o-dialogo-e-o-desenvolvimento\/#primaryimage"},"thumbnailUrl":"https:\/\/www.italtel.com\/wp-content\/uploads\/2025\/05\/diversity-scaled.webp","keywords":["Company","Diversity &amp; Inclusion"],"articleSection":["News"],"inLanguage":"pt-BR"},{"@type":"WebPage","@id":"https:\/\/www.italtel.com\/pt-br\/21-de-maio-dia-mundial-da-diversidade-cultural-para-o-dialogo-e-o-desenvolvimento\/","url":"https:\/\/www.italtel.com\/pt-br\/21-de-maio-dia-mundial-da-diversidade-cultural-para-o-dialogo-e-o-desenvolvimento\/","name":"21 de maio: Dia Mundial da Diversidade Cultural para o Di\u00e1logo e o Desenvolvimento - Italtel","isPartOf":{"@id":"https:\/\/www.italtel.com\/de\/#website"},"primaryImageOfPage":{"@id":"https:\/\/www.italtel.com\/pt-br\/21-de-maio-dia-mundial-da-diversidade-cultural-para-o-dialogo-e-o-desenvolvimento\/#primaryimage"},"image":{"@id":"https:\/\/www.italtel.com\/pt-br\/21-de-maio-dia-mundial-da-diversidade-cultural-para-o-dialogo-e-o-desenvolvimento\/#primaryimage"},"thumbnailUrl":"https:\/\/www.italtel.com\/wp-content\/uploads\/2025\/05\/diversity-scaled.webp","datePublished":"2025-05-21T09:07:25+00:00","dateModified":"2025-05-21T09:18:32+00:00","breadcrumb":{"@id":"https:\/\/www.italtel.com\/pt-br\/21-de-maio-dia-mundial-da-diversidade-cultural-para-o-dialogo-e-o-desenvolvimento\/#breadcrumb"},"inLanguage":"pt-BR","potentialAction":[{"@type":"ReadAction","target":["https:\/\/www.italtel.com\/pt-br\/21-de-maio-dia-mundial-da-diversidade-cultural-para-o-dialogo-e-o-desenvolvimento\/"]}]},{"@type":"ImageObject","inLanguage":"pt-BR","@id":"https:\/\/www.italtel.com\/pt-br\/21-de-maio-dia-mundial-da-diversidade-cultural-para-o-dialogo-e-o-desenvolvimento\/#primaryimage","url":"https:\/\/www.italtel.com\/wp-content\/uploads\/2025\/05\/diversity-scaled.webp","contentUrl":"https:\/\/www.italtel.com\/wp-content\/uploads\/2025\/05\/diversity-scaled.webp","width":2560,"height":1707,"caption":"May 21st: International Day for Cultural Diversity, Dialogue and Development"},{"@type":"BreadcrumbList","@id":"https:\/\/www.italtel.com\/pt-br\/21-de-maio-dia-mundial-da-diversidade-cultural-para-o-dialogo-e-o-desenvolvimento\/#breadcrumb","itemListElement":[{"@type":"ListItem","position":1,"name":"Home","item":"https:\/\/www.italtel.com\/pt-br\/"},{"@type":"ListItem","position":2,"name":"21 de maio: Dia Mundial da Diversidade Cultural para o Di\u00e1logo e o Desenvolvimento"}]},{"@type":"WebSite","@id":"https:\/\/www.italtel.com\/de\/#website","url":"https:\/\/www.italtel.com\/de\/","name":"Italtel","description":"Italtel Group&#039;s company website","publisher":{"@id":"https:\/\/www.italtel.com\/de\/#organization"},"potentialAction":[{"@type":"SearchAction","target":{"@type":"EntryPoint","urlTemplate":"https:\/\/www.italtel.com\/de\/?s={search_term_string}"},"query-input":{"@type":"PropertyValueSpecification","valueRequired":true,"valueName":"search_term_string"}}],"inLanguage":"pt-BR"},{"@type":"Organization","@id":"https:\/\/www.italtel.com\/de\/#organization","name":"Italtel S.p.A.","url":"https:\/\/www.italtel.com\/de\/","logo":{"@type":"ImageObject","inLanguage":"pt-BR","@id":"https:\/\/www.italtel.com\/de\/#\/schema\/logo\/image\/","url":"https:\/\/www.italtel.com\/wp-content\/uploads\/2024\/11\/Italtel_logo.png","contentUrl":"https:\/\/www.italtel.com\/wp-content\/uploads\/2024\/11\/Italtel_logo.png","width":591,"height":139,"caption":"Italtel S.p.A."},"image":{"@id":"https:\/\/www.italtel.com\/de\/#\/schema\/logo\/image\/"},"sameAs":["https:\/\/x.com\/Italtel","https:\/\/www.linkedin.com\/company\/italtel\/","https:\/\/www.instagram.com\/italtel_hq\/"]},{"@type":"Person","@id":"https:\/\/www.italtel.com\/de\/#\/schema\/person\/38f315d5a978255f0cf320055bad5afe","name":"Daniela Fontana","image":{"@type":"ImageObject","inLanguage":"pt-BR","@id":"https:\/\/secure.gravatar.com\/avatar\/834a03b0c73144a8ca36e17dc365b3fbadb34c9e44399b609a00f2231e694f6a?s=96&d=mm&r=g","url":"https:\/\/secure.gravatar.com\/avatar\/834a03b0c73144a8ca36e17dc365b3fbadb34c9e44399b609a00f2231e694f6a?s=96&d=mm&r=g","contentUrl":"https:\/\/secure.gravatar.com\/avatar\/834a03b0c73144a8ca36e17dc365b3fbadb34c9e44399b609a00f2231e694f6a?s=96&d=mm&r=g","caption":"Daniela Fontana"}}]}},"_links":{"self":[{"href":"https:\/\/www.italtel.com\/pt-br\/wp-json\/wp\/v2\/posts\/74543","targetHints":{"allow":["GET"]}}],"collection":[{"href":"https:\/\/www.italtel.com\/pt-br\/wp-json\/wp\/v2\/posts"}],"about":[{"href":"https:\/\/www.italtel.com\/pt-br\/wp-json\/wp\/v2\/types\/post"}],"author":[{"embeddable":true,"href":"https:\/\/www.italtel.com\/pt-br\/wp-json\/wp\/v2\/users\/6"}],"replies":[{"embeddable":true,"href":"https:\/\/www.italtel.com\/pt-br\/wp-json\/wp\/v2\/comments?post=74543"}],"version-history":[{"count":2,"href":"https:\/\/www.italtel.com\/pt-br\/wp-json\/wp\/v2\/posts\/74543\/revisions"}],"predecessor-version":[{"id":74545,"href":"https:\/\/www.italtel.com\/pt-br\/wp-json\/wp\/v2\/posts\/74543\/revisions\/74545"}],"wp:featuredmedia":[{"embeddable":true,"href":"https:\/\/www.italtel.com\/pt-br\/wp-json\/wp\/v2\/media\/74508"}],"wp:attachment":[{"href":"https:\/\/www.italtel.com\/pt-br\/wp-json\/wp\/v2\/media?parent=74543"}],"wp:term":[{"taxonomy":"category","embeddable":true,"href":"https:\/\/www.italtel.com\/pt-br\/wp-json\/wp\/v2\/categories?post=74543"},{"taxonomy":"post_tag","embeddable":true,"href":"https:\/\/www.italtel.com\/pt-br\/wp-json\/wp\/v2\/tags?post=74543"}],"curies":[{"name":"wp","href":"https:\/\/api.w.org\/{rel}","templated":true}]}}