{"id":82438,"date":"2026-04-28T11:41:29","date_gmt":"2026-04-28T09:41:29","guid":{"rendered":"https:\/\/www.italtel.com\/italtel-approves-its-2025-financial-statements\/"},"modified":"2026-04-28T17:18:07","modified_gmt":"2026-04-28T15:18:07","slug":"italtel-aprova-suas-demonstracoes-financeiras-de-2025","status":"publish","type":"post","link":"https:\/\/www.italtel.com\/pt-br\/italtel-aprova-suas-demonstracoes-financeiras-de-2025\/","title":{"rendered":"Italtel aprova suas Demonstra\u00e7\u00f5es Financeiras de 2025"},"content":{"rendered":"\n<div class=\"row\"  id=\"row-31352340\">\n\n\n\t<div id=\"col-991459358\" class=\"col medium-9 small-12 large-9\"  >\n\t\t\t\t<div class=\"col-inner\"  >\n\t\t\t\n\t\t\t\n\n\t<div id=\"gap-996379225\" class=\"gap-element clearfix\" style=\"display:block; height:auto;\">\n\t\t\n<style>\n#gap-996379225 {\n  padding-top: 10px;\n}\n<\/style>\n\t<\/div>\n\t\n\n\t<div id=\"text-2158276460\" class=\"text fontsize_18 color_black\">\n\t\t\n\n<h2 style=\"text-align: center;\"><strong>Receita de at\u00e9 273,3 milh\u00f5es de euros e EBITDA ajustado de 16,3 milh\u00f5es de euros (+56% em rela\u00e7\u00e3o ao ano anterior)<\/strong><\/h2>\n<ul>\n<li><strong>Melhor desempenho dos \u00faltimos anos, confirmando a solidez da jornada de transforma\u00e7\u00e3o iniciada em 2024<\/strong><\/li>\n<li>Na It\u00e1lia, o neg\u00f3cio <strong>Public &amp; Private cresceu 22%<\/strong>, enquanto o neg\u00f3cio de <strong>Telco &amp; Media aumentou 6%<\/strong><\/li>\n<li><strong>Forte desempenho no exterior (Europa e LATAM)<\/strong>, representando <strong>43% da receita total<\/strong>, com contribui\u00e7\u00e3o significativa da Alemanha e da Espanha<\/li>\n<li>A <strong>margem de contribui\u00e7\u00e3o aumentou para aproximadamente 21% (+1% em rela\u00e7\u00e3o ao ano anterior)<\/strong><\/li>\n<li>Posicionamento confirmado em <strong>Hybrid Cloud, redes de nova gera\u00e7\u00e3o, servi\u00e7os gerenciados avan\u00e7ados, ciberseguran\u00e7a e IA<\/strong><\/li>\n<\/ul>\n<p><strong>Mil\u00e3o, 28 de abril de 2026 \u2013<\/strong> A Assembleia de Acionistas da Italtel, realizada hoje sob a presid\u00eancia de Teo Luzi, aprovou as demonstra\u00e7\u00f5es financeiras do exerc\u00edcio encerrado em 2025.<\/p>\n<p>A Italtel encerrou 2025 com seus melhores resultados dos \u00faltimos anos, confirmando a solidez da trajet\u00f3ria de crescimento do Grupo. A receita totalizou 273,3 milh\u00f5es de euros, enquanto o EBITDA ajustado atingiu 16,3 milh\u00f5es de euros, evidenciando a efic\u00e1cia do plano de crescimento, a melhoria da rentabilidade e a capacidade da empresa de fortalecer ainda mais sua posi\u00e7\u00e3o competitiva.<\/p>\n<p>O desempenho do Grupo foi impulsionado principalmente pela It\u00e1lia, onde o segmento Public &amp; Private registrou receita de 86 milh\u00f5es de euros, alta de 22% em rela\u00e7\u00e3o ao ano anterior, enquanto o segmento Telco &amp; Media alcan\u00e7ou 71 milh\u00f5es de euros, um aumento de 6%. Ao longo do ano, a Italtel tamb\u00e9m ampliou sua base de clientes, conquistando novos contratos em setores-chave como transporte, bancos e m\u00eddia, al\u00e9m de fortalecer parcerias com operadoras de telecomunica\u00e7\u00f5es l\u00edderes por meio de solu\u00e7\u00f5es de alto valor baseadas em produtos pr\u00f3prios e capacidades diferenciadas de integra\u00e7\u00e3o de sistemas.<\/p>\n<p>Nos mercados internacionais, na regi\u00e3o EMEA, a Alemanha manteve um desempenho s\u00f3lido (+13% de crescimento de receita em rela\u00e7\u00e3o ao ano anterior e +1% de margem de contribui\u00e7\u00e3o). Na Espanha, gra\u00e7as a iniciativas de gest\u00e3o focadas em projetos de maior valor agregado e redu\u00e7\u00e3o de custos operacionais, a margem de contribui\u00e7\u00e3o aumentou 3,5% em rela\u00e7\u00e3o ao ano anterior.<\/p>\n<p>Na regi\u00e3o LATAM, o Brasil registrou crescimento de receita de +21% em rela\u00e7\u00e3o a 2024, apesar de um ambiente cambial desfavor\u00e1vel, dando continuidade \u00e0 sua estrat\u00e9gia de expans\u00e3o do portf\u00f3lio de clientes nos setores de Ind\u00fastria, Utilities, Bancos e Telecom. No Peru, a instabilidade pol\u00edtica em 2025 reduziu as oportunidades de neg\u00f3cios com administra\u00e7\u00f5es p\u00fablicas e impactou as receitas; ainda assim, a empresa conseguiu melhorar a rentabilidade.<\/p>\n<p>Em 2025, a Italtel tamb\u00e9m lan\u00e7ou um programa de renova\u00e7\u00e3o geracional voltado \u00e0 incorpora\u00e7\u00e3o de novas compet\u00eancias nas \u00e1reas tecnol\u00f3gicas mais avan\u00e7adas e ao fortalecimento do foco em temas estrat\u00e9gicos que apoiam a transforma\u00e7\u00e3o digital de operadoras, empresas e administra\u00e7\u00f5es p\u00fablicas.<\/p>\n<p>Com base em sua expertise e atividades de P&amp;D enraizadas na It\u00e1lia, a Italtel contribui de forma significativa para a soberania digital por meio do desenvolvimento e engenharia de solu\u00e7\u00f5es tecnol\u00f3gicas soberanas, que v\u00e3o de plataformas de colabora\u00e7\u00e3o a redes privadas de nova gera\u00e7\u00e3o, da IA aplicada na borda da rede a solu\u00e7\u00f5es de software open source integradas em infraestruturas de nuvem certificadas.<\/p>\n<p>Na \u00e1rea de ciberseguran\u00e7a, a Italtel fortaleceu seu posicionamento por meio de servi\u00e7os avan\u00e7ados prestados por seu Digital Operation Center, ao qual grandes empresas e operadoras confiam a prote\u00e7\u00e3o contra amea\u00e7as cibern\u00e9ticas e a gest\u00e3o de suas infraestruturas. Os Advanced Managed Services s\u00e3o prestados por uma equipe de cerca de 200 especialistas que atuam em tr\u00eas centros na It\u00e1lia, Espanha e Brasil. A cobertura global 24\/7 garante a r\u00e1pida dissemina\u00e7\u00e3o das melhores pr\u00e1ticas no combate ao crescente cen\u00e1rio de amea\u00e7as cibern\u00e9ticas.<\/p>\n<p>No que diz respeito \u00e0 IA, a Italtel desenvolveu projetos que apoiam processos internos e beneficiam clientes em \u00e1reas como automa\u00e7\u00e3o de redes, reconhecimento de imagens, mecanismos preditivos e an\u00e1lise avan\u00e7ada, com o objetivo de refor\u00e7ar seu papel ao lado dos clientes na evolu\u00e7\u00e3o de infraestruturas cr\u00edticas. Al\u00e9m disso, a empresa lan\u00e7ou iniciativas para integrar componentes de IA em seus produtos propriet\u00e1rios, um dos principais diferenciais competitivos da companhia.<\/p>\n<p>Em 2025, a empresa tamb\u00e9m deu continuidade ao seu compromisso com a sustentabilidade, melhorando seu impacto ambiental e mantendo iniciativas concretas em apoio \u00e0 igualdade de g\u00eanero.<\/p>\n\t\t\t<\/div>\n\t\n\t<div id=\"gap-666631516\" class=\"gap-element clearfix\" style=\"display:block; height:auto;\">\n\t\t\n<style>\n#gap-666631516 {\n  padding-top: 30px;\n}\n<\/style>\n\t<\/div>\n\t\n\n<div class=\"row row-collapse\"  id=\"row-850326095\">\n\n\n\t<div id=\"col-1722481119\" class=\"col medium-2 small-12 large-2\"  >\n\t\t\t\t<div class=\"col-inner\"  >\n\t\t\t\n\t\t\t\n\n\t<div class=\"img has-hover x md-x lg-x y md-y lg-y\" id=\"image_1118548402\">\n\t\t\t\t\t\t\t\t<div class=\"img-inner dark\" >\n\t\t\t<img loading=\"lazy\" decoding=\"async\" width=\"265\" height=\"265\" src=\"https:\/\/www.italtel.com\/wp-content\/uploads\/2026\/04\/filangieri.webp\" class=\"attachment-original size-original\" alt=\"Carlo Filangieri, CEO di Italtel\" srcset=\"https:\/\/www.italtel.com\/wp-content\/uploads\/2026\/04\/filangieri.webp 265w, https:\/\/www.italtel.com\/wp-content\/uploads\/2026\/04\/filangieri-150x150.webp 150w\" sizes=\"auto, (max-width: 265px) 100vw, 265px\" \/>\t\t\t\t\t\t\n\t\t\t\t\t<\/div>\n\t\t\t\t\t\t\t\t\n<style>\n#image_1118548402 {\n  width: 100%;\n}\n<\/style>\n\t<\/div>\n\t\n\n\n\t\t<\/div>\n\t\t\t\t\t<\/div>\n\n\t\n\n\t<div id=\"col-1141286418\" class=\"col medium-10 small-12 large-10\"  >\n\t\t\t\t<div class=\"col-inner\"  >\n\t\t\t\n\t\t\t\n\n\t<div id=\"text-3622774385\" class=\"text fontsize_200\">\n\t\t\n\n<p style=\"color: #04c5fe;\">\u201c<\/p>\n\t\t\t<\/div>\n\t\n\t<div id=\"text-1944988653\" class=\"text fontsize_18 color_black\">\n\t\t\n\n<p>\u201cOs resultados de 2025 confirmam a solidez do caminho que empreendemos e a capacidade da Italtel de criar valor em um ambiente de mercado complexo. Al\u00e9m do crescimento econ\u00f4mico, fortalecemos nosso papel como parceiro em algumas das prioridades que hoje s\u00e3o centrais para empresas e administra\u00e7\u00f5es p\u00fablicas: da soberania digital \u00e0 ciberseguran\u00e7a, do desenvolvimento de data centers \u00e0 redu\u00e7\u00e3o do consumo de energia por meio de solu\u00e7\u00f5es inovadoras, at\u00e9 a evolu\u00e7\u00e3o rumo a redes cada vez mais inteligentes e aut\u00f4nomas. Continuaremos a investir em compet\u00eancias, inova\u00e7\u00e3o e na qualidade da nossa oferta para apoiar nossos clientes em sua jornada de transforma\u00e7\u00e3o digital\u201d<\/p>\n\t\t\t<\/div>\n\t\n\t<div id=\"text-1681569121\" class=\"text fontsize_18 color_black\">\n\t\t\n\n<p>comentou <strong>Carlo Filangieri, CEO da Italtel<\/strong>.<\/p>\n\t\t\n<style>\n#text-1681569121 {\n  text-align: right;\n}\n<\/style>\n\t<\/div>\n\t\n\n\t\t<\/div>\n\t\t\t\t\n<style>\n#col-1141286418 > .col-inner {\n  padding: 0px 0px 0px 4rem;\n}\n<\/style>\n\t<\/div>\n\n\t\n\n<\/div>\n<div class=\"row row-collapse\"  id=\"row-924365893\">\n\n\n\t<div id=\"col-107033259\" class=\"col medium-2 small-12 large-2\"  >\n\t\t\t\t<div class=\"col-inner\"  >\n\t\t\t\n\t\t\t\n\n\t<div class=\"img has-hover x md-x lg-x y md-y lg-y\" id=\"image_524403363\">\n\t\t\t\t\t\t\t\t<div class=\"img-inner dark\" >\n\t\t\t<img loading=\"lazy\" decoding=\"async\" width=\"1668\" height=\"1668\" src=\"https:\/\/www.italtel.com\/wp-content\/uploads\/2025\/04\/Teo-luzi@2x.webp\" class=\"attachment-original size-original\" alt=\"\" srcset=\"https:\/\/www.italtel.com\/wp-content\/uploads\/2025\/04\/Teo-luzi@2x.webp 1668w, https:\/\/www.italtel.com\/wp-content\/uploads\/2025\/04\/Teo-luzi@2x-300x300.webp 300w, https:\/\/www.italtel.com\/wp-content\/uploads\/2025\/04\/Teo-luzi@2x-1024x1024.webp 1024w, https:\/\/www.italtel.com\/wp-content\/uploads\/2025\/04\/Teo-luzi@2x-150x150.webp 150w, https:\/\/www.italtel.com\/wp-content\/uploads\/2025\/04\/Teo-luzi@2x-768x768.webp 768w, https:\/\/www.italtel.com\/wp-content\/uploads\/2025\/04\/Teo-luzi@2x-1536x1536.webp 1536w\" sizes=\"auto, (max-width: 1668px) 100vw, 1668px\" \/>\t\t\t\t\t\t\n\t\t\t\t\t<\/div>\n\t\t\t\t\t\t\t\t\n<style>\n#image_524403363 {\n  width: 100%;\n}\n<\/style>\n\t<\/div>\n\t\n\n\n\t\t<\/div>\n\t\t\t\t\t<\/div>\n\n\t\n\n\t<div id=\"col-591142337\" class=\"col medium-10 small-12 large-10\"  >\n\t\t\t\t<div class=\"col-inner\"  >\n\t\t\t\n\t\t\t\n\n\t<div id=\"text-2987614956\" class=\"text fontsize_200\">\n\t\t\n\n<p style=\"color: #04c5fe;\">\u201c<\/p>\n\t\t\t<\/div>\n\t\n\t<div id=\"text-843123340\" class=\"text fontsize_18 color_black\">\n\t\t\n\n<p>\u201cA vis\u00e3o estrat\u00e9gica da Italtel est\u00e1 focada na inova\u00e7\u00e3o tecnol\u00f3gica como motor de crescimento para todo o pa\u00eds. Estamos cientes de que a ciberseguran\u00e7a e o uso da intelig\u00eancia artificial est\u00e3o se tornando temas cada vez mais centrais para empresas e administra\u00e7\u00f5es p\u00fablicas. Por isso, olhamos para o futuro com pragmatismo e estamos comprometidos em trabalhar em estreita colabora\u00e7\u00e3o com nossos clientes para garantir que suas infraestruturas digitais sejam eficientes, seguras e de ponta\u201d,<\/p>\n\t\t\t<\/div>\n\t\n\t<div id=\"text-1844107151\" class=\"text fontsize_18 color_black\">\n\t\t\n\n<p>comentou <strong>Teo Luzi, presidente da Italtel<\/strong>.<\/p>\n\t\t\n<style>\n#text-1844107151 {\n  text-align: right;\n}\n<\/style>\n\t<\/div>\n\t\n\n\t\t<\/div>\n\t\t\t\t\n<style>\n#col-591142337 > .col-inner {\n  padding: 0px 0px 0px 4rem;\n}\n<\/style>\n\t<\/div>\n\n\t\n\n<\/div>\n\n\t\t<\/div>\n\t\t\t\t\n<style>\n#col-991459358 > .col-inner {\n  padding: 6rem 11rem 0px 0px;\n}\n<\/style>\n\t<\/div>\n\n\t\n\n\t<div id=\"col-1987548417\" class=\"col sibebar_col medium-3 small-12 large-3\"  >\n\t\t<div class=\"is-sticky-column\"><div class=\"is-sticky-column__inner\">\t\t<div class=\"col-inner\"  >\n\t\t\t\n\t\t\t\n\n\t<div id=\"text-2074584746\" class=\"text fontsize_16 color_black fontweight_500\">\n\t\t\n\n<p>KEYWORDS<\/p>\n\t\t\t<\/div>\n\t\n<div class=\"is-divider divider clearfix\" style=\"margin-top:2rem;margin-bottom:2rem;max-width:100%;height:1px;background-color:rgba(112, 112, 112, 0.302);\"><\/div>\n\n\t<div id=\"text-1706732421\" class=\"text fontsize_18 color_black\">\n\t\t\n\n<p>FINANCIAL STATEMENTS 2025<\/p>\n\t\t\t<\/div>\n\t\n<div class=\"is-divider divider clearfix\" style=\"margin-top:2rem;margin-bottom:2rem;max-width:100%;height:1px;background-color:rgba(112, 112, 112, 0.302);\"><\/div>\n\n\t<div id=\"text-2836799915\" class=\"text fontsize_18 color_black\">\n\t\t\n\n<p>GROWTH PATH<\/p>\n\t\t\t<\/div>\n\t\n<div class=\"is-divider divider clearfix\" style=\"margin-top:2rem;margin-bottom:2rem;max-width:100%;height:1px;background-color:rgba(112, 112, 112, 0.302);\"><\/div>\n\n\t<div id=\"text-3845642341\" class=\"text fontsize_18 color_black\">\n\t\t\n\n<p>COMPANY SOLIDITY<\/p>\n\t\t\t<\/div>\n\t\n<div class=\"is-divider divider clearfix\" style=\"margin-top:2rem;margin-bottom:2rem;max-width:100%;height:1px;background-color:rgba(112, 112, 112, 0.302);\"><\/div>\n\n\t<div id=\"text-3949662543\" class=\"text fontsize_18 color_black\">\n\t\t\n\n<p>EXPANDED CUSTOMER BASE<\/p>\n\t\t\t<\/div>\n\t\n<div class=\"is-divider divider clearfix\" style=\"margin-top:2rem;margin-bottom:2rem;max-width:100%;height:1px;background-color:rgba(112, 112, 112, 0.302);\"><\/div>\n\n\t<div id=\"gap-833882278\" class=\"gap-element clearfix\" style=\"display:block; height:auto;\">\n\t\t\n<style>\n#gap-833882278 {\n  padding-top: 13rem;\n}\n<\/style>\n\t<\/div>\n\t\n\n\t<div id=\"text-454441659\" class=\"text fontsize_16 color_black fontweight_500\">\n\t\t\n\n<p>DOCUMENTS<\/p>\n\t\t\t<\/div>\n\t\n<div class=\"is-divider divider clearfix\" style=\"margin-top:2rem;margin-bottom:2rem;max-width:100%;height:1px;background-color:rgba(112, 112, 112, 0.302);\"><\/div>\n\n\t<div id=\"text-3400566874\" class=\"text fontsize_18 color_black\">\n\t\t\n\n<p><a href=\"https:\/\/www.italtel.com\/wp-content\/uploads\/2026\/04\/PR-Italtel-Annual-Report-2025.pdf\" target=\"_blank\" rel=\"noopener\">PRESS RELEASE (IN ENGLISH)<\/a><\/p>\n\n\t\t\t<\/div>\n\t\n<div class=\"is-divider divider clearfix\" style=\"margin-top:2rem;margin-bottom:2rem;max-width:100%;height:1px;background-color:rgba(112, 112, 112, 0.302);\"><\/div>\n\n\t<div id=\"gap-1102180372\" class=\"gap-element clearfix\" style=\"display:block; height:auto;\">\n\t\t\n<style>\n#gap-1102180372 {\n  padding-top: 13rem;\n}\n<\/style>\n\t<\/div>\n\t\n\n\t<div id=\"text-2938937538\" class=\"text fontsize_16 color_black fontweight_500\">\n\t\t\n\nSHARE THE PAGE\n\t\t\t<\/div>\n\t\n<div class=\"is-divider divider clearfix\" style=\"margin-top:2rem;margin-bottom:2rem;max-width:100%;height:1px;background-color:rgba(112, 112, 112, 0.302);\"><\/div>\n\n\t<div class=\"img has-hover socialshare_icon linkedin x md-x lg-x y md-y lg-y\" id=\"image_16458582\">\n\t\t\t\t\t\t\t\t<div class=\"img-inner dark\" >\n\t\t\t<img loading=\"lazy\" decoding=\"async\" width=\"1\" height=\"1\" src=\"https:\/\/www.italtel.com\/wp-content\/uploads\/2024\/09\/Linkedin-icon.svg\" class=\"attachment-large size-large\" alt=\"Linkedin-icon\" \/>\t\t\t\t\t\t\n\t\t\t\t\t<\/div>\n\t\t\t\t\t\t\t\t\n<style>\n#image_16458582 {\n  width: 100%;\n}\n<\/style>\n\t<\/div>\n\t\n\n\t<div class=\"img has-hover socialshare_icon instagram x md-x lg-x y md-y lg-y\" id=\"image_1235356916\">\n\t\t\t\t\t\t\t\t<div class=\"img-inner dark\" >\n\t\t\t<img loading=\"lazy\" decoding=\"async\" width=\"27\" height=\"27\" src=\"https:\/\/www.italtel.com\/wp-content\/uploads\/2024\/07\/Raggruppa-12942.png\" class=\"attachment-large size-large\" alt=\"Instagram icon\" \/>\t\t\t\t\t\t\n\t\t\t\t\t<\/div>\n\t\t\t\t\t\t\t\t\n<style>\n#image_1235356916 {\n  width: 100%;\n}\n<\/style>\n\t<\/div>\n\t\n\n\t<div class=\"img has-hover socialshare_icon ex x md-x lg-x y md-y lg-y\" id=\"image_1169627440\">\n\t\t\t\t\t\t\t\t<div class=\"img-inner dark\" >\n\t\t\t<img loading=\"lazy\" decoding=\"async\" width=\"1\" height=\"1\" src=\"https:\/\/www.italtel.com\/wp-content\/uploads\/2024\/09\/X-icon.svg\" class=\"attachment-large size-large\" alt=\"X-icon\" \/>\t\t\t\t\t\t\n\t\t\t\t\t<\/div>\n\t\t\t\t\t\t\t\t\n<style>\n#image_1169627440 {\n  width: 100%;\n}\n<\/style>\n\t<\/div>\n\t\n\n\n\t\t<\/div>\n\t\t<\/div><\/div>\t\t\n<style>\n#col-1987548417 > .is-sticky-column > .is-sticky-column__inner > .col-inner {\n  padding: 6rem 0px 0px 0px;\n}\n<\/style>\n\t<\/div>\n\n\t\n\n<\/div>\n\n","protected":false},"excerpt":{"rendered":"","protected":false},"author":6,"featured_media":59057,"comment_status":"closed","ping_status":"closed","sticky":false,"template":"","format":"standard","meta":{"footnotes":""},"categories":[955],"tags":[956],"class_list":["post-82438","post","type-post","status-publish","format-standard","has-post-thumbnail","hentry","category-press-release-pt-br","tag-company-pt-br"],"yoast_head":"<!-- This site is optimized with the Yoast SEO plugin v27.4 - https:\/\/yoast.com\/product\/yoast-seo-wordpress\/ -->\n<title>Italtel aprova suas Demonstra\u00e7\u00f5es Financeiras de 2025 - Italtel<\/title>\n<meta name=\"description\" content=\"A Assembleia de Acionistas da Italtel aprovou as demonstra\u00e7\u00f5es financeiras do exerc\u00edcio encerrado em 2025. A Italtel encerrou 2025 com seus melhores resultados dos \u00faltimos anos, confirmando a solidez da trajet\u00f3ria de crescimento do Grupo.\" \/>\n<meta name=\"robots\" content=\"index, follow, max-snippet:-1, max-image-preview:large, max-video-preview:-1\" \/>\n<link rel=\"canonical\" href=\"https:\/\/www.italtel.com\/pt-br\/italtel-aprova-suas-demonstracoes-financeiras-de-2025\/\" \/>\n<meta property=\"og:locale\" content=\"pt_BR\" \/>\n<meta property=\"og:type\" content=\"article\" \/>\n<meta property=\"og:title\" content=\"Italtel aprova suas Demonstra\u00e7\u00f5es Financeiras de 2025 - Italtel\" \/>\n<meta property=\"og:description\" content=\"A Assembleia de Acionistas da Italtel aprovou as demonstra\u00e7\u00f5es financeiras do exerc\u00edcio encerrado em 2025. A Italtel encerrou 2025 com seus melhores resultados dos \u00faltimos anos, confirmando a solidez da trajet\u00f3ria de crescimento do Grupo.\" \/>\n<meta property=\"og:url\" content=\"https:\/\/www.italtel.com\/pt-br\/italtel-aprova-suas-demonstracoes-financeiras-de-2025\/\" \/>\n<meta property=\"og:site_name\" content=\"Italtel\" \/>\n<meta property=\"article:published_time\" content=\"2026-04-28T09:41:29+00:00\" \/>\n<meta property=\"article:modified_time\" content=\"2026-04-28T15:18:07+00:00\" \/>\n<meta property=\"og:image\" content=\"https:\/\/www.italtel.com\/wp-content\/uploads\/2024\/07\/Gruppo-di-maschere-16.jpg\" \/>\n\t<meta property=\"og:image:width\" content=\"1362\" \/>\n\t<meta property=\"og:image:height\" content=\"650\" \/>\n\t<meta property=\"og:image:type\" content=\"image\/jpeg\" \/>\n<meta name=\"author\" content=\"Daniela Fontana\" \/>\n<meta name=\"twitter:card\" content=\"summary_large_image\" \/>\n<meta name=\"twitter:creator\" content=\"@Italtel\" \/>\n<meta name=\"twitter:site\" content=\"@Italtel\" \/>\n<meta name=\"twitter:label1\" content=\"Escrito por\" \/>\n\t<meta name=\"twitter:data1\" content=\"Daniela Fontana\" \/>\n\t<meta name=\"twitter:label2\" content=\"Est. tempo de leitura\" \/>\n\t<meta name=\"twitter:data2\" content=\"5 minutos\" \/>\n<script type=\"application\/ld+json\" class=\"yoast-schema-graph\">{\"@context\":\"https:\\\/\\\/schema.org\",\"@graph\":[{\"@type\":\"Article\",\"@id\":\"https:\\\/\\\/www.italtel.com\\\/pt-br\\\/italtel-aprova-suas-demonstracoes-financeiras-de-2025\\\/#article\",\"isPartOf\":{\"@id\":\"https:\\\/\\\/www.italtel.com\\\/pt-br\\\/italtel-aprova-suas-demonstracoes-financeiras-de-2025\\\/\"},\"author\":{\"name\":\"Daniela Fontana\",\"@id\":\"https:\\\/\\\/www.italtel.com\\\/de\\\/#\\\/schema\\\/person\\\/38f315d5a978255f0cf320055bad5afe\"},\"headline\":\"Italtel aprova suas Demonstra\u00e7\u00f5es Financeiras de 2025\",\"datePublished\":\"2026-04-28T09:41:29+00:00\",\"dateModified\":\"2026-04-28T15:18:07+00:00\",\"mainEntityOfPage\":{\"@id\":\"https:\\\/\\\/www.italtel.com\\\/pt-br\\\/italtel-aprova-suas-demonstracoes-financeiras-de-2025\\\/\"},\"wordCount\":1304,\"publisher\":{\"@id\":\"https:\\\/\\\/www.italtel.com\\\/de\\\/#organization\"},\"image\":{\"@id\":\"https:\\\/\\\/www.italtel.com\\\/pt-br\\\/italtel-aprova-suas-demonstracoes-financeiras-de-2025\\\/#primaryimage\"},\"thumbnailUrl\":\"https:\\\/\\\/www.italtel.com\\\/wp-content\\\/uploads\\\/2024\\\/07\\\/Gruppo-di-maschere-16.jpg\",\"keywords\":[\"Company\"],\"articleSection\":[\"Press release\"],\"inLanguage\":\"pt-BR\"},{\"@type\":\"WebPage\",\"@id\":\"https:\\\/\\\/www.italtel.com\\\/pt-br\\\/italtel-aprova-suas-demonstracoes-financeiras-de-2025\\\/\",\"url\":\"https:\\\/\\\/www.italtel.com\\\/pt-br\\\/italtel-aprova-suas-demonstracoes-financeiras-de-2025\\\/\",\"name\":\"Italtel aprova suas Demonstra\u00e7\u00f5es Financeiras de 2025 - Italtel\",\"isPartOf\":{\"@id\":\"https:\\\/\\\/www.italtel.com\\\/de\\\/#website\"},\"primaryImageOfPage\":{\"@id\":\"https:\\\/\\\/www.italtel.com\\\/pt-br\\\/italtel-aprova-suas-demonstracoes-financeiras-de-2025\\\/#primaryimage\"},\"image\":{\"@id\":\"https:\\\/\\\/www.italtel.com\\\/pt-br\\\/italtel-aprova-suas-demonstracoes-financeiras-de-2025\\\/#primaryimage\"},\"thumbnailUrl\":\"https:\\\/\\\/www.italtel.com\\\/wp-content\\\/uploads\\\/2024\\\/07\\\/Gruppo-di-maschere-16.jpg\",\"datePublished\":\"2026-04-28T09:41:29+00:00\",\"dateModified\":\"2026-04-28T15:18:07+00:00\",\"description\":\"A Assembleia de Acionistas da Italtel aprovou as demonstra\u00e7\u00f5es financeiras do exerc\u00edcio encerrado em 2025. A Italtel encerrou 2025 com seus melhores resultados dos \u00faltimos anos, confirmando a solidez da trajet\u00f3ria de crescimento do Grupo.\",\"breadcrumb\":{\"@id\":\"https:\\\/\\\/www.italtel.com\\\/pt-br\\\/italtel-aprova-suas-demonstracoes-financeiras-de-2025\\\/#breadcrumb\"},\"inLanguage\":\"pt-BR\",\"potentialAction\":[{\"@type\":\"ReadAction\",\"target\":[\"https:\\\/\\\/www.italtel.com\\\/pt-br\\\/italtel-aprova-suas-demonstracoes-financeiras-de-2025\\\/\"]}]},{\"@type\":\"ImageObject\",\"inLanguage\":\"pt-BR\",\"@id\":\"https:\\\/\\\/www.italtel.com\\\/pt-br\\\/italtel-aprova-suas-demonstracoes-financeiras-de-2025\\\/#primaryimage\",\"url\":\"https:\\\/\\\/www.italtel.com\\\/wp-content\\\/uploads\\\/2024\\\/07\\\/Gruppo-di-maschere-16.jpg\",\"contentUrl\":\"https:\\\/\\\/www.italtel.com\\\/wp-content\\\/uploads\\\/2024\\\/07\\\/Gruppo-di-maschere-16.jpg\",\"width\":1362,\"height\":650},{\"@type\":\"BreadcrumbList\",\"@id\":\"https:\\\/\\\/www.italtel.com\\\/pt-br\\\/italtel-aprova-suas-demonstracoes-financeiras-de-2025\\\/#breadcrumb\",\"itemListElement\":[{\"@type\":\"ListItem\",\"position\":1,\"name\":\"Home\",\"item\":\"https:\\\/\\\/www.italtel.com\\\/pt-br\\\/\"},{\"@type\":\"ListItem\",\"position\":2,\"name\":\"Italtel aprova suas Demonstra\u00e7\u00f5es Financeiras de 2025\"}]},{\"@type\":\"WebSite\",\"@id\":\"https:\\\/\\\/www.italtel.com\\\/de\\\/#website\",\"url\":\"https:\\\/\\\/www.italtel.com\\\/de\\\/\",\"name\":\"Italtel\",\"description\":\"Italtel Group&#039;s company website\",\"publisher\":{\"@id\":\"https:\\\/\\\/www.italtel.com\\\/de\\\/#organization\"},\"potentialAction\":[{\"@type\":\"SearchAction\",\"target\":{\"@type\":\"EntryPoint\",\"urlTemplate\":\"https:\\\/\\\/www.italtel.com\\\/de\\\/?s={search_term_string}\"},\"query-input\":{\"@type\":\"PropertyValueSpecification\",\"valueRequired\":true,\"valueName\":\"search_term_string\"}}],\"inLanguage\":\"pt-BR\"},{\"@type\":\"Organization\",\"@id\":\"https:\\\/\\\/www.italtel.com\\\/de\\\/#organization\",\"name\":\"Italtel S.p.A.\",\"url\":\"https:\\\/\\\/www.italtel.com\\\/de\\\/\",\"logo\":{\"@type\":\"ImageObject\",\"inLanguage\":\"pt-BR\",\"@id\":\"https:\\\/\\\/www.italtel.com\\\/de\\\/#\\\/schema\\\/logo\\\/image\\\/\",\"url\":\"https:\\\/\\\/www.italtel.com\\\/wp-content\\\/uploads\\\/2024\\\/11\\\/Italtel_logo.png\",\"contentUrl\":\"https:\\\/\\\/www.italtel.com\\\/wp-content\\\/uploads\\\/2024\\\/11\\\/Italtel_logo.png\",\"width\":591,\"height\":139,\"caption\":\"Italtel S.p.A.\"},\"image\":{\"@id\":\"https:\\\/\\\/www.italtel.com\\\/de\\\/#\\\/schema\\\/logo\\\/image\\\/\"},\"sameAs\":[\"https:\\\/\\\/x.com\\\/Italtel\",\"https:\\\/\\\/www.linkedin.com\\\/company\\\/italtel\\\/\",\"https:\\\/\\\/www.instagram.com\\\/italtel_hq\\\/\"]},{\"@type\":\"Person\",\"@id\":\"https:\\\/\\\/www.italtel.com\\\/de\\\/#\\\/schema\\\/person\\\/38f315d5a978255f0cf320055bad5afe\",\"name\":\"Daniela Fontana\",\"image\":{\"@type\":\"ImageObject\",\"inLanguage\":\"pt-BR\",\"@id\":\"https:\\\/\\\/secure.gravatar.com\\\/avatar\\\/834a03b0c73144a8ca36e17dc365b3fbadb34c9e44399b609a00f2231e694f6a?s=96&d=mm&r=g\",\"url\":\"https:\\\/\\\/secure.gravatar.com\\\/avatar\\\/834a03b0c73144a8ca36e17dc365b3fbadb34c9e44399b609a00f2231e694f6a?s=96&d=mm&r=g\",\"contentUrl\":\"https:\\\/\\\/secure.gravatar.com\\\/avatar\\\/834a03b0c73144a8ca36e17dc365b3fbadb34c9e44399b609a00f2231e694f6a?s=96&d=mm&r=g\",\"caption\":\"Daniela Fontana\"}}]}<\/script>\n<!-- \/ Yoast SEO plugin. -->","yoast_head_json":{"title":"Italtel aprova suas Demonstra\u00e7\u00f5es Financeiras de 2025 - Italtel","description":"A Assembleia de Acionistas da Italtel aprovou as demonstra\u00e7\u00f5es financeiras do exerc\u00edcio encerrado em 2025. A Italtel encerrou 2025 com seus melhores resultados dos \u00faltimos anos, confirmando a solidez da trajet\u00f3ria de crescimento do Grupo.","robots":{"index":"index","follow":"follow","max-snippet":"max-snippet:-1","max-image-preview":"max-image-preview:large","max-video-preview":"max-video-preview:-1"},"canonical":"https:\/\/www.italtel.com\/pt-br\/italtel-aprova-suas-demonstracoes-financeiras-de-2025\/","og_locale":"pt_BR","og_type":"article","og_title":"Italtel aprova suas Demonstra\u00e7\u00f5es Financeiras de 2025 - Italtel","og_description":"A Assembleia de Acionistas da Italtel aprovou as demonstra\u00e7\u00f5es financeiras do exerc\u00edcio encerrado em 2025. A Italtel encerrou 2025 com seus melhores resultados dos \u00faltimos anos, confirmando a solidez da trajet\u00f3ria de crescimento do Grupo.","og_url":"https:\/\/www.italtel.com\/pt-br\/italtel-aprova-suas-demonstracoes-financeiras-de-2025\/","og_site_name":"Italtel","article_published_time":"2026-04-28T09:41:29+00:00","article_modified_time":"2026-04-28T15:18:07+00:00","og_image":[{"width":1362,"height":650,"url":"https:\/\/www.italtel.com\/wp-content\/uploads\/2024\/07\/Gruppo-di-maschere-16.jpg","type":"image\/jpeg"}],"author":"Daniela Fontana","twitter_card":"summary_large_image","twitter_creator":"@Italtel","twitter_site":"@Italtel","twitter_misc":{"Escrito por":"Daniela Fontana","Est. tempo de leitura":"5 minutos"},"schema":{"@context":"https:\/\/schema.org","@graph":[{"@type":"Article","@id":"https:\/\/www.italtel.com\/pt-br\/italtel-aprova-suas-demonstracoes-financeiras-de-2025\/#article","isPartOf":{"@id":"https:\/\/www.italtel.com\/pt-br\/italtel-aprova-suas-demonstracoes-financeiras-de-2025\/"},"author":{"name":"Daniela Fontana","@id":"https:\/\/www.italtel.com\/de\/#\/schema\/person\/38f315d5a978255f0cf320055bad5afe"},"headline":"Italtel aprova suas Demonstra\u00e7\u00f5es Financeiras de 2025","datePublished":"2026-04-28T09:41:29+00:00","dateModified":"2026-04-28T15:18:07+00:00","mainEntityOfPage":{"@id":"https:\/\/www.italtel.com\/pt-br\/italtel-aprova-suas-demonstracoes-financeiras-de-2025\/"},"wordCount":1304,"publisher":{"@id":"https:\/\/www.italtel.com\/de\/#organization"},"image":{"@id":"https:\/\/www.italtel.com\/pt-br\/italtel-aprova-suas-demonstracoes-financeiras-de-2025\/#primaryimage"},"thumbnailUrl":"https:\/\/www.italtel.com\/wp-content\/uploads\/2024\/07\/Gruppo-di-maschere-16.jpg","keywords":["Company"],"articleSection":["Press release"],"inLanguage":"pt-BR"},{"@type":"WebPage","@id":"https:\/\/www.italtel.com\/pt-br\/italtel-aprova-suas-demonstracoes-financeiras-de-2025\/","url":"https:\/\/www.italtel.com\/pt-br\/italtel-aprova-suas-demonstracoes-financeiras-de-2025\/","name":"Italtel aprova suas Demonstra\u00e7\u00f5es Financeiras de 2025 - Italtel","isPartOf":{"@id":"https:\/\/www.italtel.com\/de\/#website"},"primaryImageOfPage":{"@id":"https:\/\/www.italtel.com\/pt-br\/italtel-aprova-suas-demonstracoes-financeiras-de-2025\/#primaryimage"},"image":{"@id":"https:\/\/www.italtel.com\/pt-br\/italtel-aprova-suas-demonstracoes-financeiras-de-2025\/#primaryimage"},"thumbnailUrl":"https:\/\/www.italtel.com\/wp-content\/uploads\/2024\/07\/Gruppo-di-maschere-16.jpg","datePublished":"2026-04-28T09:41:29+00:00","dateModified":"2026-04-28T15:18:07+00:00","description":"A Assembleia de Acionistas da Italtel aprovou as demonstra\u00e7\u00f5es financeiras do exerc\u00edcio encerrado em 2025. A Italtel encerrou 2025 com seus melhores resultados dos \u00faltimos anos, confirmando a solidez da trajet\u00f3ria de crescimento do Grupo.","breadcrumb":{"@id":"https:\/\/www.italtel.com\/pt-br\/italtel-aprova-suas-demonstracoes-financeiras-de-2025\/#breadcrumb"},"inLanguage":"pt-BR","potentialAction":[{"@type":"ReadAction","target":["https:\/\/www.italtel.com\/pt-br\/italtel-aprova-suas-demonstracoes-financeiras-de-2025\/"]}]},{"@type":"ImageObject","inLanguage":"pt-BR","@id":"https:\/\/www.italtel.com\/pt-br\/italtel-aprova-suas-demonstracoes-financeiras-de-2025\/#primaryimage","url":"https:\/\/www.italtel.com\/wp-content\/uploads\/2024\/07\/Gruppo-di-maschere-16.jpg","contentUrl":"https:\/\/www.italtel.com\/wp-content\/uploads\/2024\/07\/Gruppo-di-maschere-16.jpg","width":1362,"height":650},{"@type":"BreadcrumbList","@id":"https:\/\/www.italtel.com\/pt-br\/italtel-aprova-suas-demonstracoes-financeiras-de-2025\/#breadcrumb","itemListElement":[{"@type":"ListItem","position":1,"name":"Home","item":"https:\/\/www.italtel.com\/pt-br\/"},{"@type":"ListItem","position":2,"name":"Italtel aprova suas Demonstra\u00e7\u00f5es Financeiras de 2025"}]},{"@type":"WebSite","@id":"https:\/\/www.italtel.com\/de\/#website","url":"https:\/\/www.italtel.com\/de\/","name":"Italtel","description":"Italtel Group&#039;s company website","publisher":{"@id":"https:\/\/www.italtel.com\/de\/#organization"},"potentialAction":[{"@type":"SearchAction","target":{"@type":"EntryPoint","urlTemplate":"https:\/\/www.italtel.com\/de\/?s={search_term_string}"},"query-input":{"@type":"PropertyValueSpecification","valueRequired":true,"valueName":"search_term_string"}}],"inLanguage":"pt-BR"},{"@type":"Organization","@id":"https:\/\/www.italtel.com\/de\/#organization","name":"Italtel S.p.A.","url":"https:\/\/www.italtel.com\/de\/","logo":{"@type":"ImageObject","inLanguage":"pt-BR","@id":"https:\/\/www.italtel.com\/de\/#\/schema\/logo\/image\/","url":"https:\/\/www.italtel.com\/wp-content\/uploads\/2024\/11\/Italtel_logo.png","contentUrl":"https:\/\/www.italtel.com\/wp-content\/uploads\/2024\/11\/Italtel_logo.png","width":591,"height":139,"caption":"Italtel S.p.A."},"image":{"@id":"https:\/\/www.italtel.com\/de\/#\/schema\/logo\/image\/"},"sameAs":["https:\/\/x.com\/Italtel","https:\/\/www.linkedin.com\/company\/italtel\/","https:\/\/www.instagram.com\/italtel_hq\/"]},{"@type":"Person","@id":"https:\/\/www.italtel.com\/de\/#\/schema\/person\/38f315d5a978255f0cf320055bad5afe","name":"Daniela Fontana","image":{"@type":"ImageObject","inLanguage":"pt-BR","@id":"https:\/\/secure.gravatar.com\/avatar\/834a03b0c73144a8ca36e17dc365b3fbadb34c9e44399b609a00f2231e694f6a?s=96&d=mm&r=g","url":"https:\/\/secure.gravatar.com\/avatar\/834a03b0c73144a8ca36e17dc365b3fbadb34c9e44399b609a00f2231e694f6a?s=96&d=mm&r=g","contentUrl":"https:\/\/secure.gravatar.com\/avatar\/834a03b0c73144a8ca36e17dc365b3fbadb34c9e44399b609a00f2231e694f6a?s=96&d=mm&r=g","caption":"Daniela Fontana"}}]}},"_links":{"self":[{"href":"https:\/\/www.italtel.com\/pt-br\/wp-json\/wp\/v2\/posts\/82438","targetHints":{"allow":["GET"]}}],"collection":[{"href":"https:\/\/www.italtel.com\/pt-br\/wp-json\/wp\/v2\/posts"}],"about":[{"href":"https:\/\/www.italtel.com\/pt-br\/wp-json\/wp\/v2\/types\/post"}],"author":[{"embeddable":true,"href":"https:\/\/www.italtel.com\/pt-br\/wp-json\/wp\/v2\/users\/6"}],"replies":[{"embeddable":true,"href":"https:\/\/www.italtel.com\/pt-br\/wp-json\/wp\/v2\/comments?post=82438"}],"version-history":[{"count":4,"href":"https:\/\/www.italtel.com\/pt-br\/wp-json\/wp\/v2\/posts\/82438\/revisions"}],"predecessor-version":[{"id":82442,"href":"https:\/\/www.italtel.com\/pt-br\/wp-json\/wp\/v2\/posts\/82438\/revisions\/82442"}],"wp:featuredmedia":[{"embeddable":true,"href":"https:\/\/www.italtel.com\/pt-br\/wp-json\/wp\/v2\/media\/59057"}],"wp:attachment":[{"href":"https:\/\/www.italtel.com\/pt-br\/wp-json\/wp\/v2\/media?parent=82438"}],"wp:term":[{"taxonomy":"category","embeddable":true,"href":"https:\/\/www.italtel.com\/pt-br\/wp-json\/wp\/v2\/categories?post=82438"},{"taxonomy":"post_tag","embeddable":true,"href":"https:\/\/www.italtel.com\/pt-br\/wp-json\/wp\/v2\/tags?post=82438"}],"curies":[{"name":"wp","href":"https:\/\/api.w.org\/{rel}","templated":true}]}}